{"id":11528,"date":"2019-11-26T08:37:13","date_gmt":"2019-11-26T07:37:13","guid":{"rendered":"http:\/\/agora.xtec.cat\/ceipsantjordi-massanet\/?p=11528"},"modified":"2019-11-26T08:37:13","modified_gmt":"2019-11-26T07:37:13","slug":"25n-dia-internacional-de-la-no-violencia-de-genere","status":"publish","type":"post","link":"https:\/\/agora.xtec.cat\/ceipsantjordi-massanet\/portada\/25n-dia-internacional-de-la-no-violencia-de-genere\/","title":{"rendered":"25N Dia Internacional de la no viol\u00e8ncia de g\u00e8nere"},"content":{"rendered":"<p>https:\/\/www.youtube.com\/watch?v=Sp-IcGJ2WSE<\/p>\n<p>Ahir vam recordar una data important: el 25 de novembre, Dia Internacional de la NO viol\u00e8ncia de g\u00e8nere. Des d&#8217;aqu\u00ed, ens volem afegir a la campanya: NOM\u00c9S S\u00cd ES S\u00cd!<br \/>\nAgra\u00efm molt\u00edssim a la regidoria d&#8217;ensenyament del nostre Ajuntament que ens hagin pogut aconseguir les polseres. La can\u00e7\u00f3 que acompanya aquestes imatges \u00e9s LA PUERTA VIOLETA, de la cantant Rozal\u00e9n. Esperem que us agradi! <\/p>\n","protected":false},"excerpt":{"rendered":"<p>https:\/\/www.youtube.com\/watch?v=Sp-IcGJ2WSE<br \/>\nAhir vam recordar una data important: el 25 de novembre, Dia Internacional de la NO viol\u00e8ncia de g\u00e8nere. Des d&#8217;aqu\u00ed, ens volem afegir a la campanya: NOM\u00c9S S\u00cd ES S\u00cd!<br \/>\nAgra\u00efm molt\u00edssim a la regidoria d&#8217;ensenyament del nostre Ajuntament que ens hagin pogut aconseguir les polseres.&hellip;  <a href=\"https:\/\/agora.xtec.cat\/ceipsantjordi-massanet\/portada\/25n-dia-internacional-de-la-no-violencia-de-genere\/\" title=\"Read 25N Dia Internacional de la no viol\u00e8ncia de g\u00e8nere\">Llegeix m\u00e9s\u00bb<\/a><\/p>\n","protected":false},"author":4,"featured_media":11530,"comment_status":"open","ping_status":"closed","sticky":false,"template":"","format":"standard","meta":{"_bbp_topic_count":0,"_bbp_reply_count":0,"_bbp_total_topic_count":0,"_bbp_total_reply_count":0,"_bbp_voice_count":0,"_bbp_anonymous_reply_count":0,"_bbp_topic_count_hidden":0,"_bbp_reply_count_hidden":0,"_bbp_forum_subforum_count":0,"footnotes":""},"categories":[4],"tags":[],"class_list":["post-11528","post","type-post","status-publish","format-standard","has-post-thumbnail","hentry","category-portada"],"post_mailing_queue_ids":[],"_links":{"self":[{"href":"https:\/\/agora.xtec.cat\/ceipsantjordi-massanet\/wp-json\/wp\/v2\/posts\/11528","targetHints":{"allow":["GET"]}}],"collection":[{"href":"https:\/\/agora.xtec.cat\/ceipsantjordi-massanet\/wp-json\/wp\/v2\/posts"}],"about":[{"href":"https:\/\/agora.xtec.cat\/ceipsantjordi-massanet\/wp-json\/wp\/v2\/types\/post"}],"author":[{"embeddable":true,"href":"https:\/\/agora.xtec.cat\/ceipsantjordi-massanet\/wp-json\/wp\/v2\/users\/4"}],"replies":[{"embeddable":true,"href":"https:\/\/agora.xtec.cat\/ceipsantjordi-massanet\/wp-json\/wp\/v2\/comments?post=11528"}],"version-history":[{"count":1,"href":"https:\/\/agora.xtec.cat\/ceipsantjordi-massanet\/wp-json\/wp\/v2\/posts\/11528\/revisions"}],"predecessor-version":[{"id":11529,"href":"https:\/\/agora.xtec.cat\/ceipsantjordi-massanet\/wp-json\/wp\/v2\/posts\/11528\/revisions\/11529"}],"wp:featuredmedia":[{"embeddable":true,"href":"https:\/\/agora.xtec.cat\/ceipsantjordi-massanet\/wp-json\/wp\/v2\/media\/11530"}],"wp:attachment":[{"href":"https:\/\/agora.xtec.cat\/ceipsantjordi-massanet\/wp-json\/wp\/v2\/media?parent=11528"}],"wp:term":[{"taxonomy":"category","embeddable":true,"href":"https:\/\/agora.xtec.cat\/ceipsantjordi-massanet\/wp-json\/wp\/v2\/categories?post=11528"},{"taxonomy":"post_tag","embeddable":true,"href":"https:\/\/agora.xtec.cat\/ceipsantjordi-massanet\/wp-json\/wp\/v2\/tags?post=11528"}],"curies":[{"name":"wp","href":"https:\/\/api.w.org\/{rel}","templated":true}]}}