{"id":11080,"date":"2019-06-26T12:05:13","date_gmt":"2019-06-26T10:05:13","guid":{"rendered":"http:\/\/agora.xtec.cat\/ceipsantjordi-massanet\/?p=11080"},"modified":"2019-09-19T15:17:39","modified_gmt":"2019-09-19T13:17:39","slug":"llibres-i-material-2019-2020","status":"publish","type":"post","link":"https:\/\/agora.xtec.cat\/ceipsantjordi-massanet\/portada\/llibres-i-material-2019-2020\/","title":{"rendered":"LLIBRES I MATERIAL 2019-2020"},"content":{"rendered":"<p><a href=\"http:\/\/www.llibrestext.com\"><img loading=\"lazy\" decoding=\"async\" class=\"size-full wp-image-11081 alignnone\" src=\"https:\/\/agora.xtec.cat\/ceipsantjordi-massanet\/wp-content\/uploads\/usu391\/2019\/06\/cooltext328615662298822.png\" alt=\"\" width=\"441\" height=\"245\" srcset=\"https:\/\/agora.xtec.cat\/ceipsantjordi-massanet\/wp-content\/uploads\/usu391\/2019\/06\/cooltext328615662298822.png 441w, https:\/\/agora.xtec.cat\/ceipsantjordi-massanet\/wp-content\/uploads\/usu391\/2019\/06\/cooltext328615662298822-300x167.png 300w\" sizes=\"auto, (max-width: 441px) 100vw, 441px\" \/><\/a><\/p>\n<p>EL PER\u00cdODE D&#8217;OBERTURA DE LA VENDA ON-LINE \u00c9S DEL 15 DE JUNY AL 15 DE JULIOL DE 2019<\/p>\n<p>INSTRUCCIONS:<\/p>\n<p>1.- Anar al lloc web <a href=\"http:\/\/www.llibrestext,com\">www.llibrestext,com<\/a><\/p>\n<p>2.- Accedir a la pestanya ALUMNES i s&#8217;obrir\u00e0 una pantalla que us demanar\u00e0 que escriviu el n\u00famero 191058<\/p>\n<p>3.- Clicar nou usuari i fer el registre<\/p>\n<p>4.- Un cop registrats posar el nom de l&#8217;alumne\/a i triar el curs que faran el proper curs<\/p>\n<p>5.- Clicar a ALTA NOVA RESERVA<\/p>\n<p>6.- Triar els llibres i material que necessiteu<\/p>\n<p>7.- Verificar que tot estigui correcte<\/p>\n<p>8.- Si hi ha m\u00e9s d&#8217;un germ\u00e0 triar HE DE FER UNA ALTRA RESERVA<\/p>\n<p>9.- Escollir la forma de pagament<\/p>\n<p>Rebreu un correu amb la vostra reserva. Si es fa per transfer\u00e8ncia trigaran entre 24 i 48 hores<\/p>\n<p>Podeu consultar les reserves que teniu fetes a la pestanya RESERVES<\/p>\n<p>PER DUBTES PODEU CONTACTAR AMB LLIBRES TEXT ESCRIVINT UN CORREU A incidencia@llibrestext,com o al tel\u00e8fon 972 527 427<\/p>\n","protected":false},"excerpt":{"rendered":"<p><a href=\"http:\/\/www.llibrestext.com\"><\/a><br \/>\nEL PER\u00cdODE D&#8217;OBERTURA DE LA VENDA ON-LINE \u00c9S DEL 15 DE JUNY AL 15 DE JULIOL DE 2019<br \/>\nINSTRUCCIONS:<br \/>\n1.- Anar al lloc web <a href=\"http:\/\/www.llibrestext,com\">www.llibrestext,com<\/a><br \/>\n2.- Accedir a la pestanya ALUMNES i s&#8217;obrir\u00e0 una pantalla que us demanar\u00e0 que escriviu el n\u00famero 191058<br \/>\n3.- Clicar nou usuari&hellip;  <a href=\"https:\/\/agora.xtec.cat\/ceipsantjordi-massanet\/portada\/llibres-i-material-2019-2020\/\" title=\"Read LLIBRES I MATERIAL 2019-2020\">Llegeix m\u00e9s\u00bb<\/a><\/p>\n","protected":false},"author":4,"featured_media":0,"comment_status":"open","ping_status":"closed","sticky":false,"template":"","format":"standard","meta":{"_bbp_topic_count":0,"_bbp_reply_count":0,"_bbp_total_topic_count":0,"_bbp_total_reply_count":0,"_bbp_voice_count":0,"_bbp_anonymous_reply_count":0,"_bbp_topic_count_hidden":0,"_bbp_reply_count_hidden":0,"_bbp_forum_subforum_count":0,"footnotes":""},"categories":[4],"tags":[],"class_list":["post-11080","post","type-post","status-publish","format-standard","hentry","category-portada"],"post_mailing_queue_ids":[],"_links":{"self":[{"href":"https:\/\/agora.xtec.cat\/ceipsantjordi-massanet\/wp-json\/wp\/v2\/posts\/11080","targetHints":{"allow":["GET"]}}],"collection":[{"href":"https:\/\/agora.xtec.cat\/ceipsantjordi-massanet\/wp-json\/wp\/v2\/posts"}],"about":[{"href":"https:\/\/agora.xtec.cat\/ceipsantjordi-massanet\/wp-json\/wp\/v2\/types\/post"}],"author":[{"embeddable":true,"href":"https:\/\/agora.xtec.cat\/ceipsantjordi-massanet\/wp-json\/wp\/v2\/users\/4"}],"replies":[{"embeddable":true,"href":"https:\/\/agora.xtec.cat\/ceipsantjordi-massanet\/wp-json\/wp\/v2\/comments?post=11080"}],"version-history":[{"count":2,"href":"https:\/\/agora.xtec.cat\/ceipsantjordi-massanet\/wp-json\/wp\/v2\/posts\/11080\/revisions"}],"predecessor-version":[{"id":11083,"href":"https:\/\/agora.xtec.cat\/ceipsantjordi-massanet\/wp-json\/wp\/v2\/posts\/11080\/revisions\/11083"}],"wp:attachment":[{"href":"https:\/\/agora.xtec.cat\/ceipsantjordi-massanet\/wp-json\/wp\/v2\/media?parent=11080"}],"wp:term":[{"taxonomy":"category","embeddable":true,"href":"https:\/\/agora.xtec.cat\/ceipsantjordi-massanet\/wp-json\/wp\/v2\/categories?post=11080"},{"taxonomy":"post_tag","embeddable":true,"href":"https:\/\/agora.xtec.cat\/ceipsantjordi-massanet\/wp-json\/wp\/v2\/tags?post=11080"}],"curies":[{"name":"wp","href":"https:\/\/api.w.org\/{rel}","templated":true}]}}