{"id":10895,"date":"2019-06-09T16:11:01","date_gmt":"2019-06-09T14:11:01","guid":{"rendered":"http:\/\/agora.xtec.cat\/ceipsantjordi-massanet\/?p=10895"},"modified":"2019-06-10T01:19:29","modified_gmt":"2019-06-09T23:19:29","slug":"festa-final-de-curs","status":"publish","type":"post","link":"https:\/\/agora.xtec.cat\/ceipsantjordi-massanet\/general\/festa-final-de-curs\/","title":{"rendered":"FESTA FINAL DE CURS"},"content":{"rendered":"<p style=\"text-align: center;\"><a href=\"https:\/\/agora.xtec.cat\/ceipsantjordi-massanet\/wp-content\/uploads\/usu391\/2019\/06\/Carnaval.jpg\"><img loading=\"lazy\" decoding=\"async\" class=\"alignnone size-large wp-image-10901\" src=\"https:\/\/agora.xtec.cat\/ceipsantjordi-massanet\/wp-content\/uploads\/usu391\/2019\/06\/Carnaval-1024x943.jpg\" alt=\"\" width=\"1024\" height=\"943\" srcset=\"https:\/\/agora.xtec.cat\/ceipsantjordi-massanet\/wp-content\/uploads\/usu391\/2019\/06\/Carnaval-1024x943.jpg 1024w, https:\/\/agora.xtec.cat\/ceipsantjordi-massanet\/wp-content\/uploads\/usu391\/2019\/06\/Carnaval-300x276.jpg 300w, https:\/\/agora.xtec.cat\/ceipsantjordi-massanet\/wp-content\/uploads\/usu391\/2019\/06\/Carnaval-768x707.jpg 768w, https:\/\/agora.xtec.cat\/ceipsantjordi-massanet\/wp-content\/uploads\/usu391\/2019\/06\/Carnaval.jpg 1763w\" sizes=\"auto, (max-width: 1024px) 100vw, 1024px\" \/><\/a><\/p>\n<p style=\"text-align: center;\">Cada any \u00e9s una sorpresa les festes de final de curs. Tem\u00e0tiques i muntatges molt diferents durant aquests 40 anys. Aqu\u00ed podeu veure un final de curs representant la s\u00e8rie televisiva &#8220;FAME&#8221;<\/p>\n<p>Recordeu que si voleu comprar els tiquets del sopar el termini finalitzar\u00e0 el dimecres 12 de juny. Es poden comprar a l&#8217;escola de M\u00fasica \/ Telecentre totes les tardes de dilluns a divendres.<\/p>\n","protected":false},"excerpt":{"rendered":"<p><a href=\"https:\/\/agora.xtec.cat\/ceipsantjordi-massanet\/wp-content\/uploads\/usu391\/2019\/06\/Carnaval.jpg\"><\/a><br \/>\nCada any \u00e9s una sorpresa les festes de final de curs. Tem\u00e0tiques i muntatges molt diferents durant aquests 40 anys. Aqu\u00ed podeu veure un final de curs representant la s\u00e8rie televisiva &#8220;FAME&#8221;<br \/>\nRecordeu que si voleu comprar els tiquets del sopar el termini finalitzar\u00e0 el&hellip;  <a href=\"https:\/\/agora.xtec.cat\/ceipsantjordi-massanet\/general\/festa-final-de-curs\/\" title=\"Read FESTA FINAL DE CURS\">Llegeix m\u00e9s\u00bb<\/a><\/p>\n","protected":false},"author":13,"featured_media":0,"comment_status":"open","ping_status":"closed","sticky":false,"template":"","format":"standard","meta":{"_bbp_topic_count":0,"_bbp_reply_count":0,"_bbp_total_topic_count":0,"_bbp_total_reply_count":0,"_bbp_voice_count":0,"_bbp_anonymous_reply_count":0,"_bbp_topic_count_hidden":0,"_bbp_reply_count_hidden":0,"_bbp_forum_subforum_count":0,"footnotes":""},"categories":[1,4],"tags":[92],"class_list":["post-10895","post","type-post","status-publish","format-standard","hentry","category-general","category-portada","tag-40-anys"],"post_mailing_queue_ids":[],"_links":{"self":[{"href":"https:\/\/agora.xtec.cat\/ceipsantjordi-massanet\/wp-json\/wp\/v2\/posts\/10895","targetHints":{"allow":["GET"]}}],"collection":[{"href":"https:\/\/agora.xtec.cat\/ceipsantjordi-massanet\/wp-json\/wp\/v2\/posts"}],"about":[{"href":"https:\/\/agora.xtec.cat\/ceipsantjordi-massanet\/wp-json\/wp\/v2\/types\/post"}],"author":[{"embeddable":true,"href":"https:\/\/agora.xtec.cat\/ceipsantjordi-massanet\/wp-json\/wp\/v2\/users\/13"}],"replies":[{"embeddable":true,"href":"https:\/\/agora.xtec.cat\/ceipsantjordi-massanet\/wp-json\/wp\/v2\/comments?post=10895"}],"version-history":[{"count":4,"href":"https:\/\/agora.xtec.cat\/ceipsantjordi-massanet\/wp-json\/wp\/v2\/posts\/10895\/revisions"}],"predecessor-version":[{"id":10921,"href":"https:\/\/agora.xtec.cat\/ceipsantjordi-massanet\/wp-json\/wp\/v2\/posts\/10895\/revisions\/10921"}],"wp:attachment":[{"href":"https:\/\/agora.xtec.cat\/ceipsantjordi-massanet\/wp-json\/wp\/v2\/media?parent=10895"}],"wp:term":[{"taxonomy":"category","embeddable":true,"href":"https:\/\/agora.xtec.cat\/ceipsantjordi-massanet\/wp-json\/wp\/v2\/categories?post=10895"},{"taxonomy":"post_tag","embeddable":true,"href":"https:\/\/agora.xtec.cat\/ceipsantjordi-massanet\/wp-json\/wp\/v2\/tags?post=10895"}],"curies":[{"name":"wp","href":"https:\/\/api.w.org\/{rel}","templated":true}]}}