{"id":10885,"date":"2019-05-31T08:00:45","date_gmt":"2019-05-31T06:00:45","guid":{"rendered":"http:\/\/agora.xtec.cat\/ceipsantjordi-massanet\/?p=10885"},"modified":"2019-05-31T12:31:35","modified_gmt":"2019-05-31T10:31:35","slug":"dijous-llarder-2","status":"publish","type":"post","link":"https:\/\/agora.xtec.cat\/ceipsantjordi-massanet\/portada\/dijous-llarder-2\/","title":{"rendered":"DIJOUS LLARDER"},"content":{"rendered":"<p style=\"text-align: center;\"><a href=\"https:\/\/agora.xtec.cat\/ceipsantjordi-massanet\/wp-content\/uploads\/usu391\/2019\/05\/Dijous-Llarder-2.jpg\"><img loading=\"lazy\" decoding=\"async\" class=\"alignnone size-large wp-image-10866\" src=\"https:\/\/agora.xtec.cat\/ceipsantjordi-massanet\/wp-content\/uploads\/usu391\/2019\/05\/Dijous-Llarder-2-977x1024.jpg\" alt=\"\" width=\"977\" height=\"1024\" srcset=\"https:\/\/agora.xtec.cat\/ceipsantjordi-massanet\/wp-content\/uploads\/usu391\/2019\/05\/Dijous-Llarder-2-977x1024.jpg 977w, https:\/\/agora.xtec.cat\/ceipsantjordi-massanet\/wp-content\/uploads\/usu391\/2019\/05\/Dijous-Llarder-2-286x300.jpg 286w, https:\/\/agora.xtec.cat\/ceipsantjordi-massanet\/wp-content\/uploads\/usu391\/2019\/05\/Dijous-Llarder-2-768x805.jpg 768w, https:\/\/agora.xtec.cat\/ceipsantjordi-massanet\/wp-content\/uploads\/usu391\/2019\/05\/Dijous-Llarder-2.jpg 1677w\" sizes=\"auto, (max-width: 977px) 100vw, 977px\" \/><\/a><\/p>\n<p>Els dijous Llarder sort\u00edem d&#8217;excursi\u00f3 amb bicicleta cap al Parc de Sant Salvador de Sta Coloma de Farners, els de cicle mitj\u00e0 anaven caminant fins a Martorell i no hi podia faltar l&#8217;excursi\u00f3 a la Font de les Closes del cicle superior,<\/p>\n<p>Recordeu de comprar els tiquets pel sopar de la festa del 40\u00e8 aniversari a l&#8217; Escola de M\u00fasica, totes les tardes de dilluns a divendres.<\/p>\n","protected":false},"excerpt":{"rendered":"<p><a href=\"https:\/\/agora.xtec.cat\/ceipsantjordi-massanet\/wp-content\/uploads\/usu391\/2019\/05\/Dijous-Llarder-2.jpg\"><\/a><br \/>\nEls dijous Llarder sort\u00edem d&#8217;excursi\u00f3 amb bicicleta cap al Parc de Sant Salvador de Sta Coloma de Farners, els de cicle mitj\u00e0 anaven caminant fins a Martorell i no hi podia faltar l&#8217;excursi\u00f3 a la Font de les Closes del cicle superior,<br \/>\nRecordeu de comprar&hellip;  <a href=\"https:\/\/agora.xtec.cat\/ceipsantjordi-massanet\/portada\/dijous-llarder-2\/\" title=\"Read DIJOUS LLARDER\">Llegeix m\u00e9s\u00bb<\/a><\/p>\n","protected":false},"author":13,"featured_media":0,"comment_status":"open","ping_status":"closed","sticky":false,"template":"","format":"standard","meta":{"_bbp_topic_count":0,"_bbp_reply_count":0,"_bbp_total_topic_count":0,"_bbp_total_reply_count":0,"_bbp_voice_count":0,"_bbp_anonymous_reply_count":0,"_bbp_topic_count_hidden":0,"_bbp_reply_count_hidden":0,"_bbp_forum_subforum_count":0,"footnotes":""},"categories":[4],"tags":[92,34],"class_list":["post-10885","post","type-post","status-publish","format-standard","hentry","category-portada","tag-40-anys","tag-portada"],"post_mailing_queue_ids":[],"_links":{"self":[{"href":"https:\/\/agora.xtec.cat\/ceipsantjordi-massanet\/wp-json\/wp\/v2\/posts\/10885","targetHints":{"allow":["GET"]}}],"collection":[{"href":"https:\/\/agora.xtec.cat\/ceipsantjordi-massanet\/wp-json\/wp\/v2\/posts"}],"about":[{"href":"https:\/\/agora.xtec.cat\/ceipsantjordi-massanet\/wp-json\/wp\/v2\/types\/post"}],"author":[{"embeddable":true,"href":"https:\/\/agora.xtec.cat\/ceipsantjordi-massanet\/wp-json\/wp\/v2\/users\/13"}],"replies":[{"embeddable":true,"href":"https:\/\/agora.xtec.cat\/ceipsantjordi-massanet\/wp-json\/wp\/v2\/comments?post=10885"}],"version-history":[{"count":2,"href":"https:\/\/agora.xtec.cat\/ceipsantjordi-massanet\/wp-json\/wp\/v2\/posts\/10885\/revisions"}],"predecessor-version":[{"id":10887,"href":"https:\/\/agora.xtec.cat\/ceipsantjordi-massanet\/wp-json\/wp\/v2\/posts\/10885\/revisions\/10887"}],"wp:attachment":[{"href":"https:\/\/agora.xtec.cat\/ceipsantjordi-massanet\/wp-json\/wp\/v2\/media?parent=10885"}],"wp:term":[{"taxonomy":"category","embeddable":true,"href":"https:\/\/agora.xtec.cat\/ceipsantjordi-massanet\/wp-json\/wp\/v2\/categories?post=10885"},{"taxonomy":"post_tag","embeddable":true,"href":"https:\/\/agora.xtec.cat\/ceipsantjordi-massanet\/wp-json\/wp\/v2\/tags?post=10885"}],"curies":[{"name":"wp","href":"https:\/\/api.w.org\/{rel}","templated":true}]}}