{"id":10883,"date":"2019-05-30T08:00:55","date_gmt":"2019-05-30T06:00:55","guid":{"rendered":"http:\/\/agora.xtec.cat\/ceipsantjordi-massanet\/?p=10883"},"modified":"2019-05-30T12:06:02","modified_gmt":"2019-05-30T10:06:02","slug":"dijous-llarder","status":"publish","type":"post","link":"https:\/\/agora.xtec.cat\/ceipsantjordi-massanet\/portada\/dijous-llarder\/","title":{"rendered":"DIJOUS LLARDER"},"content":{"rendered":"<p style=\"text-align: center;\"><a href=\"https:\/\/agora.xtec.cat\/ceipsantjordi-massanet\/wp-content\/uploads\/usu391\/2019\/05\/Dijous-Llarder-1.jpg\"><img loading=\"lazy\" decoding=\"async\" class=\"alignnone size-large wp-image-10865\" src=\"https:\/\/agora.xtec.cat\/ceipsantjordi-massanet\/wp-content\/uploads\/usu391\/2019\/05\/Dijous-Llarder-1-1024x1005.jpg\" alt=\"\" width=\"1024\" height=\"1005\" srcset=\"https:\/\/agora.xtec.cat\/ceipsantjordi-massanet\/wp-content\/uploads\/usu391\/2019\/05\/Dijous-Llarder-1-1024x1005.jpg 1024w, https:\/\/agora.xtec.cat\/ceipsantjordi-massanet\/wp-content\/uploads\/usu391\/2019\/05\/Dijous-Llarder-1-300x294.jpg 300w, https:\/\/agora.xtec.cat\/ceipsantjordi-massanet\/wp-content\/uploads\/usu391\/2019\/05\/Dijous-Llarder-1-768x754.jpg 768w, https:\/\/agora.xtec.cat\/ceipsantjordi-massanet\/wp-content\/uploads\/usu391\/2019\/05\/Dijous-Llarder-1.jpg 1653w\" sizes=\"auto, (max-width: 1024px) 100vw, 1024px\" \/><\/a><\/p>\n<p>Esper\u00e0vem amb molt il\u00b7lusi\u00f3 els dijous Llarders per sortir a l&#8217;aire lliure.\u00a0 Sempre f\u00e8iem les berenades a la Font de Sant Jordi els m\u00e9s petits i Argimont amb bicicleta els m\u00e9s grans. D&#8217;altres sortides eren a ca l&#8217;Esparra i a la Font de les Closes.<\/p>\n<p>Recordeu de comprar el tiquet per venir al sopar de la festa del 40\u00e8 aniversari de l&#8217;escola Sant Jordi. Els podeu aconseguir a l&#8217;Escola de M\u00fasica totes les tardes de dilluns a divendres.<\/p>\n","protected":false},"excerpt":{"rendered":"<p><a href=\"https:\/\/agora.xtec.cat\/ceipsantjordi-massanet\/wp-content\/uploads\/usu391\/2019\/05\/Dijous-Llarder-1.jpg\"><\/a><br \/>\nEsper\u00e0vem amb molt il\u00b7lusi\u00f3 els dijous Llarders per sortir a l&#8217;aire lliure.\u00a0 Sempre f\u00e8iem les berenades a la Font de Sant Jordi els m\u00e9s petits i Argimont amb bicicleta els m\u00e9s grans. D&#8217;altres sortides eren a ca l&#8217;Esparra i a la Font de les&hellip;  <a href=\"https:\/\/agora.xtec.cat\/ceipsantjordi-massanet\/portada\/dijous-llarder\/\" title=\"Read DIJOUS LLARDER\">Llegeix m\u00e9s\u00bb<\/a><\/p>\n","protected":false},"author":13,"featured_media":0,"comment_status":"open","ping_status":"closed","sticky":false,"template":"","format":"standard","meta":{"_bbp_topic_count":0,"_bbp_reply_count":0,"_bbp_total_topic_count":0,"_bbp_total_reply_count":0,"_bbp_voice_count":0,"_bbp_anonymous_reply_count":0,"_bbp_topic_count_hidden":0,"_bbp_reply_count_hidden":0,"_bbp_forum_subforum_count":0,"footnotes":""},"categories":[4],"tags":[92,34],"class_list":["post-10883","post","type-post","status-publish","format-standard","hentry","category-portada","tag-40-anys","tag-portada"],"post_mailing_queue_ids":[],"_links":{"self":[{"href":"https:\/\/agora.xtec.cat\/ceipsantjordi-massanet\/wp-json\/wp\/v2\/posts\/10883","targetHints":{"allow":["GET"]}}],"collection":[{"href":"https:\/\/agora.xtec.cat\/ceipsantjordi-massanet\/wp-json\/wp\/v2\/posts"}],"about":[{"href":"https:\/\/agora.xtec.cat\/ceipsantjordi-massanet\/wp-json\/wp\/v2\/types\/post"}],"author":[{"embeddable":true,"href":"https:\/\/agora.xtec.cat\/ceipsantjordi-massanet\/wp-json\/wp\/v2\/users\/13"}],"replies":[{"embeddable":true,"href":"https:\/\/agora.xtec.cat\/ceipsantjordi-massanet\/wp-json\/wp\/v2\/comments?post=10883"}],"version-history":[{"count":1,"href":"https:\/\/agora.xtec.cat\/ceipsantjordi-massanet\/wp-json\/wp\/v2\/posts\/10883\/revisions"}],"predecessor-version":[{"id":10884,"href":"https:\/\/agora.xtec.cat\/ceipsantjordi-massanet\/wp-json\/wp\/v2\/posts\/10883\/revisions\/10884"}],"wp:attachment":[{"href":"https:\/\/agora.xtec.cat\/ceipsantjordi-massanet\/wp-json\/wp\/v2\/media?parent=10883"}],"wp:term":[{"taxonomy":"category","embeddable":true,"href":"https:\/\/agora.xtec.cat\/ceipsantjordi-massanet\/wp-json\/wp\/v2\/categories?post=10883"},{"taxonomy":"post_tag","embeddable":true,"href":"https:\/\/agora.xtec.cat\/ceipsantjordi-massanet\/wp-json\/wp\/v2\/tags?post=10883"}],"curies":[{"name":"wp","href":"https:\/\/api.w.org\/{rel}","templated":true}]}}