{"id":10862,"date":"2019-05-28T13:18:36","date_gmt":"2019-05-28T11:18:36","guid":{"rendered":"http:\/\/agora.xtec.cat\/ceipsantjordi-massanet\/?p=10862"},"modified":"2019-05-28T15:21:15","modified_gmt":"2019-05-28T13:21:15","slug":"el-primer-dia-descola","status":"publish","type":"post","link":"https:\/\/agora.xtec.cat\/ceipsantjordi-massanet\/portada\/el-primer-dia-descola\/","title":{"rendered":"EL PRIMER DIA D&#8217;ESCOLA"},"content":{"rendered":"<p style=\"text-align: center;\"><a href=\"https:\/\/agora.xtec.cat\/ceipsantjordi-massanet\/wp-content\/uploads\/usu391\/2019\/05\/el-primer-dia-descola.jpg\"><img loading=\"lazy\" decoding=\"async\" class=\"alignnone size-large wp-image-10868\" src=\"https:\/\/agora.xtec.cat\/ceipsantjordi-massanet\/wp-content\/uploads\/usu391\/2019\/05\/el-primer-dia-descola-1024x959.jpg\" alt=\"\" width=\"1024\" height=\"959\" srcset=\"https:\/\/agora.xtec.cat\/ceipsantjordi-massanet\/wp-content\/uploads\/usu391\/2019\/05\/el-primer-dia-descola-1024x959.jpg 1024w, https:\/\/agora.xtec.cat\/ceipsantjordi-massanet\/wp-content\/uploads\/usu391\/2019\/05\/el-primer-dia-descola-300x281.jpg 300w, https:\/\/agora.xtec.cat\/ceipsantjordi-massanet\/wp-content\/uploads\/usu391\/2019\/05\/el-primer-dia-descola-768x719.jpg 768w, https:\/\/agora.xtec.cat\/ceipsantjordi-massanet\/wp-content\/uploads\/usu391\/2019\/05\/el-primer-dia-descola.jpg 1820w\" sizes=\"auto, (max-width: 1024px) 100vw, 1024px\" \/><\/a><\/p>\n<p>Ara ja en s\u00f3n 40!!!! Ja fa 15 anys d&#8217;aquest escrit. El temps passa&#8230;<\/p>\n<p>Recordeu que el proper divendres, 14 de juny, l&#8217;escola Sant Jordi de Ma\u00e7anet de la Selva celebrar\u00e0 el seu 40\u00e8 aniversari. Esteu convidats tots i totes els qui heu passat per l&#8217;escola.<\/p>\n<p>Els tiquets del sopar es poden comprar al telecentre o Escola de M\u00fasica a les tardes. Us hi esperem!!!!!!<\/p>\n","protected":false},"excerpt":{"rendered":"<p><a href=\"https:\/\/agora.xtec.cat\/ceipsantjordi-massanet\/wp-content\/uploads\/usu391\/2019\/05\/el-primer-dia-descola.jpg\"><\/a><br \/>\nAra ja en s\u00f3n 40!!!! Ja fa 15 anys d&#8217;aquest escrit. El temps passa&#8230;<br \/>\nRecordeu que el proper divendres, 14 de juny, l&#8217;escola Sant Jordi de Ma\u00e7anet de la Selva celebrar\u00e0 el seu 40\u00e8 aniversari. Esteu convidats tots i totes els qui heu passat per&hellip;  <a href=\"https:\/\/agora.xtec.cat\/ceipsantjordi-massanet\/portada\/el-primer-dia-descola\/\" title=\"Read EL PRIMER DIA D&#8217;ESCOLA\">Llegeix m\u00e9s\u00bb<\/a><\/p>\n","protected":false},"author":4,"featured_media":0,"comment_status":"open","ping_status":"closed","sticky":false,"template":"","format":"standard","meta":{"_bbp_topic_count":0,"_bbp_reply_count":0,"_bbp_total_topic_count":0,"_bbp_total_reply_count":0,"_bbp_voice_count":0,"_bbp_anonymous_reply_count":0,"_bbp_topic_count_hidden":0,"_bbp_reply_count_hidden":0,"_bbp_forum_subforum_count":0,"footnotes":""},"categories":[4],"tags":[92],"class_list":["post-10862","post","type-post","status-publish","format-standard","hentry","category-portada","tag-40-anys"],"post_mailing_queue_ids":[],"_links":{"self":[{"href":"https:\/\/agora.xtec.cat\/ceipsantjordi-massanet\/wp-json\/wp\/v2\/posts\/10862","targetHints":{"allow":["GET"]}}],"collection":[{"href":"https:\/\/agora.xtec.cat\/ceipsantjordi-massanet\/wp-json\/wp\/v2\/posts"}],"about":[{"href":"https:\/\/agora.xtec.cat\/ceipsantjordi-massanet\/wp-json\/wp\/v2\/types\/post"}],"author":[{"embeddable":true,"href":"https:\/\/agora.xtec.cat\/ceipsantjordi-massanet\/wp-json\/wp\/v2\/users\/4"}],"replies":[{"embeddable":true,"href":"https:\/\/agora.xtec.cat\/ceipsantjordi-massanet\/wp-json\/wp\/v2\/comments?post=10862"}],"version-history":[{"count":2,"href":"https:\/\/agora.xtec.cat\/ceipsantjordi-massanet\/wp-json\/wp\/v2\/posts\/10862\/revisions"}],"predecessor-version":[{"id":10874,"href":"https:\/\/agora.xtec.cat\/ceipsantjordi-massanet\/wp-json\/wp\/v2\/posts\/10862\/revisions\/10874"}],"wp:attachment":[{"href":"https:\/\/agora.xtec.cat\/ceipsantjordi-massanet\/wp-json\/wp\/v2\/media?parent=10862"}],"wp:term":[{"taxonomy":"category","embeddable":true,"href":"https:\/\/agora.xtec.cat\/ceipsantjordi-massanet\/wp-json\/wp\/v2\/categories?post=10862"},{"taxonomy":"post_tag","embeddable":true,"href":"https:\/\/agora.xtec.cat\/ceipsantjordi-massanet\/wp-json\/wp\/v2\/tags?post=10862"}],"curies":[{"name":"wp","href":"https:\/\/api.w.org\/{rel}","templated":true}]}}