{"id":10607,"date":"2019-04-08T08:30:20","date_gmt":"2019-04-08T06:30:20","guid":{"rendered":"http:\/\/agora.xtec.cat\/ceipsantjordi-massanet\/?p=10607"},"modified":"2022-03-28T11:45:08","modified_gmt":"2022-03-28T09:45:08","slug":"dia-internacional-del-poble-gitano","status":"publish","type":"post","link":"https:\/\/agora.xtec.cat\/ceipsantjordi-massanet\/general\/dia-internacional-del-poble-gitano\/","title":{"rendered":"Dia Internacional del Poble Gitano"},"content":{"rendered":"<p><iframe loading=\"lazy\" title=\"DIA DEL POBLE GITANO 2019\" width=\"500\" height=\"281\" src=\"https:\/\/www.youtube.com\/embed\/u1uEcREpFvs?feature=oembed\" frameborder=\"0\" allow=\"accelerometer; autoplay; clipboard-write; encrypted-media; gyroscope; picture-in-picture; web-share\" referrerpolicy=\"strict-origin-when-cross-origin\" allowfullscreen><\/iframe><\/p>\n<p>El 8 d\u2019abril de 1971 es van reunir per primera vegada gitanos i gitanes de tot el m\u00f3n a la ciutat de Londres i van assentar les bases de l\u2019actual moviment associatiu gitano. En aquell primer Congr\u00e9s Internacional Roman\u00ed, encara amb el record de l\u2019intent de genocidi del poble roman\u00ed molt viu, es va instaurar la cerim\u00f2nia del riu, una cerim\u00f2nia en qu\u00e8 homes i dones llencen p\u00e8tals de flors i espelmes enceses als rius de tot el m\u00f3n en record de les v\u00edctimes de la barb\u00e0rie nazi. Des de llavors, el 8 d\u2019abril es celebra el Dia Internacional del Poble Gitano.<\/p>\n","protected":false},"excerpt":{"rendered":"<p>El 8 d\u2019abril de 1971 es van reunir per primera vegada gitanos i gitanes de tot el m\u00f3n a la ciutat de Londres i van assentar les bases de l\u2019actual moviment associatiu gitano. En aquell primer Congr\u00e9s Internacional Roman\u00ed, encara amb el record de l\u2019intent&hellip;  <a href=\"https:\/\/agora.xtec.cat\/ceipsantjordi-massanet\/general\/dia-internacional-del-poble-gitano\/\" title=\"Read Dia Internacional del Poble Gitano\">Llegeix m\u00e9s\u00bb<\/a><\/p>\n","protected":false},"author":4,"featured_media":0,"comment_status":"open","ping_status":"closed","sticky":false,"template":"","format":"standard","meta":{"_bbp_topic_count":0,"_bbp_reply_count":0,"_bbp_total_topic_count":0,"_bbp_total_reply_count":0,"_bbp_voice_count":0,"_bbp_anonymous_reply_count":0,"_bbp_topic_count_hidden":0,"_bbp_reply_count_hidden":0,"_bbp_forum_subforum_count":0,"footnotes":""},"categories":[1,4],"tags":[],"class_list":["post-10607","post","type-post","status-publish","format-standard","hentry","category-general","category-portada"],"post_mailing_queue_ids":[],"_links":{"self":[{"href":"https:\/\/agora.xtec.cat\/ceipsantjordi-massanet\/wp-json\/wp\/v2\/posts\/10607","targetHints":{"allow":["GET"]}}],"collection":[{"href":"https:\/\/agora.xtec.cat\/ceipsantjordi-massanet\/wp-json\/wp\/v2\/posts"}],"about":[{"href":"https:\/\/agora.xtec.cat\/ceipsantjordi-massanet\/wp-json\/wp\/v2\/types\/post"}],"author":[{"embeddable":true,"href":"https:\/\/agora.xtec.cat\/ceipsantjordi-massanet\/wp-json\/wp\/v2\/users\/4"}],"replies":[{"embeddable":true,"href":"https:\/\/agora.xtec.cat\/ceipsantjordi-massanet\/wp-json\/wp\/v2\/comments?post=10607"}],"version-history":[{"count":3,"href":"https:\/\/agora.xtec.cat\/ceipsantjordi-massanet\/wp-json\/wp\/v2\/posts\/10607\/revisions"}],"predecessor-version":[{"id":10708,"href":"https:\/\/agora.xtec.cat\/ceipsantjordi-massanet\/wp-json\/wp\/v2\/posts\/10607\/revisions\/10708"}],"wp:attachment":[{"href":"https:\/\/agora.xtec.cat\/ceipsantjordi-massanet\/wp-json\/wp\/v2\/media?parent=10607"}],"wp:term":[{"taxonomy":"category","embeddable":true,"href":"https:\/\/agora.xtec.cat\/ceipsantjordi-massanet\/wp-json\/wp\/v2\/categories?post=10607"},{"taxonomy":"post_tag","embeddable":true,"href":"https:\/\/agora.xtec.cat\/ceipsantjordi-massanet\/wp-json\/wp\/v2\/tags?post=10607"}],"curies":[{"name":"wp","href":"https:\/\/api.w.org\/{rel}","templated":true}]}}