{"id":10425,"date":"2019-03-11T11:09:08","date_gmt":"2019-03-11T10:09:08","guid":{"rendered":"http:\/\/agora.xtec.cat\/ceipsantjordi-massanet\/?p=10425"},"modified":"2019-03-18T17:41:58","modified_gmt":"2019-03-18T16:41:58","slug":"dia-de-la-dona-treballadora-2019","status":"publish","type":"post","link":"https:\/\/agora.xtec.cat\/ceipsantjordi-massanet\/portada\/dia-de-la-dona-treballadora-2019\/","title":{"rendered":"DIA DE LA DONA TREBALLADORA 2019"},"content":{"rendered":"<p><center><iframe loading=\"lazy\" src=\"https:\/\/www.youtube.com\/embed\/3knZdZCHgr8\" width=\"560\" height=\"315\" frameborder=\"0\" allowfullscreen=\"allowfullscreen\"><span data-mce-type=\"bookmark\" style=\"display: inline-block; width: 0px; overflow: hidden; line-height: 0;\" class=\"mce_SELRES_start\">\ufeff<\/span><\/iframe><\/center>&nbsp;<\/p>\n<h5><span style=\"color: black;\">Aqu\u00ed teniu la col\u00b7lecci\u00f3 de personatges que hem treballat a cada classe. Hem buscat informaci\u00f3 sobre cada dona i hem fet aquests p\u00f2sters. Hem apr\u00e8s un munt de coses sobre la dona que hem treballat i les altres disset que han treballat a les altres classes.<\/span><\/h5>\n","protected":false},"excerpt":{"rendered":"<p>\ufeff&nbsp;<br \/>\nAqu\u00ed teniu la col\u00b7lecci\u00f3 de personatges que hem treballat a cada classe. Hem buscat informaci\u00f3 sobre cada dona i hem fet aquests p\u00f2sters. Hem apr\u00e8s un munt de coses sobre la dona que hem treballat i les altres disset que han treballat a les altres&hellip;  <a href=\"https:\/\/agora.xtec.cat\/ceipsantjordi-massanet\/portada\/dia-de-la-dona-treballadora-2019\/\" title=\"Read DIA DE LA DONA TREBALLADORA 2019\">Llegeix m\u00e9s\u00bb<\/a><\/p>\n","protected":false},"author":4,"featured_media":0,"comment_status":"open","ping_status":"closed","sticky":false,"template":"","format":"standard","meta":{"_bbp_topic_count":0,"_bbp_reply_count":0,"_bbp_total_topic_count":0,"_bbp_total_reply_count":0,"_bbp_voice_count":0,"_bbp_anonymous_reply_count":0,"_bbp_topic_count_hidden":0,"_bbp_reply_count_hidden":0,"_bbp_forum_subforum_count":0,"footnotes":""},"categories":[4,28],"tags":[],"class_list":["post-10425","post","type-post","status-publish","format-standard","hentry","category-portada","category-unesco"],"post_mailing_queue_ids":[],"_links":{"self":[{"href":"https:\/\/agora.xtec.cat\/ceipsantjordi-massanet\/wp-json\/wp\/v2\/posts\/10425","targetHints":{"allow":["GET"]}}],"collection":[{"href":"https:\/\/agora.xtec.cat\/ceipsantjordi-massanet\/wp-json\/wp\/v2\/posts"}],"about":[{"href":"https:\/\/agora.xtec.cat\/ceipsantjordi-massanet\/wp-json\/wp\/v2\/types\/post"}],"author":[{"embeddable":true,"href":"https:\/\/agora.xtec.cat\/ceipsantjordi-massanet\/wp-json\/wp\/v2\/users\/4"}],"replies":[{"embeddable":true,"href":"https:\/\/agora.xtec.cat\/ceipsantjordi-massanet\/wp-json\/wp\/v2\/comments?post=10425"}],"version-history":[{"count":3,"href":"https:\/\/agora.xtec.cat\/ceipsantjordi-massanet\/wp-json\/wp\/v2\/posts\/10425\/revisions"}],"predecessor-version":[{"id":10525,"href":"https:\/\/agora.xtec.cat\/ceipsantjordi-massanet\/wp-json\/wp\/v2\/posts\/10425\/revisions\/10525"}],"wp:attachment":[{"href":"https:\/\/agora.xtec.cat\/ceipsantjordi-massanet\/wp-json\/wp\/v2\/media?parent=10425"}],"wp:term":[{"taxonomy":"category","embeddable":true,"href":"https:\/\/agora.xtec.cat\/ceipsantjordi-massanet\/wp-json\/wp\/v2\/categories?post=10425"},{"taxonomy":"post_tag","embeddable":true,"href":"https:\/\/agora.xtec.cat\/ceipsantjordi-massanet\/wp-json\/wp\/v2\/tags?post=10425"}],"curies":[{"name":"wp","href":"https:\/\/api.w.org\/{rel}","templated":true}]}}