{"id":10349,"date":"2019-02-25T15:34:58","date_gmt":"2019-02-25T14:34:58","guid":{"rendered":"http:\/\/agora.xtec.cat\/ceipsantjordi-massanet\/?p=10349"},"modified":"2019-02-25T15:51:20","modified_gmt":"2019-02-25T14:51:20","slug":"concurs-lectura-en-veu-alta-2019","status":"publish","type":"post","link":"https:\/\/agora.xtec.cat\/ceipsantjordi-massanet\/portada\/concurs-lectura-en-veu-alta-2019\/","title":{"rendered":"CONCURS LECTURA EN VEU ALTA 2019"},"content":{"rendered":"<p><strong>FINALISTES DE L&#8217;EDICI\u00d3 2019<\/strong><\/p>\n<p><center><a href=\"https:\/\/agora.xtec.cat\/ceipsantjordi-massanet\/wp-content\/uploads\/usu391\/2019\/02\/1ac60398-8afb-41a2-b7f3-6f1820347ef0.jpg\"><img loading=\"lazy\" decoding=\"async\" class=\"alignnone size-large wp-image-10348\" src=\"https:\/\/agora.xtec.cat\/ceipsantjordi-massanet\/wp-content\/uploads\/usu391\/2019\/02\/1ac60398-8afb-41a2-b7f3-6f1820347ef0-1024x768.jpg\" alt=\"\" width=\"560\" height=\"315\" \/><\/a><center><\/center><\/center>&nbsp;<\/p>\n<p>Aquests han sigut els nostres finalistes. Felicitem les nostres representants al concurs comarcal, la Aina i la Mariona!<\/p>\n<p><strong>Llista de reproducci\u00f3 dels exercicis de lectura de la final escolar<\/strong><\/p>\n<p><center><iframe loading=\"lazy\" src=\"https:\/\/www.youtube.com\/embed\/videoseries?list=PLnMvmF3stYn5aYpkCtVVggoz-V74VrxEH\" width=\"560\" height=\"315\" frameborder=\"0\" allowfullscreen=\"allowfullscreen\"><span data-mce-type=\"bookmark\" style=\"display: inline-block; width: 0px; overflow: hidden; line-height: 0;\" class=\"mce_SELRES_start\">\ufeff<\/span><\/iframe><\/center>Cliqueu al bot\u00f3 d&#8217;anar endavant per veure el seg\u00fcent lector o la seg\u00fcent lectora!<\/p>\n","protected":false},"excerpt":{"rendered":"<p>FINALISTES DE L&#8217;EDICI\u00d3 2019<br \/>\n<a href=\"https:\/\/agora.xtec.cat\/ceipsantjordi-massanet\/wp-content\/uploads\/usu391\/2019\/02\/1ac60398-8afb-41a2-b7f3-6f1820347ef0.jpg\"><\/a>&nbsp;<br \/>\nAquests han sigut els nostres finalistes. Felicitem les nostres representants al concurs comarcal, la Aina i la Mariona!<br \/>\nLlista de reproducci\u00f3 dels exercicis de lectura de la final escolar<br \/>\n\ufeffCliqueu al bot\u00f3 d&#8217;anar endavant per veure el seg\u00fcent lector o la seg\u00fcent lectora!<\/p>\n","protected":false},"author":4,"featured_media":0,"comment_status":"open","ping_status":"closed","sticky":false,"template":"","format":"standard","meta":{"_bbp_topic_count":0,"_bbp_reply_count":0,"_bbp_total_topic_count":0,"_bbp_total_reply_count":0,"_bbp_voice_count":0,"_bbp_anonymous_reply_count":0,"_bbp_topic_count_hidden":0,"_bbp_reply_count_hidden":0,"_bbp_forum_subforum_count":0,"footnotes":""},"categories":[4],"tags":[],"class_list":["post-10349","post","type-post","status-publish","format-standard","hentry","category-portada"],"post_mailing_queue_ids":[],"_links":{"self":[{"href":"https:\/\/agora.xtec.cat\/ceipsantjordi-massanet\/wp-json\/wp\/v2\/posts\/10349","targetHints":{"allow":["GET"]}}],"collection":[{"href":"https:\/\/agora.xtec.cat\/ceipsantjordi-massanet\/wp-json\/wp\/v2\/posts"}],"about":[{"href":"https:\/\/agora.xtec.cat\/ceipsantjordi-massanet\/wp-json\/wp\/v2\/types\/post"}],"author":[{"embeddable":true,"href":"https:\/\/agora.xtec.cat\/ceipsantjordi-massanet\/wp-json\/wp\/v2\/users\/4"}],"replies":[{"embeddable":true,"href":"https:\/\/agora.xtec.cat\/ceipsantjordi-massanet\/wp-json\/wp\/v2\/comments?post=10349"}],"version-history":[{"count":3,"href":"https:\/\/agora.xtec.cat\/ceipsantjordi-massanet\/wp-json\/wp\/v2\/posts\/10349\/revisions"}],"predecessor-version":[{"id":10359,"href":"https:\/\/agora.xtec.cat\/ceipsantjordi-massanet\/wp-json\/wp\/v2\/posts\/10349\/revisions\/10359"}],"wp:attachment":[{"href":"https:\/\/agora.xtec.cat\/ceipsantjordi-massanet\/wp-json\/wp\/v2\/media?parent=10349"}],"wp:term":[{"taxonomy":"category","embeddable":true,"href":"https:\/\/agora.xtec.cat\/ceipsantjordi-massanet\/wp-json\/wp\/v2\/categories?post=10349"},{"taxonomy":"post_tag","embeddable":true,"href":"https:\/\/agora.xtec.cat\/ceipsantjordi-massanet\/wp-json\/wp\/v2\/tags?post=10349"}],"curies":[{"name":"wp","href":"https:\/\/api.w.org\/{rel}","templated":true}]}}