{"id":10318,"date":"2019-02-25T15:04:33","date_gmt":"2019-02-25T14:04:33","guid":{"rendered":"http:\/\/agora.xtec.cat\/ceipsantjordi-massanet\/?p=10318"},"modified":"2019-02-25T15:04:29","modified_gmt":"2019-02-25T14:04:29","slug":"ha-arribat-el-rei-carnestoltes-2","status":"publish","type":"post","link":"https:\/\/agora.xtec.cat\/ceipsantjordi-massanet\/general\/ha-arribat-el-rei-carnestoltes-2\/","title":{"rendered":"HA ARRIBAT EL REI CARNESTOLTES!"},"content":{"rendered":"<h3>Del 25 de febrer a l&#8217;1 de mar\u00e7 de 2010 ser\u00e0 la setmana de Carnestoltes. El rei ens ha deixat aquestes consignes:<\/h3>\n<p><a href=\"https:\/\/agora.xtec.cat\/ceipsantjordi-massanet\/wp-content\/uploads\/usu391\/2019\/02\/carnestoltes.jpg\"><img loading=\"lazy\" decoding=\"async\" class=\"wp-image-10319 alignleft\" src=\"https:\/\/agora.xtec.cat\/ceipsantjordi-massanet\/wp-content\/uploads\/usu391\/2019\/02\/carnestoltes-682x1024.jpg\" alt=\"\" width=\"141\" height=\"212\" srcset=\"https:\/\/agora.xtec.cat\/ceipsantjordi-massanet\/wp-content\/uploads\/usu391\/2019\/02\/carnestoltes-682x1024.jpg 682w, https:\/\/agora.xtec.cat\/ceipsantjordi-massanet\/wp-content\/uploads\/usu391\/2019\/02\/carnestoltes-200x300.jpg 200w, https:\/\/agora.xtec.cat\/ceipsantjordi-massanet\/wp-content\/uploads\/usu391\/2019\/02\/carnestoltes-768x1153.jpg 768w, https:\/\/agora.xtec.cat\/ceipsantjordi-massanet\/wp-content\/uploads\/usu391\/2019\/02\/carnestoltes.jpg 1066w\" sizes=\"auto, (max-width: 141px) 100vw, 141px\" \/><\/a>DILLUNS 25: AL MAT\u00cd AMB PIJAMA I BATA VINC CAP AQU\u00cd<\/p>\n<p>DIMARTS 26: LA CARA ET PINTAR\u00c0S I AL CARNESTOLTES ENAMORAR\u00c0S<\/p>\n<p>DIMECRES 27: UNA SABATA DE CADA PERQU\u00c8 SIGUI DIFERENT CADA PETJADA<\/p>\n<p>DIJOUS 28: DIJOUS LLARDER SER\u00c9 UN BON PERRUQUER I EL PENTINAT M\u00c9S ORIGINAL PORTAR\u00c9<\/p>\n<p>DIVENDRES 1: DISFRESSA PORTAR\u00c0S I AL REI CARNESTOLTES AGRADAR\u00c0S<\/p>\n","protected":false},"excerpt":{"rendered":"<p>Del 25 de febrer a l&#8217;1 de mar\u00e7 de 2010 ser\u00e0 la setmana de Carnestoltes. El rei ens ha deixat aquestes consignes:<br \/>\n<a href=\"https:\/\/agora.xtec.cat\/ceipsantjordi-massanet\/wp-content\/uploads\/usu391\/2019\/02\/carnestoltes.jpg\"><\/a>DILLUNS 25: AL MAT\u00cd AMB PIJAMA I BATA VINC CAP AQU\u00cd<br \/>\nDIMARTS 26: LA CARA ET PINTAR\u00c0S I AL CARNESTOLTES ENAMORAR\u00c0S<br \/>\nDIMECRES 27: UNA SABATA&hellip;  <a href=\"https:\/\/agora.xtec.cat\/ceipsantjordi-massanet\/general\/ha-arribat-el-rei-carnestoltes-2\/\" title=\"Read HA ARRIBAT EL REI CARNESTOLTES!\">Llegeix m\u00e9s\u00bb<\/a><\/p>\n","protected":false},"author":4,"featured_media":0,"comment_status":"open","ping_status":"closed","sticky":false,"template":"","format":"standard","meta":{"_bbp_topic_count":0,"_bbp_reply_count":0,"_bbp_total_topic_count":0,"_bbp_total_reply_count":0,"_bbp_voice_count":0,"_bbp_anonymous_reply_count":0,"_bbp_topic_count_hidden":0,"_bbp_reply_count_hidden":0,"_bbp_forum_subforum_count":0,"footnotes":""},"categories":[1,4],"tags":[],"class_list":["post-10318","post","type-post","status-publish","format-standard","hentry","category-general","category-portada"],"post_mailing_queue_ids":[],"_links":{"self":[{"href":"https:\/\/agora.xtec.cat\/ceipsantjordi-massanet\/wp-json\/wp\/v2\/posts\/10318","targetHints":{"allow":["GET"]}}],"collection":[{"href":"https:\/\/agora.xtec.cat\/ceipsantjordi-massanet\/wp-json\/wp\/v2\/posts"}],"about":[{"href":"https:\/\/agora.xtec.cat\/ceipsantjordi-massanet\/wp-json\/wp\/v2\/types\/post"}],"author":[{"embeddable":true,"href":"https:\/\/agora.xtec.cat\/ceipsantjordi-massanet\/wp-json\/wp\/v2\/users\/4"}],"replies":[{"embeddable":true,"href":"https:\/\/agora.xtec.cat\/ceipsantjordi-massanet\/wp-json\/wp\/v2\/comments?post=10318"}],"version-history":[{"count":2,"href":"https:\/\/agora.xtec.cat\/ceipsantjordi-massanet\/wp-json\/wp\/v2\/posts\/10318\/revisions"}],"predecessor-version":[{"id":10321,"href":"https:\/\/agora.xtec.cat\/ceipsantjordi-massanet\/wp-json\/wp\/v2\/posts\/10318\/revisions\/10321"}],"wp:attachment":[{"href":"https:\/\/agora.xtec.cat\/ceipsantjordi-massanet\/wp-json\/wp\/v2\/media?parent=10318"}],"wp:term":[{"taxonomy":"category","embeddable":true,"href":"https:\/\/agora.xtec.cat\/ceipsantjordi-massanet\/wp-json\/wp\/v2\/categories?post=10318"},{"taxonomy":"post_tag","embeddable":true,"href":"https:\/\/agora.xtec.cat\/ceipsantjordi-massanet\/wp-json\/wp\/v2\/tags?post=10318"}],"curies":[{"name":"wp","href":"https:\/\/api.w.org\/{rel}","templated":true}]}}