{"id":10212,"date":"2019-02-09T07:26:17","date_gmt":"2019-02-09T06:26:17","guid":{"rendered":"http:\/\/agora.xtec.cat\/ceipsantjordi-massanet\/?p=10212"},"modified":"2019-03-18T17:44:39","modified_gmt":"2019-03-18T16:44:39","slug":"timbres-del-mes-de-febrer","status":"publish","type":"post","link":"https:\/\/agora.xtec.cat\/ceipsantjordi-massanet\/portada\/timbres-del-mes-de-febrer\/","title":{"rendered":"TIMBRES DEL MES DE FEBRER"},"content":{"rendered":"<p><a href=\"https:\/\/agora.xtec.cat\/ceipsantjordi-massanet\/wp-content\/uploads\/usu391\/2019\/02\/IMG_1621.jpg\"><img loading=\"lazy\" decoding=\"async\" class=\"size-large wp-image-10237 aligncenter\" src=\"https:\/\/agora.xtec.cat\/ceipsantjordi-massanet\/wp-content\/uploads\/usu391\/2019\/02\/IMG_1621-1024x305.jpg\" alt=\"\" width=\"1024\" height=\"305\" srcset=\"https:\/\/agora.xtec.cat\/ceipsantjordi-massanet\/wp-content\/uploads\/usu391\/2019\/02\/IMG_1621-1024x305.jpg 1024w, https:\/\/agora.xtec.cat\/ceipsantjordi-massanet\/wp-content\/uploads\/usu391\/2019\/02\/IMG_1621-300x89.jpg 300w, https:\/\/agora.xtec.cat\/ceipsantjordi-massanet\/wp-content\/uploads\/usu391\/2019\/02\/IMG_1621-768x229.jpg 768w, https:\/\/agora.xtec.cat\/ceipsantjordi-massanet\/wp-content\/uploads\/usu391\/2019\/02\/IMG_1621.jpg 1280w\" sizes=\"auto, (max-width: 1024px) 100vw, 1024px\" \/><\/a><\/p>\n<p style=\"text-align: center;\"><strong>Sessi\u00f3 de formaci\u00f3 per a mestres del dilluns dia 11 de febrer a l&#8217;Auditori de Barcelona<\/strong><\/p>\n<p>Aquest mes els timbres s\u00f3n can\u00e7ons de &#8220;Cant\u00e0nia 2019: A de Brossa&#8221; que cantarem el dia 20 de maig a l&#8217;Auditori de Barcelona els nens i les nenes de cinqu\u00e8. Aquesta can\u00e7\u00f3 ens recorda com n&#8217;\u00e9s d&#8217;important con\u00e8ixer totes les lletres, la seva forma i mirar-se-les amb ulls de poeta!<\/p>\n<p><center><iframe loading=\"lazy\" src=\"https:\/\/www.youtube.com\/embed\/q0Fm8O9-kWs\" width=\"560\" height=\"315\" frameborder=\"0\" allowfullscreen=\"allowfullscreen\"><\/iframe><\/center><center><\/center><center><\/center><\/p>\n","protected":false},"excerpt":{"rendered":"<p><a href=\"https:\/\/agora.xtec.cat\/ceipsantjordi-massanet\/wp-content\/uploads\/usu391\/2019\/02\/IMG_1621.jpg\"><\/a><br \/>\nSessi\u00f3 de formaci\u00f3 per a mestres del dilluns dia 11 de febrer a l&#8217;Auditori de Barcelona<br \/>\nAquest mes els timbres s\u00f3n can\u00e7ons de &#8220;Cant\u00e0nia 2019: A de Brossa&#8221; que cantarem el dia 20 de maig a l&#8217;Auditori de Barcelona els nens i les nenes de&hellip;  <a href=\"https:\/\/agora.xtec.cat\/ceipsantjordi-massanet\/portada\/timbres-del-mes-de-febrer\/\" title=\"Read TIMBRES DEL MES DE FEBRER\">Llegeix m\u00e9s\u00bb<\/a><\/p>\n","protected":false},"author":4,"featured_media":0,"comment_status":"open","ping_status":"closed","sticky":false,"template":"","format":"standard","meta":{"_bbp_topic_count":0,"_bbp_reply_count":0,"_bbp_total_topic_count":0,"_bbp_total_reply_count":0,"_bbp_voice_count":0,"_bbp_anonymous_reply_count":0,"_bbp_topic_count_hidden":0,"_bbp_reply_count_hidden":0,"_bbp_forum_subforum_count":0,"footnotes":""},"categories":[14,4],"tags":[],"class_list":["post-10212","post","type-post","status-publish","format-standard","hentry","category-5e","category-portada"],"post_mailing_queue_ids":[],"_links":{"self":[{"href":"https:\/\/agora.xtec.cat\/ceipsantjordi-massanet\/wp-json\/wp\/v2\/posts\/10212","targetHints":{"allow":["GET"]}}],"collection":[{"href":"https:\/\/agora.xtec.cat\/ceipsantjordi-massanet\/wp-json\/wp\/v2\/posts"}],"about":[{"href":"https:\/\/agora.xtec.cat\/ceipsantjordi-massanet\/wp-json\/wp\/v2\/types\/post"}],"author":[{"embeddable":true,"href":"https:\/\/agora.xtec.cat\/ceipsantjordi-massanet\/wp-json\/wp\/v2\/users\/4"}],"replies":[{"embeddable":true,"href":"https:\/\/agora.xtec.cat\/ceipsantjordi-massanet\/wp-json\/wp\/v2\/comments?post=10212"}],"version-history":[{"count":3,"href":"https:\/\/agora.xtec.cat\/ceipsantjordi-massanet\/wp-json\/wp\/v2\/posts\/10212\/revisions"}],"predecessor-version":[{"id":10529,"href":"https:\/\/agora.xtec.cat\/ceipsantjordi-massanet\/wp-json\/wp\/v2\/posts\/10212\/revisions\/10529"}],"wp:attachment":[{"href":"https:\/\/agora.xtec.cat\/ceipsantjordi-massanet\/wp-json\/wp\/v2\/media?parent=10212"}],"wp:term":[{"taxonomy":"category","embeddable":true,"href":"https:\/\/agora.xtec.cat\/ceipsantjordi-massanet\/wp-json\/wp\/v2\/categories?post=10212"},{"taxonomy":"post_tag","embeddable":true,"href":"https:\/\/agora.xtec.cat\/ceipsantjordi-massanet\/wp-json\/wp\/v2\/tags?post=10212"}],"curies":[{"name":"wp","href":"https:\/\/api.w.org\/{rel}","templated":true}]}}