{"id":1018,"date":"2015-10-22T13:09:57","date_gmt":"2015-10-22T11:09:57","guid":{"rendered":"http:\/\/agora.xtec.cat\/ceipsantjordi-massanet\/?p=1018"},"modified":"2015-10-23T13:11:10","modified_gmt":"2015-10-23T11:11:10","slug":"canvis-en-lhorari-de-migdia","status":"publish","type":"post","link":"https:\/\/agora.xtec.cat\/ceipsantjordi-massanet\/general\/canvis-en-lhorari-de-migdia\/","title":{"rendered":"CANVIS EN L&#8217;HORARI DE MIGDIA"},"content":{"rendered":"<p>Amb la intenci\u00f3 de garantir el bon funcionament del centre, a partir del dia 26 d&#8217;octubre s&#8217;aplicaran canvis a l&#8217;horari de migdia.<\/p>\n<p>1.- No s&#8217;obrir\u00e0 la porta de l&#8217;escola ni s&#8217;atendr\u00e0 tel\u00e8fon.<br \/>\n2.- Els monitors i monitores de les extraescolars esperaran els alumnes a la porta principal per anar junts a l&#8217;activitat.<br \/>\n3.- Per temes relacionats amb MENJADOR caldr\u00e0 trucar al 972859946.<br \/>\n4.- Per a recollir nens o nenes que siguin a menjador s&#8217;haur\u00e0 de trucar abans per tel\u00e8fon i esperar-los a la rampa d&#8217;entrada.<\/p>\n","protected":false},"excerpt":{"rendered":"<p>Amb la intenci\u00f3 de garantir el bon funcionament del centre, a partir del dia 26 d&#8217;octubre s&#8217;aplicaran canvis a l&#8217;horari de migdia.<br \/>\n1.- No s&#8217;obrir\u00e0 la porta de l&#8217;escola ni s&#8217;atendr\u00e0 tel\u00e8fon.<br \/>\n2.- Els monitors i monitores de les extraescolars esperaran els alumnes a la porta principal&hellip;  <a href=\"https:\/\/agora.xtec.cat\/ceipsantjordi-massanet\/general\/canvis-en-lhorari-de-migdia\/\" title=\"Read CANVIS EN L&#8217;HORARI DE MIGDIA\">Llegeix m\u00e9s\u00bb<\/a><\/p>\n","protected":false},"author":4,"featured_media":0,"comment_status":"open","ping_status":"open","sticky":false,"template":"","format":"standard","meta":{"_bbp_topic_count":0,"_bbp_reply_count":0,"_bbp_total_topic_count":0,"_bbp_total_reply_count":0,"_bbp_voice_count":0,"_bbp_anonymous_reply_count":0,"_bbp_topic_count_hidden":0,"_bbp_reply_count_hidden":0,"_bbp_forum_subforum_count":0,"footnotes":""},"categories":[1,4],"tags":[],"class_list":["post-1018","post","type-post","status-publish","format-standard","hentry","category-general","category-portada"],"post_mailing_queue_ids":[],"_links":{"self":[{"href":"https:\/\/agora.xtec.cat\/ceipsantjordi-massanet\/wp-json\/wp\/v2\/posts\/1018","targetHints":{"allow":["GET"]}}],"collection":[{"href":"https:\/\/agora.xtec.cat\/ceipsantjordi-massanet\/wp-json\/wp\/v2\/posts"}],"about":[{"href":"https:\/\/agora.xtec.cat\/ceipsantjordi-massanet\/wp-json\/wp\/v2\/types\/post"}],"author":[{"embeddable":true,"href":"https:\/\/agora.xtec.cat\/ceipsantjordi-massanet\/wp-json\/wp\/v2\/users\/4"}],"replies":[{"embeddable":true,"href":"https:\/\/agora.xtec.cat\/ceipsantjordi-massanet\/wp-json\/wp\/v2\/comments?post=1018"}],"version-history":[{"count":1,"href":"https:\/\/agora.xtec.cat\/ceipsantjordi-massanet\/wp-json\/wp\/v2\/posts\/1018\/revisions"}],"predecessor-version":[{"id":1019,"href":"https:\/\/agora.xtec.cat\/ceipsantjordi-massanet\/wp-json\/wp\/v2\/posts\/1018\/revisions\/1019"}],"wp:attachment":[{"href":"https:\/\/agora.xtec.cat\/ceipsantjordi-massanet\/wp-json\/wp\/v2\/media?parent=1018"}],"wp:term":[{"taxonomy":"category","embeddable":true,"href":"https:\/\/agora.xtec.cat\/ceipsantjordi-massanet\/wp-json\/wp\/v2\/categories?post=1018"},{"taxonomy":"post_tag","embeddable":true,"href":"https:\/\/agora.xtec.cat\/ceipsantjordi-massanet\/wp-json\/wp\/v2\/tags?post=1018"}],"curies":[{"name":"wp","href":"https:\/\/api.w.org\/{rel}","templated":true}]}}