{"id":1014,"date":"2015-10-23T12:55:40","date_gmt":"2015-10-23T10:55:40","guid":{"rendered":"http:\/\/agora.xtec.cat\/ceipsantjordi-massanet\/?p=1014"},"modified":"2015-10-23T13:12:10","modified_gmt":"2015-10-23T11:12:10","slug":"divendres-30-festiu","status":"publish","type":"post","link":"https:\/\/agora.xtec.cat\/ceipsantjordi-massanet\/portada\/divendres-30-festiu\/","title":{"rendered":"LA CASTANYADA!"},"content":{"rendered":"<p>El proper dijous dia 29, a la tarda, celebrarem LA CASTANYADA. Cal que cada alumna\/e porti 1 euro al seu tutor\/a abans del dia 28 d&#8217;octubre. Us recordem que LA CASTANYADA es fa a porta tancada.<\/p>\n<p>Us recordem que l&#8217;endem\u00e0 divendres, dia 30 \u00e9s festiu de lliure disposici\u00f3.<\/p>\n<h1 style=\"text-align: center;\">30<\/h1>\n<p>&nbsp;<\/p>\n","protected":false},"excerpt":{"rendered":"<p>El proper dijous dia 29, a la tarda, celebrarem LA CASTANYADA. Cal que cada alumna\/e porti 1 euro al seu tutor\/a abans del dia 28 d&#8217;octubre. Us recordem que LA CASTANYADA es fa a porta tancada.<br \/>\nUs recordem que l&#8217;endem\u00e0 divendres, dia 30 \u00e9s festiu de&hellip;  <a href=\"https:\/\/agora.xtec.cat\/ceipsantjordi-massanet\/portada\/divendres-30-festiu\/\" title=\"Read LA CASTANYADA!\">Llegeix m\u00e9s\u00bb<\/a><\/p>\n","protected":false},"author":4,"featured_media":0,"comment_status":"open","ping_status":"open","sticky":false,"template":"","format":"standard","meta":{"_bbp_topic_count":0,"_bbp_reply_count":0,"_bbp_total_topic_count":0,"_bbp_total_reply_count":0,"_bbp_voice_count":0,"_bbp_anonymous_reply_count":0,"_bbp_topic_count_hidden":0,"_bbp_reply_count_hidden":0,"_bbp_forum_subforum_count":0,"footnotes":""},"categories":[4],"tags":[],"class_list":["post-1014","post","type-post","status-publish","format-standard","hentry","category-portada"],"post_mailing_queue_ids":[],"_links":{"self":[{"href":"https:\/\/agora.xtec.cat\/ceipsantjordi-massanet\/wp-json\/wp\/v2\/posts\/1014","targetHints":{"allow":["GET"]}}],"collection":[{"href":"https:\/\/agora.xtec.cat\/ceipsantjordi-massanet\/wp-json\/wp\/v2\/posts"}],"about":[{"href":"https:\/\/agora.xtec.cat\/ceipsantjordi-massanet\/wp-json\/wp\/v2\/types\/post"}],"author":[{"embeddable":true,"href":"https:\/\/agora.xtec.cat\/ceipsantjordi-massanet\/wp-json\/wp\/v2\/users\/4"}],"replies":[{"embeddable":true,"href":"https:\/\/agora.xtec.cat\/ceipsantjordi-massanet\/wp-json\/wp\/v2\/comments?post=1014"}],"version-history":[{"count":3,"href":"https:\/\/agora.xtec.cat\/ceipsantjordi-massanet\/wp-json\/wp\/v2\/posts\/1014\/revisions"}],"predecessor-version":[{"id":1020,"href":"https:\/\/agora.xtec.cat\/ceipsantjordi-massanet\/wp-json\/wp\/v2\/posts\/1014\/revisions\/1020"}],"wp:attachment":[{"href":"https:\/\/agora.xtec.cat\/ceipsantjordi-massanet\/wp-json\/wp\/v2\/media?parent=1014"}],"wp:term":[{"taxonomy":"category","embeddable":true,"href":"https:\/\/agora.xtec.cat\/ceipsantjordi-massanet\/wp-json\/wp\/v2\/categories?post=1014"},{"taxonomy":"post_tag","embeddable":true,"href":"https:\/\/agora.xtec.cat\/ceipsantjordi-massanet\/wp-json\/wp\/v2\/tags?post=1014"}],"curies":[{"name":"wp","href":"https:\/\/api.w.org\/{rel}","templated":true}]}}