{"id":81,"count":3,"description":"L\u2019organitzaci\u00f3 dels suports s\u2019emmarca en el plantejament global que fa el centre per l\u2019educaci\u00f3 inclusiva de l\u2019alumnat. Correspon a l\u2019equip directiu, amb la col\u00b7laboraci\u00f3 de la comissi\u00f3 d\u2019atenci\u00f3 a la diversitat (CAD), determinar els criteris i la gesti\u00f3 dels recursos d\u2019atenci\u00f3 a la diversitat de l\u2019alumnat, amb la finalitat d\u2019aconseguir el m\u00e0xim nivell de participaci\u00f3 i d\u2019aprenentatge de l\u2019alumnat del grup de refer\u00e8ncia. \u00c9s important la implicaci\u00f3 del claustre i el consell escolar.\r\n\r\nEls centres compten amb l\u2019assessorament de l\u2019equip d\u2019assessorament i orientaci\u00f3 psicopedag\u00f2gica (EAP).","link":"https:\/\/agora.xtec.cat\/ceipsantjordi-massanet\/categoria\/primaria\/ee\/","name":"Especial","slug":"ee","taxonomy":"category","parent":5,"meta":[],"_links":{"self":[{"href":"https:\/\/agora.xtec.cat\/ceipsantjordi-massanet\/wp-json\/wp\/v2\/categories\/81","targetHints":{"allow":["GET"]}}],"collection":[{"href":"https:\/\/agora.xtec.cat\/ceipsantjordi-massanet\/wp-json\/wp\/v2\/categories"}],"about":[{"href":"https:\/\/agora.xtec.cat\/ceipsantjordi-massanet\/wp-json\/wp\/v2\/taxonomies\/category"}],"up":[{"embeddable":true,"href":"https:\/\/agora.xtec.cat\/ceipsantjordi-massanet\/wp-json\/wp\/v2\/categories\/5"}],"wp:post_type":[{"href":"https:\/\/agora.xtec.cat\/ceipsantjordi-massanet\/wp-json\/wp\/v2\/posts?categories=81"}],"curies":[{"name":"wp","href":"https:\/\/api.w.org\/{rel}","templated":true}]}}