{"id":5,"count":33,"description":"<h3>L'Educaci\u00f3 Prim\u00e0ria<\/h3>\r\nL'educaci\u00f3 prim\u00e0ria \u00e9s l'etapa educativa de car\u00e0cter obligatori i gratu\u00eft que compr\u00e8n sis cursos acad\u00e8mics i s'organitza en tres cicles de dos cursos: cicle inicial, cicle mitj\u00e0 i cicle superior. Amb car\u00e0cter general, s'inicia l'any natural que es compleixen 6 anys i es cursa fins als 12 anys.\r\n\r\nLa finalitat de l'educaci\u00f3 prim\u00e0ria \u00e9s preparar els alumnes perqu\u00e8 puguin donar respostes innovadores en una societat canviant i en evoluci\u00f3 constant. Els nens han d'aprendre a pensar i actuar de manera integrada, considerant les interconnexions i interrelacions entre els aprenentatges. S'ha de promoure, de manera transversal, l'adquisici\u00f3 d'h\u00e0bits i valors per resoldre problemes i situacions des de qualsevol de les \u00e0rees curriculars, s'ha de fomentar la iniciativa, la creativitat, l'esperit cr\u00edtic i el gust per aprendre, i s'ha de desenvolupar la capacitat de l'esfor\u00e7 i la cultura del treball.\r\n\r\nEls continguts de les \u00e0rees com a element fonamental per a l'assoliment de les compet\u00e8ncies s'organitzen amb un enfocament integral, multifuncional i transferible de coneixements, destreses i actituds que tots els individus necessiten per al seu desenvolupament personal i social. Aquests continguts degudament combinats i contextualitzats permeten assolir, en acabar l'ensenyament obligatori, les compet\u00e8ncies b\u00e0siques, la base per continuar l'aprenentatge al llarg de la vida i per poder desenvolupar projectes individuals i col\u00b7lectius.","link":"https:\/\/agora.xtec.cat\/ceipsantjordi-massanet\/categoria\/primaria\/","name":"Prim\u00e0ria","slug":"primaria","taxonomy":"category","parent":0,"meta":[],"_links":{"self":[{"href":"https:\/\/agora.xtec.cat\/ceipsantjordi-massanet\/wp-json\/wp\/v2\/categories\/5","targetHints":{"allow":["GET"]}}],"collection":[{"href":"https:\/\/agora.xtec.cat\/ceipsantjordi-massanet\/wp-json\/wp\/v2\/categories"}],"about":[{"href":"https:\/\/agora.xtec.cat\/ceipsantjordi-massanet\/wp-json\/wp\/v2\/taxonomies\/category"}],"wp:post_type":[{"href":"https:\/\/agora.xtec.cat\/ceipsantjordi-massanet\/wp-json\/wp\/v2\/posts?categories=5"}],"curies":[{"name":"wp","href":"https:\/\/api.w.org\/{rel}","templated":true}]}}