{"id":2,"count":622,"description":"<h3>L'Educaci\u00f3 Infantil<\/h3>\r\nEl segon cicle de l\u2019educaci\u00f3 infantil t\u00e9 com a objectiu el desenvolupament global de les capacitats dels infants durant els primers anys de vida, ha de prevenir i compensar els efectes discriminadors de les desigualtats d\u2019origen social, econ\u00f2mic o cultural. Ha de desvetllar en l\u2019infant el seu inter\u00e8s per aprendre, l\u2019h\u00e0bit de q\u00fcestionar-se i fer-se preguntes sobre el m\u00f3n que l\u2019envolta; l\u2019habilitat de cercar i trobar respostes als reptes que se li plantegen, ha d\u2019incidir en la seva capacitat per relacionar-se, comunicar-se i aprendre de forma conjunta. ","link":"https:\/\/agora.xtec.cat\/ceipsantjordi-massanet\/categoria\/infantil\/","name":"Infantil","slug":"infantil","taxonomy":"category","parent":0,"meta":[],"_links":{"self":[{"href":"https:\/\/agora.xtec.cat\/ceipsantjordi-massanet\/wp-json\/wp\/v2\/categories\/2","targetHints":{"allow":["GET"]}}],"collection":[{"href":"https:\/\/agora.xtec.cat\/ceipsantjordi-massanet\/wp-json\/wp\/v2\/categories"}],"about":[{"href":"https:\/\/agora.xtec.cat\/ceipsantjordi-massanet\/wp-json\/wp\/v2\/taxonomies\/category"}],"wp:post_type":[{"href":"https:\/\/agora.xtec.cat\/ceipsantjordi-massanet\/wp-json\/wp\/v2\/posts?categories=2"}],"curies":[{"name":"wp","href":"https:\/\/api.w.org\/{rel}","templated":true}]}}