{"id":9380,"date":"2026-04-23T18:03:35","date_gmt":"2026-04-23T16:03:35","guid":{"rendered":"https:\/\/agora.xtec.cat\/ceipsantjoan\/?p=9380"},"modified":"2026-04-23T14:05:42","modified_gmt":"2026-04-23T12:05:42","slug":"sardanes","status":"publish","type":"post","link":"https:\/\/agora.xtec.cat\/ceipsantjoan\/general\/sardanes\/","title":{"rendered":"Sardanes!"},"content":{"rendered":"<p>I quin goig aquestes sardanes! Volem felicitar als nens\/es de P5 i P6 perqu\u00e8 ho han fet molt b\u00e9! Han estat mesos practicant i aix\u00f2 es nota! Gr\u00e0cies, Esteve!<br \/>\nI que maca la sardana que hem fet tots\/es junts\/es!<\/p>\n<p>Si voleu veure m\u00e9s fotos podeu clicar la imatge i anar a la carpeta:\u201dBallada de sardanes\u201d.<\/p>\n<p><a href=\"https:\/\/agora.xtec.cat\/ceipsantjoan\/fotos\/fotos-escola\/\"><img loading=\"lazy\" decoding=\"async\" class=\"aligncenter size-large wp-image-9381\" src=\"https:\/\/agora.xtec.cat\/ceipsantjoan\/wp-content\/uploads\/usu1864\/2026\/04\/Presentacio-educativa-de-Sant-jordi-en-catala-illustrativa-colorida-1-1024x576.png\" alt=\"\" width=\"1024\" height=\"576\" srcset=\"https:\/\/agora.xtec.cat\/ceipsantjoan\/wp-content\/uploads\/usu1864\/2026\/04\/Presentacio-educativa-de-Sant-jordi-en-catala-illustrativa-colorida-1-1024x576.png 1024w, https:\/\/agora.xtec.cat\/ceipsantjoan\/wp-content\/uploads\/usu1864\/2026\/04\/Presentacio-educativa-de-Sant-jordi-en-catala-illustrativa-colorida-1-300x169.png 300w, https:\/\/agora.xtec.cat\/ceipsantjoan\/wp-content\/uploads\/usu1864\/2026\/04\/Presentacio-educativa-de-Sant-jordi-en-catala-illustrativa-colorida-1-768x432.png 768w, https:\/\/agora.xtec.cat\/ceipsantjoan\/wp-content\/uploads\/usu1864\/2026\/04\/Presentacio-educativa-de-Sant-jordi-en-catala-illustrativa-colorida-1-1536x864.png 1536w, https:\/\/agora.xtec.cat\/ceipsantjoan\/wp-content\/uploads\/usu1864\/2026\/04\/Presentacio-educativa-de-Sant-jordi-en-catala-illustrativa-colorida-1.png 1920w\" sizes=\"auto, (max-width: 1024px) 100vw, 1024px\" \/><\/a><\/p>\n","protected":false},"excerpt":{"rendered":"<p>I quin goig aquestes sardanes! Volem felicitar als nens\/es de P5 i P6 perqu\u00e8 ho han fet molt b\u00e9! Han estat mesos practicant i aix\u00f2 es nota! Gr\u00e0cies, Esteve!<br \/>\nI que maca la sardana que hem fet tots\/es junts\/es!<br \/>\nSi voleu veure m\u00e9s fotos podeu clicar la&hellip;  <a href=\"https:\/\/agora.xtec.cat\/ceipsantjoan\/general\/sardanes\/\" title=\"Read Sardanes!\">Llegeix m\u00e9s\u00bb<\/a><\/p>\n","protected":false},"author":10,"featured_media":0,"comment_status":"open","ping_status":"open","sticky":false,"template":"","format":"standard","meta":{"_bbp_topic_count":0,"_bbp_reply_count":0,"_bbp_total_topic_count":0,"_bbp_total_reply_count":0,"_bbp_voice_count":0,"_bbp_anonymous_reply_count":0,"_bbp_topic_count_hidden":0,"_bbp_reply_count_hidden":0,"_bbp_forum_subforum_count":0,"footnotes":""},"categories":[1,65,3,8,9,2,64,350,10,11,12,13,14,15,314,4,5],"tags":[],"class_list":["post-9380","post","type-post","status-publish","format-standard","hentry","category-general","category-grans","category-i3","category-i4","category-i5","category-infantil","category-mitjans","category-p1-2","category-p1","category-p2","category-p3","category-p4","category-p5","category-p6","category-petits","category-portada","category-primaria"],"post_mailing_queue_ids":[],"_links":{"self":[{"href":"https:\/\/agora.xtec.cat\/ceipsantjoan\/wp-json\/wp\/v2\/posts\/9380","targetHints":{"allow":["GET"]}}],"collection":[{"href":"https:\/\/agora.xtec.cat\/ceipsantjoan\/wp-json\/wp\/v2\/posts"}],"about":[{"href":"https:\/\/agora.xtec.cat\/ceipsantjoan\/wp-json\/wp\/v2\/types\/post"}],"author":[{"embeddable":true,"href":"https:\/\/agora.xtec.cat\/ceipsantjoan\/wp-json\/wp\/v2\/users\/10"}],"replies":[{"embeddable":true,"href":"https:\/\/agora.xtec.cat\/ceipsantjoan\/wp-json\/wp\/v2\/comments?post=9380"}],"version-history":[{"count":3,"href":"https:\/\/agora.xtec.cat\/ceipsantjoan\/wp-json\/wp\/v2\/posts\/9380\/revisions"}],"predecessor-version":[{"id":9389,"href":"https:\/\/agora.xtec.cat\/ceipsantjoan\/wp-json\/wp\/v2\/posts\/9380\/revisions\/9389"}],"wp:attachment":[{"href":"https:\/\/agora.xtec.cat\/ceipsantjoan\/wp-json\/wp\/v2\/media?parent=9380"}],"wp:term":[{"taxonomy":"category","embeddable":true,"href":"https:\/\/agora.xtec.cat\/ceipsantjoan\/wp-json\/wp\/v2\/categories?post=9380"},{"taxonomy":"post_tag","embeddable":true,"href":"https:\/\/agora.xtec.cat\/ceipsantjoan\/wp-json\/wp\/v2\/tags?post=9380"}],"curies":[{"name":"wp","href":"https:\/\/api.w.org\/{rel}","templated":true}]}}