{"id":9375,"date":"2026-04-23T18:00:40","date_gmt":"2026-04-23T16:00:40","guid":{"rendered":"https:\/\/agora.xtec.cat\/ceipsantjoan\/?p=9375"},"modified":"2026-04-22T21:53:43","modified_gmt":"2026-04-22T19:53:43","slug":"parades-de-llibres-i-roses","status":"publish","type":"post","link":"https:\/\/agora.xtec.cat\/ceipsantjoan\/general\/parades-de-llibres-i-roses\/","title":{"rendered":"Parades de llibres i roses"},"content":{"rendered":"<p style=\"text-align: left;\">Avui al mat\u00ed, tot l\u2019alumnat de l\u2019escola hem fet una passejadeta pels carrers de Berga per visitar les parades de llibres i roses. Sant Jordi es respirava per tot arreu! Lectura de poesia a la Pla\u00e7a de Sant Joan, paradistes, gent amunt i avall\u2026 Nosaltres, tamb\u00e9 hem fet parada a la llibreria per comprar uns llibres per les classes. Els grans hem parat a mirar-los al Lled\u00f3. Els m\u00e9s petits\/es hem acabat d\u2019arribar a l\u2019escola. I despr\u00e9s de la passejada hem agafat forces esmorzant coca i xocolata perqu\u00e8 ens esperaven les sardanes!<\/p>\n<p>Si voleu veure m\u00e9s fotografies ho podeu fer clicant la imatge i accedint a la carpeta: \u201cPasseig Carrer Major\u201d.<\/p>\n<p><a href=\"https:\/\/agora.xtec.cat\/ceipsantjoan\/fotos\/fotos-escola\/\"><img loading=\"lazy\" decoding=\"async\" class=\"aligncenter size-large wp-image-9377\" src=\"https:\/\/agora.xtec.cat\/ceipsantjoan\/wp-content\/uploads\/usu1864\/2026\/04\/Presentacio-educativa-de-Sant-jordi-en-catala-illustrativa-colorida-1024x576.png\" alt=\"\" width=\"1024\" height=\"576\" srcset=\"https:\/\/agora.xtec.cat\/ceipsantjoan\/wp-content\/uploads\/usu1864\/2026\/04\/Presentacio-educativa-de-Sant-jordi-en-catala-illustrativa-colorida-1024x576.png 1024w, https:\/\/agora.xtec.cat\/ceipsantjoan\/wp-content\/uploads\/usu1864\/2026\/04\/Presentacio-educativa-de-Sant-jordi-en-catala-illustrativa-colorida-300x169.png 300w, https:\/\/agora.xtec.cat\/ceipsantjoan\/wp-content\/uploads\/usu1864\/2026\/04\/Presentacio-educativa-de-Sant-jordi-en-catala-illustrativa-colorida-768x432.png 768w, https:\/\/agora.xtec.cat\/ceipsantjoan\/wp-content\/uploads\/usu1864\/2026\/04\/Presentacio-educativa-de-Sant-jordi-en-catala-illustrativa-colorida-1536x864.png 1536w, https:\/\/agora.xtec.cat\/ceipsantjoan\/wp-content\/uploads\/usu1864\/2026\/04\/Presentacio-educativa-de-Sant-jordi-en-catala-illustrativa-colorida.png 1920w\" sizes=\"auto, (max-width: 1024px) 100vw, 1024px\" \/><\/a><\/p>\n<p>&nbsp;<\/p>\n","protected":false},"excerpt":{"rendered":"<p>Avui al mat\u00ed, tot l\u2019alumnat de l\u2019escola hem fet una passejadeta pels carrers de Berga per visitar les parades de llibres i roses. Sant Jordi es respirava per tot arreu! Lectura de poesia a la Pla\u00e7a de Sant Joan, paradistes, gent amunt i avall\u2026 Nosaltres,&hellip;  <a href=\"https:\/\/agora.xtec.cat\/ceipsantjoan\/general\/parades-de-llibres-i-roses\/\" title=\"Read Parades de llibres i roses\">Llegeix m\u00e9s\u00bb<\/a><\/p>\n","protected":false},"author":10,"featured_media":0,"comment_status":"open","ping_status":"open","sticky":false,"template":"","format":"standard","meta":{"_bbp_topic_count":0,"_bbp_reply_count":0,"_bbp_total_topic_count":0,"_bbp_total_reply_count":0,"_bbp_voice_count":0,"_bbp_anonymous_reply_count":0,"_bbp_topic_count_hidden":0,"_bbp_reply_count_hidden":0,"_bbp_forum_subforum_count":0,"footnotes":""},"categories":[1,65,3,8,9,2,64,350,10,11,12,13,14,15,314,4,5,70],"tags":[],"class_list":["post-9375","post","type-post","status-publish","format-standard","hentry","category-general","category-grans","category-i3","category-i4","category-i5","category-infantil","category-mitjans","category-p1-2","category-p1","category-p2","category-p3","category-p4","category-p5","category-p6","category-petits","category-portada","category-primaria","category-jordi"],"post_mailing_queue_ids":[],"_links":{"self":[{"href":"https:\/\/agora.xtec.cat\/ceipsantjoan\/wp-json\/wp\/v2\/posts\/9375","targetHints":{"allow":["GET"]}}],"collection":[{"href":"https:\/\/agora.xtec.cat\/ceipsantjoan\/wp-json\/wp\/v2\/posts"}],"about":[{"href":"https:\/\/agora.xtec.cat\/ceipsantjoan\/wp-json\/wp\/v2\/types\/post"}],"author":[{"embeddable":true,"href":"https:\/\/agora.xtec.cat\/ceipsantjoan\/wp-json\/wp\/v2\/users\/10"}],"replies":[{"embeddable":true,"href":"https:\/\/agora.xtec.cat\/ceipsantjoan\/wp-json\/wp\/v2\/comments?post=9375"}],"version-history":[{"count":3,"href":"https:\/\/agora.xtec.cat\/ceipsantjoan\/wp-json\/wp\/v2\/posts\/9375\/revisions"}],"predecessor-version":[{"id":9379,"href":"https:\/\/agora.xtec.cat\/ceipsantjoan\/wp-json\/wp\/v2\/posts\/9375\/revisions\/9379"}],"wp:attachment":[{"href":"https:\/\/agora.xtec.cat\/ceipsantjoan\/wp-json\/wp\/v2\/media?parent=9375"}],"wp:term":[{"taxonomy":"category","embeddable":true,"href":"https:\/\/agora.xtec.cat\/ceipsantjoan\/wp-json\/wp\/v2\/categories?post=9375"},{"taxonomy":"post_tag","embeddable":true,"href":"https:\/\/agora.xtec.cat\/ceipsantjoan\/wp-json\/wp\/v2\/tags?post=9375"}],"curies":[{"name":"wp","href":"https:\/\/api.w.org\/{rel}","templated":true}]}}