{"id":8043,"date":"2024-10-30T21:37:25","date_gmt":"2024-10-30T20:37:25","guid":{"rendered":"https:\/\/agora.xtec.cat\/ceipsantjoan\/?p=8043"},"modified":"2024-11-19T20:06:47","modified_gmt":"2024-11-19T19:06:47","slug":"fem-fem-fem-fem-els-panellets-2","status":"publish","type":"post","link":"https:\/\/agora.xtec.cat\/ceipsantjoan\/general\/fem-fem-fem-fem-els-panellets-2\/","title":{"rendered":"Fem, fem, fem&#8230; fem els panellets!"},"content":{"rendered":"<p>Avui, l&#8217;escola feia olor d&#8217;ametlla&#8230; I de patata&#8230; I de sucre!!!! I qu\u00e8 en surt si barregem, ben barrejats tots aquests ingredients) Doncs, \u00e9s clar! Uns panellets bon\u00edssims!!! I s\u00ed, aix\u00ed ens han quedat!! Tan bons que a la tarda ens els hem menjat!!!\u00a0 No ens ha costat gens de fer-los. De fet, ja va essent tradici\u00f3, que cada any, quan arriba la castanyada, petits, mitjans i grans ens ajuntem per fer aquest taller de panellets. Petits i grans ens encomanem la il\u00b7lusi\u00f3 per trobar-nos i compartir una estoneta junts! Aquests tallers de panellets han anat molt i molt b\u00e9! Junts aprenem els uns dels altres i anem omplint la motxilla de bonics records!<\/p>\n<p>Cliqueu la imatge!<\/p>\n<p><a href=\"https:\/\/photos.app.goo.gl\/MjJYkVA1jnUf9uPg9\" target=\"_blank\" rel=\"noopener\"><img loading=\"lazy\" decoding=\"async\" class=\"alignleft wp-image-8044\" src=\"https:\/\/agora.xtec.cat\/ceipsantjoan\/wp-content\/uploads\/usu1864\/2024\/10\/Copia-de-Jornada-convivencia-Petits-1024x1024.png\" alt=\"\" width=\"786\" height=\"786\" srcset=\"https:\/\/agora.xtec.cat\/ceipsantjoan\/wp-content\/uploads\/usu1864\/2024\/10\/Copia-de-Jornada-convivencia-Petits-1024x1024.png 1024w, https:\/\/agora.xtec.cat\/ceipsantjoan\/wp-content\/uploads\/usu1864\/2024\/10\/Copia-de-Jornada-convivencia-Petits-300x300.png 300w, https:\/\/agora.xtec.cat\/ceipsantjoan\/wp-content\/uploads\/usu1864\/2024\/10\/Copia-de-Jornada-convivencia-Petits-150x150.png 150w, https:\/\/agora.xtec.cat\/ceipsantjoan\/wp-content\/uploads\/usu1864\/2024\/10\/Copia-de-Jornada-convivencia-Petits-768x768.png 768w, https:\/\/agora.xtec.cat\/ceipsantjoan\/wp-content\/uploads\/usu1864\/2024\/10\/Copia-de-Jornada-convivencia-Petits.png 1080w\" sizes=\"auto, (max-width: 786px) 100vw, 786px\" \/><\/a><\/p>\n","protected":false},"excerpt":{"rendered":"<p>Avui, l&#8217;escola feia olor d&#8217;ametlla&#8230; I de patata&#8230; I de sucre!!!! I qu\u00e8 en surt si barregem, ben barrejats tots aquests ingredients) Doncs, \u00e9s clar! Uns panellets bon\u00edssims!!! I s\u00ed, aix\u00ed ens han quedat!! Tan bons que a la tarda ens els hem menjat!!!\u00a0 No&hellip;  <a href=\"https:\/\/agora.xtec.cat\/ceipsantjoan\/general\/fem-fem-fem-fem-els-panellets-2\/\" title=\"Read Fem, fem, fem&#8230; fem els panellets!\">Llegeix m\u00e9s\u00bb<\/a><\/p>\n","protected":false},"author":10,"featured_media":0,"comment_status":"open","ping_status":"closed","sticky":false,"template":"","format":"standard","meta":{"_bbp_topic_count":0,"_bbp_reply_count":0,"_bbp_total_topic_count":0,"_bbp_total_reply_count":0,"_bbp_voice_count":0,"_bbp_anonymous_reply_count":0,"_bbp_topic_count_hidden":0,"_bbp_reply_count_hidden":0,"_bbp_forum_subforum_count":0,"footnotes":""},"categories":[67,1,65,3,8,9,2,64,10,11,12,13,14,15,314,4,5],"tags":[],"class_list":["post-8043","post","type-post","status-publish","format-standard","hentry","category-castanyada","category-general","category-grans","category-i3","category-i4","category-i5","category-infantil","category-mitjans","category-p1","category-p2","category-p3","category-p4","category-p5","category-p6","category-petits","category-portada","category-primaria"],"post_mailing_queue_ids":[],"_links":{"self":[{"href":"https:\/\/agora.xtec.cat\/ceipsantjoan\/wp-json\/wp\/v2\/posts\/8043","targetHints":{"allow":["GET"]}}],"collection":[{"href":"https:\/\/agora.xtec.cat\/ceipsantjoan\/wp-json\/wp\/v2\/posts"}],"about":[{"href":"https:\/\/agora.xtec.cat\/ceipsantjoan\/wp-json\/wp\/v2\/types\/post"}],"author":[{"embeddable":true,"href":"https:\/\/agora.xtec.cat\/ceipsantjoan\/wp-json\/wp\/v2\/users\/10"}],"replies":[{"embeddable":true,"href":"https:\/\/agora.xtec.cat\/ceipsantjoan\/wp-json\/wp\/v2\/comments?post=8043"}],"version-history":[{"count":2,"href":"https:\/\/agora.xtec.cat\/ceipsantjoan\/wp-json\/wp\/v2\/posts\/8043\/revisions"}],"predecessor-version":[{"id":8127,"href":"https:\/\/agora.xtec.cat\/ceipsantjoan\/wp-json\/wp\/v2\/posts\/8043\/revisions\/8127"}],"wp:attachment":[{"href":"https:\/\/agora.xtec.cat\/ceipsantjoan\/wp-json\/wp\/v2\/media?parent=8043"}],"wp:term":[{"taxonomy":"category","embeddable":true,"href":"https:\/\/agora.xtec.cat\/ceipsantjoan\/wp-json\/wp\/v2\/categories?post=8043"},{"taxonomy":"post_tag","embeddable":true,"href":"https:\/\/agora.xtec.cat\/ceipsantjoan\/wp-json\/wp\/v2\/tags?post=8043"}],"curies":[{"name":"wp","href":"https:\/\/api.w.org\/{rel}","templated":true}]}}