{"id":7385,"date":"2023-12-19T21:55:10","date_gmt":"2023-12-19T20:55:10","guid":{"rendered":"https:\/\/agora.xtec.cat\/ceipsantjoan\/?p=7385"},"modified":"2023-12-19T22:55:02","modified_gmt":"2023-12-19T21:55:02","slug":"situacio-daprenentatge-som-la-classe-dels-mims","status":"publish","type":"post","link":"https:\/\/agora.xtec.cat\/ceipsantjoan\/infantil\/situacio-daprenentatge-som-la-classe-dels-mims\/","title":{"rendered":"Situaci\u00f3 d&#8217;aprenentatge: &#8220;Som la classe dels Mims&#8221;"},"content":{"rendered":"<p>A punt d&#8217;acabar el primer trimestre, a la classe dels Mims donem per finalitzada la creaci\u00f3 dels nostres curtmetratges. Durant tots aquests mesos hem dedicat moltes sessions a crear hist\u00f2ries que despr\u00e9s hem convertit en curtmetratges que veuran la llum el dia de la gran estrena, que ser\u00e0 el dia 12 de gener i que compartirem amb totes les fam\u00edlies. Han estat mesos d&#8217;aprenentatges: aprendre a comunicar amb el cos, crear contes, escriure&#8217;ls, il.lustrar-los i gravar-los i d&#8217;aprendre a treballar en grup! El m\u00e9s important, per\u00f2, \u00e9s que hem gaudit de tot aquest proc\u00e9s, l&#8217;hem viscut i ens l&#8217;hem fet nostre. Us deixem un v\u00eddeo on es veu tot el cam\u00ed que hem fet fins arribar al producte final, la creaci\u00f3 dels curtmetratges! Una vegada feta l&#8217;estrena, no dubteu que tamb\u00e9 els compartirem amb vosaltres!<\/p>\n<p><iframe loading=\"lazy\" title=\"PROJECTE MIMS\" width=\"500\" height=\"375\" src=\"https:\/\/www.youtube.com\/embed\/Qz0hw0bc3bA?feature=oembed\" frameborder=\"0\" allow=\"accelerometer; autoplay; clipboard-write; encrypted-media; gyroscope; picture-in-picture; web-share\" referrerpolicy=\"strict-origin-when-cross-origin\" allowfullscreen><\/iframe><\/p>\n","protected":false},"excerpt":{"rendered":"<p>A punt d&#8217;acabar el primer trimestre, a la classe dels Mims donem per finalitzada la creaci\u00f3 dels nostres curtmetratges. Durant tots aquests mesos hem dedicat moltes sessions a crear hist\u00f2ries que despr\u00e9s hem convertit en curtmetratges que veuran la llum el dia de la gran&hellip;  <a href=\"https:\/\/agora.xtec.cat\/ceipsantjoan\/infantil\/situacio-daprenentatge-som-la-classe-dels-mims\/\" title=\"Read Situaci\u00f3 d&#8217;aprenentatge: &#8220;Som la classe dels Mims&#8221;\">Llegeix m\u00e9s\u00bb<\/a><\/p>\n","protected":false},"author":13,"featured_media":0,"comment_status":"open","ping_status":"closed","sticky":false,"template":"","format":"standard","meta":{"_bbp_topic_count":0,"_bbp_reply_count":0,"_bbp_total_topic_count":0,"_bbp_total_reply_count":0,"_bbp_voice_count":0,"_bbp_anonymous_reply_count":0,"_bbp_topic_count_hidden":0,"_bbp_reply_count_hidden":0,"_bbp_forum_subforum_count":0,"footnotes":""},"categories":[9,2,4],"tags":[],"class_list":["post-7385","post","type-post","status-publish","format-standard","hentry","category-i5","category-infantil","category-portada"],"post_mailing_queue_ids":[],"_links":{"self":[{"href":"https:\/\/agora.xtec.cat\/ceipsantjoan\/wp-json\/wp\/v2\/posts\/7385","targetHints":{"allow":["GET"]}}],"collection":[{"href":"https:\/\/agora.xtec.cat\/ceipsantjoan\/wp-json\/wp\/v2\/posts"}],"about":[{"href":"https:\/\/agora.xtec.cat\/ceipsantjoan\/wp-json\/wp\/v2\/types\/post"}],"author":[{"embeddable":true,"href":"https:\/\/agora.xtec.cat\/ceipsantjoan\/wp-json\/wp\/v2\/users\/13"}],"replies":[{"embeddable":true,"href":"https:\/\/agora.xtec.cat\/ceipsantjoan\/wp-json\/wp\/v2\/comments?post=7385"}],"version-history":[{"count":2,"href":"https:\/\/agora.xtec.cat\/ceipsantjoan\/wp-json\/wp\/v2\/posts\/7385\/revisions"}],"predecessor-version":[{"id":7387,"href":"https:\/\/agora.xtec.cat\/ceipsantjoan\/wp-json\/wp\/v2\/posts\/7385\/revisions\/7387"}],"wp:attachment":[{"href":"https:\/\/agora.xtec.cat\/ceipsantjoan\/wp-json\/wp\/v2\/media?parent=7385"}],"wp:term":[{"taxonomy":"category","embeddable":true,"href":"https:\/\/agora.xtec.cat\/ceipsantjoan\/wp-json\/wp\/v2\/categories?post=7385"},{"taxonomy":"post_tag","embeddable":true,"href":"https:\/\/agora.xtec.cat\/ceipsantjoan\/wp-json\/wp\/v2\/tags?post=7385"}],"curies":[{"name":"wp","href":"https:\/\/api.w.org\/{rel}","templated":true}]}}