{"id":5473,"date":"2026-04-17T17:27:46","date_gmt":"2026-04-17T15:27:46","guid":{"rendered":"https:\/\/agora.xtec.cat\/ceipsantjaume\/?p=5473"},"modified":"2026-04-17T17:27:46","modified_gmt":"2026-04-17T15:27:46","slug":"dia-de-leducacio-fisica-al-carrer-%f0%9f%a4%b8%f0%9f%8f%bb%e2%99%80%ef%b8%8f%f0%9f%a4%b8%f0%9f%8f%bb%e2%99%82%ef%b8%8f","status":"publish","type":"post","link":"https:\/\/agora.xtec.cat\/ceipsantjaume\/general\/dia-de-leducacio-fisica-al-carrer-%f0%9f%a4%b8%f0%9f%8f%bb%e2%99%80%ef%b8%8f%f0%9f%a4%b8%f0%9f%8f%bb%e2%99%82%ef%b8%8f\/","title":{"rendered":"Dia de l\u2019Educaci\u00f3 F\u00edsica al carrer \ud83e\udd38\ud83c\udffb\u200d\u2640\ufe0f\ud83e\udd38\ud83c\udffb\u200d\u2642\ufe0f"},"content":{"rendered":"<p>A la nostra escola, avui dia 17 d\u2019abril, hem celebrat el <strong>Dia de l\u2019Educaci\u00f3 F\u00edsica al carrer<\/strong>, una jornada molt especial en qu\u00e8 l\u2019alumnat ha pogut gaudir de l\u2019activitat f\u00edsica fora de l\u2019aula, aprofitant els espais del nostre entorn.<\/p>\n<p>Els m\u00e9s petits, d\u2019educaci\u00f3 infantil, han realitzat diverses activitats dins de l\u2019escola, com les bitlles humanes, el joc del paracaigudes i diferents circuits, tot passant un mat\u00ed molt divertit i actiu.<\/p>\n<p>L\u2019alumnat de 1r i 2n s\u2019ha despla\u00e7at a la Barraca, on han practicat jocs tradicionals i bitlles. Tamb\u00e9 han anat al pavell\u00f3, on han pogut fer una sessi\u00f3 de ball de sal\u00f3.<\/p>\n<p>Els alumnes de 3r han anat fins al passeig del riu, on han visitat el club de rem i l\u2019espai de cal\u00b7list\u00e8nia. A m\u00e9s, han participat en un circuit esportiu, combinant exercici i descoberta de l\u2019entorn.<\/p>\n<p>Per la seva banda, l\u2019alumnat de 4t ha realitzat diverses activitats esportives a l\u2019escola, gaudint d\u2019una jornada plena de moviment.<\/p>\n<p>Els alumnes de 5\u00e8 han fet una sortida en bicicleta fins a l\u2019illa de Gr\u00e0cia, on han pogut visitar aquest espai natural i gaudir del paisatge envoltats pel nostre riu Ebre.<\/p>\n<p>Finalment, l\u2019alumnat de 6\u00e8 ha viscut una jornada molt completa amb una sortida en bicicleta fins a la Platja dels Eucaliptus, on han realitzat diferents activitats esportives al llarg del dia.<\/p>\n<p>Per acabar la jornada, des del Club Gimn\u00e0stica R\u00edtmica Sant Jaume ens han fet un obsequi a cadascun de natros. Moltes gr\u00e0cies per aquest detall!<\/p>\n<p>Ha estat un dia ple d\u2019esport, conviv\u00e8ncia i diversi\u00f3, en qu\u00e8 hem posat en valor la import\u00e0ncia de l\u2019activitat f\u00edsica i els h\u00e0bits saludables.<\/p>\n<p>Volem agrair a totes i tots els que ho han fet possible, especialment a les fam\u00edlies i a les empreses familiars que han col\u00b7laborat i han contribu\u00eft a fer d\u2019aquesta jornada una experi\u00e8ncia tan enriquidora.<\/p>\n<p>&nbsp;<\/p>\n<div id='gallery-1' class='gallery galleryid-5473 gallery-columns-3 gallery-size-thumbnail'><figure class='gallery-item'>\n\t\t\t<div class='gallery-icon landscape'>\n\t\t\t\t<a href='https:\/\/agora.xtec.cat\/ceipsantjaume\/general\/dia-de-leducacio-fisica-al-carrer-%f0%9f%a4%b8%f0%9f%8f%bb%e2%99%80%ef%b8%8f%f0%9f%a4%b8%f0%9f%8f%bb%e2%99%82%ef%b8%8f\/attachment\/dia-esport-1-2\/'><img loading=\"lazy\" decoding=\"async\" width=\"150\" height=\"150\" src=\"https:\/\/agora.xtec.cat\/ceipsantjaume\/wp-content\/uploads\/usu1815\/2026\/04\/Dia-Esport-1-1-150x150.jpeg\" class=\"attachment-thumbnail size-thumbnail\" alt=\"\" \/><\/a>\n\t\t\t<\/div><\/figure><figure class='gallery-item'>\n\t\t\t<div class='gallery-icon landscape'>\n\t\t\t\t<a href='https:\/\/agora.xtec.cat\/ceipsantjaume\/general\/dia-de-leducacio-fisica-al-carrer-%f0%9f%a4%b8%f0%9f%8f%bb%e2%99%80%ef%b8%8f%f0%9f%a4%b8%f0%9f%8f%bb%e2%99%82%ef%b8%8f\/attachment\/dia-esport-2-2\/'><img loading=\"lazy\" decoding=\"async\" width=\"150\" height=\"150\" src=\"https:\/\/agora.xtec.cat\/ceipsantjaume\/wp-content\/uploads\/usu1815\/2026\/04\/Dia-Esport-2-1-150x150.jpeg\" class=\"attachment-thumbnail size-thumbnail\" alt=\"\" \/><\/a>\n\t\t\t<\/div><\/figure><figure class='gallery-item'>\n\t\t\t<div class='gallery-icon landscape'>\n\t\t\t\t<a href='https:\/\/agora.xtec.cat\/ceipsantjaume\/general\/dia-de-leducacio-fisica-al-carrer-%f0%9f%a4%b8%f0%9f%8f%bb%e2%99%80%ef%b8%8f%f0%9f%a4%b8%f0%9f%8f%bb%e2%99%82%ef%b8%8f\/attachment\/dia-esport-3-2\/'><img loading=\"lazy\" decoding=\"async\" width=\"150\" height=\"150\" src=\"https:\/\/agora.xtec.cat\/ceipsantjaume\/wp-content\/uploads\/usu1815\/2026\/04\/Dia-Esport-3-1-150x150.jpeg\" class=\"attachment-thumbnail size-thumbnail\" alt=\"\" \/><\/a>\n\t\t\t<\/div><\/figure><figure class='gallery-item'>\n\t\t\t<div class='gallery-icon portrait'>\n\t\t\t\t<a href='https:\/\/agora.xtec.cat\/ceipsantjaume\/general\/dia-de-leducacio-fisica-al-carrer-%f0%9f%a4%b8%f0%9f%8f%bb%e2%99%80%ef%b8%8f%f0%9f%a4%b8%f0%9f%8f%bb%e2%99%82%ef%b8%8f\/attachment\/dia-esport-4-2\/'><img loading=\"lazy\" decoding=\"async\" width=\"150\" height=\"150\" src=\"https:\/\/agora.xtec.cat\/ceipsantjaume\/wp-content\/uploads\/usu1815\/2026\/04\/Dia-Esport-4-1-150x150.jpeg\" class=\"attachment-thumbnail size-thumbnail\" alt=\"\" \/><\/a>\n\t\t\t<\/div><\/figure><figure class='gallery-item'>\n\t\t\t<div class='gallery-icon portrait'>\n\t\t\t\t<a href='https:\/\/agora.xtec.cat\/ceipsantjaume\/general\/dia-de-leducacio-fisica-al-carrer-%f0%9f%a4%b8%f0%9f%8f%bb%e2%99%80%ef%b8%8f%f0%9f%a4%b8%f0%9f%8f%bb%e2%99%82%ef%b8%8f\/attachment\/dia-esport-5-2\/'><img loading=\"lazy\" decoding=\"async\" width=\"150\" height=\"150\" src=\"https:\/\/agora.xtec.cat\/ceipsantjaume\/wp-content\/uploads\/usu1815\/2026\/04\/Dia-Esport-5-1-150x150.jpeg\" class=\"attachment-thumbnail size-thumbnail\" alt=\"\" \/><\/a>\n\t\t\t<\/div><\/figure><figure class='gallery-item'>\n\t\t\t<div class='gallery-icon landscape'>\n\t\t\t\t<a href='https:\/\/agora.xtec.cat\/ceipsantjaume\/general\/dia-de-leducacio-fisica-al-carrer-%f0%9f%a4%b8%f0%9f%8f%bb%e2%99%80%ef%b8%8f%f0%9f%a4%b8%f0%9f%8f%bb%e2%99%82%ef%b8%8f\/attachment\/dia-esport-6-2\/'><img loading=\"lazy\" decoding=\"async\" width=\"150\" height=\"150\" src=\"https:\/\/agora.xtec.cat\/ceipsantjaume\/wp-content\/uploads\/usu1815\/2026\/04\/Dia-Esport-6-1-150x150.jpeg\" class=\"attachment-thumbnail size-thumbnail\" alt=\"\" \/><\/a>\n\t\t\t<\/div><\/figure><figure class='gallery-item'>\n\t\t\t<div class='gallery-icon portrait'>\n\t\t\t\t<a href='https:\/\/agora.xtec.cat\/ceipsantjaume\/general\/dia-de-leducacio-fisica-al-carrer-%f0%9f%a4%b8%f0%9f%8f%bb%e2%99%80%ef%b8%8f%f0%9f%a4%b8%f0%9f%8f%bb%e2%99%82%ef%b8%8f\/attachment\/dia-esport-7-2\/'><img loading=\"lazy\" decoding=\"async\" width=\"150\" height=\"150\" src=\"https:\/\/agora.xtec.cat\/ceipsantjaume\/wp-content\/uploads\/usu1815\/2026\/04\/Dia-Esport-7-1-150x150.jpeg\" class=\"attachment-thumbnail size-thumbnail\" alt=\"\" \/><\/a>\n\t\t\t<\/div><\/figure><figure class='gallery-item'>\n\t\t\t<div class='gallery-icon landscape'>\n\t\t\t\t<a href='https:\/\/agora.xtec.cat\/ceipsantjaume\/general\/dia-de-leducacio-fisica-al-carrer-%f0%9f%a4%b8%f0%9f%8f%bb%e2%99%80%ef%b8%8f%f0%9f%a4%b8%f0%9f%8f%bb%e2%99%82%ef%b8%8f\/attachment\/dia-esport-8-2\/'><img loading=\"lazy\" decoding=\"async\" width=\"150\" height=\"150\" src=\"https:\/\/agora.xtec.cat\/ceipsantjaume\/wp-content\/uploads\/usu1815\/2026\/04\/Dia-Esport-8-1-150x150.jpeg\" class=\"attachment-thumbnail size-thumbnail\" alt=\"\" \/><\/a>\n\t\t\t<\/div><\/figure><figure class='gallery-item'>\n\t\t\t<div class='gallery-icon portrait'>\n\t\t\t\t<a href='https:\/\/agora.xtec.cat\/ceipsantjaume\/general\/dia-de-leducacio-fisica-al-carrer-%f0%9f%a4%b8%f0%9f%8f%bb%e2%99%80%ef%b8%8f%f0%9f%a4%b8%f0%9f%8f%bb%e2%99%82%ef%b8%8f\/attachment\/dia-esport-9-2\/'><img loading=\"lazy\" decoding=\"async\" width=\"150\" height=\"150\" src=\"https:\/\/agora.xtec.cat\/ceipsantjaume\/wp-content\/uploads\/usu1815\/2026\/04\/Dia-Esport-9-1-150x150.jpeg\" class=\"attachment-thumbnail size-thumbnail\" alt=\"\" \/><\/a>\n\t\t\t<\/div><\/figure><figure class='gallery-item'>\n\t\t\t<div class='gallery-icon landscape'>\n\t\t\t\t<a href='https:\/\/agora.xtec.cat\/ceipsantjaume\/general\/dia-de-leducacio-fisica-al-carrer-%f0%9f%a4%b8%f0%9f%8f%bb%e2%99%80%ef%b8%8f%f0%9f%a4%b8%f0%9f%8f%bb%e2%99%82%ef%b8%8f\/attachment\/dia-esport-10-2\/'><img loading=\"lazy\" decoding=\"async\" width=\"150\" height=\"150\" src=\"https:\/\/agora.xtec.cat\/ceipsantjaume\/wp-content\/uploads\/usu1815\/2026\/04\/Dia-Esport-10-1-150x150.jpeg\" class=\"attachment-thumbnail size-thumbnail\" alt=\"\" \/><\/a>\n\t\t\t<\/div><\/figure><figure class='gallery-item'>\n\t\t\t<div class='gallery-icon landscape'>\n\t\t\t\t<a href='https:\/\/agora.xtec.cat\/ceipsantjaume\/general\/dia-de-leducacio-fisica-al-carrer-%f0%9f%a4%b8%f0%9f%8f%bb%e2%99%80%ef%b8%8f%f0%9f%a4%b8%f0%9f%8f%bb%e2%99%82%ef%b8%8f\/attachment\/dia-esport-11-2\/'><img loading=\"lazy\" decoding=\"async\" width=\"150\" height=\"150\" src=\"https:\/\/agora.xtec.cat\/ceipsantjaume\/wp-content\/uploads\/usu1815\/2026\/04\/Dia-Esport-11-1-150x150.jpeg\" class=\"attachment-thumbnail size-thumbnail\" alt=\"\" \/><\/a>\n\t\t\t<\/div><\/figure><figure class='gallery-item'>\n\t\t\t<div class='gallery-icon portrait'>\n\t\t\t\t<a href='https:\/\/agora.xtec.cat\/ceipsantjaume\/general\/dia-de-leducacio-fisica-al-carrer-%f0%9f%a4%b8%f0%9f%8f%bb%e2%99%80%ef%b8%8f%f0%9f%a4%b8%f0%9f%8f%bb%e2%99%82%ef%b8%8f\/attachment\/dia-esport-12-2\/'><img loading=\"lazy\" decoding=\"async\" width=\"150\" height=\"150\" src=\"https:\/\/agora.xtec.cat\/ceipsantjaume\/wp-content\/uploads\/usu1815\/2026\/04\/Dia-Esport-12-1-150x150.jpeg\" class=\"attachment-thumbnail size-thumbnail\" alt=\"\" \/><\/a>\n\t\t\t<\/div><\/figure><figure class='gallery-item'>\n\t\t\t<div class='gallery-icon portrait'>\n\t\t\t\t<a href='https:\/\/agora.xtec.cat\/ceipsantjaume\/general\/dia-de-leducacio-fisica-al-carrer-%f0%9f%a4%b8%f0%9f%8f%bb%e2%99%80%ef%b8%8f%f0%9f%a4%b8%f0%9f%8f%bb%e2%99%82%ef%b8%8f\/attachment\/dia-esport-13-2\/'><img loading=\"lazy\" decoding=\"async\" width=\"150\" height=\"150\" src=\"https:\/\/agora.xtec.cat\/ceipsantjaume\/wp-content\/uploads\/usu1815\/2026\/04\/Dia-Esport-13-1-150x150.jpeg\" class=\"attachment-thumbnail size-thumbnail\" alt=\"\" \/><\/a>\n\t\t\t<\/div><\/figure>\n\t\t<\/div>\n\n<p>&nbsp;<\/p>\n","protected":false},"excerpt":{"rendered":"<p>A la nostra escola, avui dia 17 d\u2019abril, hem celebrat el Dia de l\u2019Educaci\u00f3 F\u00edsica al carrer, una jornada molt especial en qu\u00e8 l\u2019alumnat ha pogut gaudir de l\u2019activitat f\u00edsica fora de l\u2019aula, aprofitant els espais del nostre entorn. Els m\u00e9s petits, d\u2019educaci\u00f3 infantil, han realitzat diverses activitats dins de l\u2019escola, com les bitlles humanes, [&hellip;]<\/p>\n","protected":false},"author":1,"featured_media":5489,"comment_status":"open","ping_status":"open","sticky":false,"template":"","format":"standard","meta":{"_bbp_topic_count":0,"_bbp_reply_count":0,"_bbp_total_topic_count":0,"_bbp_total_reply_count":0,"_bbp_voice_count":0,"_bbp_anonymous_reply_count":0,"_bbp_topic_count_hidden":0,"_bbp_reply_count_hidden":0,"_bbp_forum_subforum_count":0,"site-sidebar-layout":"default","site-content-layout":"","ast-site-content-layout":"default","site-content-style":"default","site-sidebar-style":"default","ast-global-header-display":"","ast-banner-title-visibility":"","ast-main-header-display":"","ast-hfb-above-header-display":"","ast-hfb-below-header-display":"","ast-hfb-mobile-header-display":"","site-post-title":"","ast-breadcrumbs-content":"","ast-featured-img":"","footer-sml-layout":"","theme-transparent-header-meta":"default","adv-header-id-meta":"","stick-header-meta":"","header-above-stick-meta":"","header-main-stick-meta":"","header-below-stick-meta":"","astra-migrate-meta-layouts":"set","ast-page-background-enabled":"default","ast-page-background-meta":{"desktop":{"background-color":"var(--ast-global-color-4)","background-image":"","background-repeat":"repeat","background-position":"center center","background-size":"auto","background-attachment":"scroll","background-type":"","background-media":"","overlay-type":"","overlay-color":"","overlay-opacity":"","overlay-gradient":""},"tablet":{"background-color":"","background-image":"","background-repeat":"repeat","background-position":"center center","background-size":"auto","background-attachment":"scroll","background-type":"","background-media":"","overlay-type":"","overlay-color":"","overlay-opacity":"","overlay-gradient":""},"mobile":{"background-color":"","background-image":"","background-repeat":"repeat","background-position":"center center","background-size":"auto","background-attachment":"scroll","background-type":"","background-media":"","overlay-type":"","overlay-color":"","overlay-opacity":"","overlay-gradient":""}},"ast-content-background-meta":{"desktop":{"background-color":"var(--ast-global-color-5)","background-image":"","background-repeat":"repeat","background-position":"center center","background-size":"auto","background-attachment":"scroll","background-type":"","background-media":"","overlay-type":"","overlay-color":"","overlay-opacity":"","overlay-gradient":""},"tablet":{"background-color":"var(--ast-global-color-5)","background-image":"","background-repeat":"repeat","background-position":"center center","background-size":"auto","background-attachment":"scroll","background-type":"","background-media":"","overlay-type":"","overlay-color":"","overlay-opacity":"","overlay-gradient":""},"mobile":{"background-color":"var(--ast-global-color-5)","background-image":"","background-repeat":"repeat","background-position":"center center","background-size":"auto","background-attachment":"scroll","background-type":"","background-media":"","overlay-type":"","overlay-color":"","overlay-opacity":"","overlay-gradient":""}},"footnotes":""},"categories":[73,1,4,5],"tags":[],"class_list":["post-5473","post","type-post","status-publish","format-standard","has-post-thumbnail","hentry","category-generacio-plurilingue-gep","category-general","category-portada","category-primaria"],"post_mailing_queue_ids":[],"_links":{"self":[{"href":"https:\/\/agora.xtec.cat\/ceipsantjaume\/wp-json\/wp\/v2\/posts\/5473","targetHints":{"allow":["GET"]}}],"collection":[{"href":"https:\/\/agora.xtec.cat\/ceipsantjaume\/wp-json\/wp\/v2\/posts"}],"about":[{"href":"https:\/\/agora.xtec.cat\/ceipsantjaume\/wp-json\/wp\/v2\/types\/post"}],"author":[{"embeddable":true,"href":"https:\/\/agora.xtec.cat\/ceipsantjaume\/wp-json\/wp\/v2\/users\/1"}],"replies":[{"embeddable":true,"href":"https:\/\/agora.xtec.cat\/ceipsantjaume\/wp-json\/wp\/v2\/comments?post=5473"}],"version-history":[{"count":2,"href":"https:\/\/agora.xtec.cat\/ceipsantjaume\/wp-json\/wp\/v2\/posts\/5473\/revisions"}],"predecessor-version":[{"id":5503,"href":"https:\/\/agora.xtec.cat\/ceipsantjaume\/wp-json\/wp\/v2\/posts\/5473\/revisions\/5503"}],"wp:featuredmedia":[{"embeddable":true,"href":"https:\/\/agora.xtec.cat\/ceipsantjaume\/wp-json\/wp\/v2\/media\/5489"}],"wp:attachment":[{"href":"https:\/\/agora.xtec.cat\/ceipsantjaume\/wp-json\/wp\/v2\/media?parent=5473"}],"wp:term":[{"taxonomy":"category","embeddable":true,"href":"https:\/\/agora.xtec.cat\/ceipsantjaume\/wp-json\/wp\/v2\/categories?post=5473"},{"taxonomy":"post_tag","embeddable":true,"href":"https:\/\/agora.xtec.cat\/ceipsantjaume\/wp-json\/wp\/v2\/tags?post=5473"}],"curies":[{"name":"wp","href":"https:\/\/api.w.org\/{rel}","templated":true}]}}