{"id":5275,"date":"2026-01-30T21:25:54","date_gmt":"2026-01-30T20:25:54","guid":{"rendered":"https:\/\/agora.xtec.cat\/ceipsantjaume\/?p=5275"},"modified":"2026-02-19T14:35:22","modified_gmt":"2026-02-19T13:35:22","slug":"30-de-gener-dia-de-la-pau-%f0%9f%95%8a%ef%b8%8f","status":"publish","type":"post","link":"https:\/\/agora.xtec.cat\/ceipsantjaume\/general\/30-de-gener-dia-de-la-pau-%f0%9f%95%8a%ef%b8%8f\/","title":{"rendered":"30 de gener \u2013 Dia de la Pau \ud83d\udd4a\ufe0f"},"content":{"rendered":"<p>Avui, 30 de gener, a la nostra escola hem celebrat el <strong><em>Dia Escolar de la No-viol\u00e8ncia i la Pau<\/em>.<\/strong> Al llarg del dia hem reflexionat a les aules sobre la import\u00e0ncia de conviure en pau, respectar-nos, ajudar-nos i resoldre els conflictes a trav\u00e9s del di\u00e0leg.<\/p>\n<p>Esta tarda, tot l\u2019alumnat i el claustre hem sortit al pati per compartir un moment molt especial. Hem llegit el manifest per la Pau, recordant que totes i tots tenim un paper important en la construcci\u00f3 d\u2019un m\u00f3n m\u00e9s just, solidari i sense viol\u00e8ncia. Tot seguit, hem cantat una can\u00e7\u00f3 que ens ha unit encara m\u00e9s i que ha omplert el pati d\u2019emoci\u00f3, esperan\u00e7a i comprom\u00eds.<\/p>\n<p>Amb este acte hem volgut recordar que la Pau no \u00e9s nom\u00e9s una paraula ni un dia concret, sin\u00f3 una manera de pensar, sentir i actuar cada dia, tant a l\u2019escola com fora d\u2019ella.<\/p>\n<p>Continuem treballant junts i juntes per un m\u00f3n millor! \ud83e\udd0d<\/p>\n<div id='gallery-1' class='gallery galleryid-5275 gallery-columns-3 gallery-size-thumbnail'><figure class='gallery-item'>\n\t\t\t<div class='gallery-icon landscape'>\n\t\t\t\t<a href='https:\/\/agora.xtec.cat\/ceipsantjaume\/general\/30-de-gener-dia-de-la-pau-%f0%9f%95%8a%ef%b8%8f\/attachment\/dia-de-la-pau-1\/'><img loading=\"lazy\" decoding=\"async\" width=\"150\" height=\"150\" src=\"https:\/\/agora.xtec.cat\/ceipsantjaume\/wp-content\/uploads\/usu1815\/2026\/01\/Dia-de-la-Pau-1-150x150.jpeg\" class=\"attachment-thumbnail size-thumbnail\" alt=\"\" \/><\/a>\n\t\t\t<\/div><\/figure><figure class='gallery-item'>\n\t\t\t<div class='gallery-icon landscape'>\n\t\t\t\t<a href='https:\/\/agora.xtec.cat\/ceipsantjaume\/general\/30-de-gener-dia-de-la-pau-%f0%9f%95%8a%ef%b8%8f\/attachment\/dia-de-la-pau-2\/'><img loading=\"lazy\" decoding=\"async\" width=\"150\" height=\"150\" src=\"https:\/\/agora.xtec.cat\/ceipsantjaume\/wp-content\/uploads\/usu1815\/2026\/01\/Dia-de-la-Pau-2-150x150.jpeg\" class=\"attachment-thumbnail size-thumbnail\" alt=\"\" \/><\/a>\n\t\t\t<\/div><\/figure><figure class='gallery-item'>\n\t\t\t<div class='gallery-icon landscape'>\n\t\t\t\t<a href='https:\/\/agora.xtec.cat\/ceipsantjaume\/general\/30-de-gener-dia-de-la-pau-%f0%9f%95%8a%ef%b8%8f\/attachment\/dia-de-la-pau-3\/'><img loading=\"lazy\" decoding=\"async\" width=\"150\" height=\"150\" src=\"https:\/\/agora.xtec.cat\/ceipsantjaume\/wp-content\/uploads\/usu1815\/2026\/01\/Dia-de-la-Pau-3-150x150.jpeg\" class=\"attachment-thumbnail size-thumbnail\" alt=\"\" \/><\/a>\n\t\t\t<\/div><\/figure><figure class='gallery-item'>\n\t\t\t<div class='gallery-icon landscape'>\n\t\t\t\t<a href='https:\/\/agora.xtec.cat\/ceipsantjaume\/general\/30-de-gener-dia-de-la-pau-%f0%9f%95%8a%ef%b8%8f\/attachment\/dia-de-la-pau-5\/'><img loading=\"lazy\" decoding=\"async\" width=\"150\" height=\"150\" src=\"https:\/\/agora.xtec.cat\/ceipsantjaume\/wp-content\/uploads\/usu1815\/2026\/01\/Dia-de-la-Pau-5-150x150.jpeg\" class=\"attachment-thumbnail size-thumbnail\" alt=\"\" \/><\/a>\n\t\t\t<\/div><\/figure><figure class='gallery-item'>\n\t\t\t<div class='gallery-icon landscape'>\n\t\t\t\t<a href='https:\/\/agora.xtec.cat\/ceipsantjaume\/general\/30-de-gener-dia-de-la-pau-%f0%9f%95%8a%ef%b8%8f\/attachment\/dia-de-la-pau-6\/'><img loading=\"lazy\" decoding=\"async\" width=\"150\" height=\"150\" src=\"https:\/\/agora.xtec.cat\/ceipsantjaume\/wp-content\/uploads\/usu1815\/2026\/01\/Dia-de-la-Pau-6-150x150.jpeg\" class=\"attachment-thumbnail size-thumbnail\" alt=\"\" \/><\/a>\n\t\t\t<\/div><\/figure><figure class='gallery-item'>\n\t\t\t<div class='gallery-icon landscape'>\n\t\t\t\t<a href='https:\/\/agora.xtec.cat\/ceipsantjaume\/general\/30-de-gener-dia-de-la-pau-%f0%9f%95%8a%ef%b8%8f\/attachment\/dia-de-la-pau-7\/'><img loading=\"lazy\" decoding=\"async\" width=\"150\" height=\"150\" src=\"https:\/\/agora.xtec.cat\/ceipsantjaume\/wp-content\/uploads\/usu1815\/2026\/01\/Dia-de-la-Pau-7-150x150.jpeg\" class=\"attachment-thumbnail size-thumbnail\" alt=\"\" \/><\/a>\n\t\t\t<\/div><\/figure><figure class='gallery-item'>\n\t\t\t<div class='gallery-icon landscape'>\n\t\t\t\t<a href='https:\/\/agora.xtec.cat\/ceipsantjaume\/general\/30-de-gener-dia-de-la-pau-%f0%9f%95%8a%ef%b8%8f\/attachment\/dia-de-la-pau-8\/'><img loading=\"lazy\" decoding=\"async\" width=\"150\" height=\"150\" src=\"https:\/\/agora.xtec.cat\/ceipsantjaume\/wp-content\/uploads\/usu1815\/2026\/01\/Dia-de-la-Pau-8-150x150.jpeg\" class=\"attachment-thumbnail size-thumbnail\" alt=\"\" \/><\/a>\n\t\t\t<\/div><\/figure><figure class='gallery-item'>\n\t\t\t<div class='gallery-icon landscape'>\n\t\t\t\t<a href='https:\/\/agora.xtec.cat\/ceipsantjaume\/general\/30-de-gener-dia-de-la-pau-%f0%9f%95%8a%ef%b8%8f\/attachment\/dia-de-la-pau-9\/'><img loading=\"lazy\" decoding=\"async\" width=\"150\" height=\"150\" src=\"https:\/\/agora.xtec.cat\/ceipsantjaume\/wp-content\/uploads\/usu1815\/2026\/01\/Dia-de-la-Pau-9-150x150.jpeg\" class=\"attachment-thumbnail size-thumbnail\" alt=\"\" \/><\/a>\n\t\t\t<\/div><\/figure><figure class='gallery-item'>\n\t\t\t<div class='gallery-icon landscape'>\n\t\t\t\t<a href='https:\/\/agora.xtec.cat\/ceipsantjaume\/general\/30-de-gener-dia-de-la-pau-%f0%9f%95%8a%ef%b8%8f\/attachment\/dia-de-la-pau-10\/'><img loading=\"lazy\" decoding=\"async\" width=\"150\" height=\"150\" src=\"https:\/\/agora.xtec.cat\/ceipsantjaume\/wp-content\/uploads\/usu1815\/2026\/01\/Dia-de-la-Pau-10-150x150.jpeg\" class=\"attachment-thumbnail size-thumbnail\" alt=\"\" \/><\/a>\n\t\t\t<\/div><\/figure><figure class='gallery-item'>\n\t\t\t<div class='gallery-icon landscape'>\n\t\t\t\t<a href='https:\/\/agora.xtec.cat\/ceipsantjaume\/general\/30-de-gener-dia-de-la-pau-%f0%9f%95%8a%ef%b8%8f\/attachment\/dia-de-la-pau-11\/'><img loading=\"lazy\" decoding=\"async\" width=\"150\" height=\"150\" src=\"https:\/\/agora.xtec.cat\/ceipsantjaume\/wp-content\/uploads\/usu1815\/2026\/01\/Dia-de-la-Pau-11-150x150.jpeg\" class=\"attachment-thumbnail size-thumbnail\" alt=\"\" \/><\/a>\n\t\t\t<\/div><\/figure><figure class='gallery-item'>\n\t\t\t<div class='gallery-icon landscape'>\n\t\t\t\t<a href='https:\/\/agora.xtec.cat\/ceipsantjaume\/general\/30-de-gener-dia-de-la-pau-%f0%9f%95%8a%ef%b8%8f\/attachment\/dia-de-la-pau-12\/'><img loading=\"lazy\" decoding=\"async\" width=\"150\" height=\"150\" src=\"https:\/\/agora.xtec.cat\/ceipsantjaume\/wp-content\/uploads\/usu1815\/2026\/01\/Dia-de-la-Pau-12-150x150.jpeg\" class=\"attachment-thumbnail size-thumbnail\" alt=\"\" \/><\/a>\n\t\t\t<\/div><\/figure><figure class='gallery-item'>\n\t\t\t<div class='gallery-icon landscape'>\n\t\t\t\t<a href='https:\/\/agora.xtec.cat\/ceipsantjaume\/general\/30-de-gener-dia-de-la-pau-%f0%9f%95%8a%ef%b8%8f\/attachment\/dia-de-la-pau-13\/'><img loading=\"lazy\" decoding=\"async\" width=\"150\" height=\"150\" src=\"https:\/\/agora.xtec.cat\/ceipsantjaume\/wp-content\/uploads\/usu1815\/2026\/01\/Dia-de-la-Pau-13-150x150.jpeg\" class=\"attachment-thumbnail size-thumbnail\" alt=\"\" \/><\/a>\n\t\t\t<\/div><\/figure><figure class='gallery-item'>\n\t\t\t<div class='gallery-icon landscape'>\n\t\t\t\t<a href='https:\/\/agora.xtec.cat\/ceipsantjaume\/general\/30-de-gener-dia-de-la-pau-%f0%9f%95%8a%ef%b8%8f\/attachment\/dia-de-la-pau-14\/'><img loading=\"lazy\" decoding=\"async\" width=\"150\" height=\"150\" src=\"https:\/\/agora.xtec.cat\/ceipsantjaume\/wp-content\/uploads\/usu1815\/2026\/01\/Dia-de-la-Pau-14-150x150.jpeg\" class=\"attachment-thumbnail size-thumbnail\" alt=\"\" \/><\/a>\n\t\t\t<\/div><\/figure><figure class='gallery-item'>\n\t\t\t<div class='gallery-icon landscape'>\n\t\t\t\t<a href='https:\/\/agora.xtec.cat\/ceipsantjaume\/general\/30-de-gener-dia-de-la-pau-%f0%9f%95%8a%ef%b8%8f\/attachment\/dia-de-la-pau-15\/'><img loading=\"lazy\" decoding=\"async\" width=\"150\" height=\"150\" src=\"https:\/\/agora.xtec.cat\/ceipsantjaume\/wp-content\/uploads\/usu1815\/2026\/01\/Dia-de-la-Pau-15-150x150.jpeg\" class=\"attachment-thumbnail size-thumbnail\" alt=\"\" \/><\/a>\n\t\t\t<\/div><\/figure><figure class='gallery-item'>\n\t\t\t<div class='gallery-icon landscape'>\n\t\t\t\t<a href='https:\/\/agora.xtec.cat\/ceipsantjaume\/general\/30-de-gener-dia-de-la-pau-%f0%9f%95%8a%ef%b8%8f\/attachment\/dia-de-la-pau-16\/'><img loading=\"lazy\" decoding=\"async\" width=\"150\" height=\"150\" src=\"https:\/\/agora.xtec.cat\/ceipsantjaume\/wp-content\/uploads\/usu1815\/2026\/01\/Dia-de-la-Pau-16-150x150.jpeg\" class=\"attachment-thumbnail size-thumbnail\" alt=\"\" \/><\/a>\n\t\t\t<\/div><\/figure><figure class='gallery-item'>\n\t\t\t<div class='gallery-icon landscape'>\n\t\t\t\t<a href='https:\/\/agora.xtec.cat\/ceipsantjaume\/general\/30-de-gener-dia-de-la-pau-%f0%9f%95%8a%ef%b8%8f\/attachment\/dia-de-la-pau-17\/'><img loading=\"lazy\" decoding=\"async\" width=\"150\" height=\"150\" src=\"https:\/\/agora.xtec.cat\/ceipsantjaume\/wp-content\/uploads\/usu1815\/2026\/01\/Dia-de-la-Pau-17-150x150.jpeg\" class=\"attachment-thumbnail size-thumbnail\" alt=\"\" \/><\/a>\n\t\t\t<\/div><\/figure><figure class='gallery-item'>\n\t\t\t<div class='gallery-icon landscape'>\n\t\t\t\t<a href='https:\/\/agora.xtec.cat\/ceipsantjaume\/general\/30-de-gener-dia-de-la-pau-%f0%9f%95%8a%ef%b8%8f\/attachment\/dia-de-la-pau-18\/'><img loading=\"lazy\" decoding=\"async\" width=\"150\" height=\"150\" src=\"https:\/\/agora.xtec.cat\/ceipsantjaume\/wp-content\/uploads\/usu1815\/2026\/01\/Dia-de-la-Pau-18-150x150.jpeg\" class=\"attachment-thumbnail size-thumbnail\" alt=\"\" \/><\/a>\n\t\t\t<\/div><\/figure><figure class='gallery-item'>\n\t\t\t<div class='gallery-icon landscape'>\n\t\t\t\t<a href='https:\/\/agora.xtec.cat\/ceipsantjaume\/general\/30-de-gener-dia-de-la-pau-%f0%9f%95%8a%ef%b8%8f\/attachment\/dia-de-la-pau-19\/'><img loading=\"lazy\" decoding=\"async\" width=\"150\" height=\"150\" src=\"https:\/\/agora.xtec.cat\/ceipsantjaume\/wp-content\/uploads\/usu1815\/2026\/01\/Dia-de-la-Pau-19-150x150.jpeg\" class=\"attachment-thumbnail size-thumbnail\" alt=\"\" \/><\/a>\n\t\t\t<\/div><\/figure><figure class='gallery-item'>\n\t\t\t<div class='gallery-icon landscape'>\n\t\t\t\t<a href='https:\/\/agora.xtec.cat\/ceipsantjaume\/general\/30-de-gener-dia-de-la-pau-%f0%9f%95%8a%ef%b8%8f\/attachment\/dia-de-la-pau-20\/'><img loading=\"lazy\" decoding=\"async\" width=\"150\" height=\"150\" src=\"https:\/\/agora.xtec.cat\/ceipsantjaume\/wp-content\/uploads\/usu1815\/2026\/01\/Dia-de-la-Pau-20-150x150.jpeg\" class=\"attachment-thumbnail size-thumbnail\" alt=\"\" \/><\/a>\n\t\t\t<\/div><\/figure><figure class='gallery-item'>\n\t\t\t<div class='gallery-icon landscape'>\n\t\t\t\t<a href='https:\/\/agora.xtec.cat\/ceipsantjaume\/general\/30-de-gener-dia-de-la-pau-%f0%9f%95%8a%ef%b8%8f\/attachment\/dia-de-la-pau-21\/'><img loading=\"lazy\" decoding=\"async\" width=\"150\" height=\"150\" src=\"https:\/\/agora.xtec.cat\/ceipsantjaume\/wp-content\/uploads\/usu1815\/2026\/01\/Dia-de-la-Pau-21-150x150.jpeg\" class=\"attachment-thumbnail size-thumbnail\" alt=\"\" srcset=\"https:\/\/agora.xtec.cat\/ceipsantjaume\/wp-content\/uploads\/usu1815\/2026\/01\/Dia-de-la-Pau-21-150x150.jpeg 150w, https:\/\/agora.xtec.cat\/ceipsantjaume\/wp-content\/uploads\/usu1815\/2026\/01\/Dia-de-la-Pau-21-300x300.jpeg 300w, https:\/\/agora.xtec.cat\/ceipsantjaume\/wp-content\/uploads\/usu1815\/2026\/01\/Dia-de-la-Pau-21-1024x1024.jpeg 1024w, https:\/\/agora.xtec.cat\/ceipsantjaume\/wp-content\/uploads\/usu1815\/2026\/01\/Dia-de-la-Pau-21-768x768.jpeg 768w, https:\/\/agora.xtec.cat\/ceipsantjaume\/wp-content\/uploads\/usu1815\/2026\/01\/Dia-de-la-Pau-21-1536x1536.jpeg 1536w, https:\/\/agora.xtec.cat\/ceipsantjaume\/wp-content\/uploads\/usu1815\/2026\/01\/Dia-de-la-Pau-21.jpeg 2048w\" sizes=\"auto, (max-width: 150px) 100vw, 150px\" \/><\/a>\n\t\t\t<\/div><\/figure><figure class='gallery-item'>\n\t\t\t<div class='gallery-icon landscape'>\n\t\t\t\t<a href='https:\/\/agora.xtec.cat\/ceipsantjaume\/general\/30-de-gener-dia-de-la-pau-%f0%9f%95%8a%ef%b8%8f\/attachment\/dia-de-la-pau-22\/'><img loading=\"lazy\" decoding=\"async\" width=\"150\" height=\"150\" src=\"https:\/\/agora.xtec.cat\/ceipsantjaume\/wp-content\/uploads\/usu1815\/2026\/01\/Dia-de-la-Pau-22-150x150.jpeg\" class=\"attachment-thumbnail size-thumbnail\" alt=\"\" \/><\/a>\n\t\t\t<\/div><\/figure><figure class='gallery-item'>\n\t\t\t<div class='gallery-icon landscape'>\n\t\t\t\t<a href='https:\/\/agora.xtec.cat\/ceipsantjaume\/general\/30-de-gener-dia-de-la-pau-%f0%9f%95%8a%ef%b8%8f\/attachment\/dia-de-la-pau-23\/'><img loading=\"lazy\" decoding=\"async\" width=\"150\" height=\"150\" src=\"https:\/\/agora.xtec.cat\/ceipsantjaume\/wp-content\/uploads\/usu1815\/2026\/01\/Dia-de-la-Pau-23-150x150.jpeg\" class=\"attachment-thumbnail size-thumbnail\" alt=\"\" \/><\/a>\n\t\t\t<\/div><\/figure><figure class='gallery-item'>\n\t\t\t<div class='gallery-icon landscape'>\n\t\t\t\t<a href='https:\/\/agora.xtec.cat\/ceipsantjaume\/general\/30-de-gener-dia-de-la-pau-%f0%9f%95%8a%ef%b8%8f\/attachment\/mural-de-la-pau-1\/'><img loading=\"lazy\" decoding=\"async\" width=\"150\" height=\"150\" src=\"https:\/\/agora.xtec.cat\/ceipsantjaume\/wp-content\/uploads\/usu1815\/2026\/01\/Mural-de-la-Pau-1-150x150.jpeg\" class=\"attachment-thumbnail size-thumbnail\" alt=\"\" \/><\/a>\n\t\t\t<\/div><\/figure><figure class='gallery-item'>\n\t\t\t<div class='gallery-icon landscape'>\n\t\t\t\t<a href='https:\/\/agora.xtec.cat\/ceipsantjaume\/general\/30-de-gener-dia-de-la-pau-%f0%9f%95%8a%ef%b8%8f\/attachment\/mural-de-la-pau-2\/'><img loading=\"lazy\" decoding=\"async\" width=\"150\" height=\"150\" src=\"https:\/\/agora.xtec.cat\/ceipsantjaume\/wp-content\/uploads\/usu1815\/2026\/01\/Mural-de-la-Pau-2-150x150.jpeg\" class=\"attachment-thumbnail size-thumbnail\" alt=\"\" \/><\/a>\n\t\t\t<\/div><\/figure><figure class='gallery-item'>\n\t\t\t<div class='gallery-icon landscape'>\n\t\t\t\t<a href='https:\/\/agora.xtec.cat\/ceipsantjaume\/general\/30-de-gener-dia-de-la-pau-%f0%9f%95%8a%ef%b8%8f\/attachment\/mural-de-la-pau-3\/'><img loading=\"lazy\" decoding=\"async\" width=\"150\" height=\"150\" src=\"https:\/\/agora.xtec.cat\/ceipsantjaume\/wp-content\/uploads\/usu1815\/2026\/01\/Mural-de-la-Pau-3-150x150.jpeg\" class=\"attachment-thumbnail size-thumbnail\" alt=\"\" \/><\/a>\n\t\t\t<\/div><\/figure><figure class='gallery-item'>\n\t\t\t<div class='gallery-icon landscape'>\n\t\t\t\t<a href='https:\/\/agora.xtec.cat\/ceipsantjaume\/general\/30-de-gener-dia-de-la-pau-%f0%9f%95%8a%ef%b8%8f\/attachment\/mural-de-la-pau-4\/'><img loading=\"lazy\" decoding=\"async\" width=\"150\" height=\"150\" src=\"https:\/\/agora.xtec.cat\/ceipsantjaume\/wp-content\/uploads\/usu1815\/2026\/01\/Mural-de-la-Pau-4-150x150.jpeg\" class=\"attachment-thumbnail size-thumbnail\" alt=\"\" \/><\/a>\n\t\t\t<\/div><\/figure><figure class='gallery-item'>\n\t\t\t<div class='gallery-icon landscape'>\n\t\t\t\t<a href='https:\/\/agora.xtec.cat\/ceipsantjaume\/general\/30-de-gener-dia-de-la-pau-%f0%9f%95%8a%ef%b8%8f\/attachment\/mural-de-la-pau-5\/'><img loading=\"lazy\" decoding=\"async\" width=\"150\" height=\"150\" src=\"https:\/\/agora.xtec.cat\/ceipsantjaume\/wp-content\/uploads\/usu1815\/2026\/01\/Mural-de-la-Pau-5-150x150.jpeg\" class=\"attachment-thumbnail size-thumbnail\" alt=\"\" \/><\/a>\n\t\t\t<\/div><\/figure><figure class='gallery-item'>\n\t\t\t<div class='gallery-icon landscape'>\n\t\t\t\t<a href='https:\/\/agora.xtec.cat\/ceipsantjaume\/general\/30-de-gener-dia-de-la-pau-%f0%9f%95%8a%ef%b8%8f\/attachment\/mural-de-la-pau-6\/'><img loading=\"lazy\" decoding=\"async\" width=\"150\" height=\"150\" src=\"https:\/\/agora.xtec.cat\/ceipsantjaume\/wp-content\/uploads\/usu1815\/2026\/01\/Mural-de-la-Pau-6-150x150.jpeg\" class=\"attachment-thumbnail size-thumbnail\" alt=\"\" \/><\/a>\n\t\t\t<\/div><\/figure><figure class='gallery-item'>\n\t\t\t<div class='gallery-icon landscape'>\n\t\t\t\t<a href='https:\/\/agora.xtec.cat\/ceipsantjaume\/general\/30-de-gener-dia-de-la-pau-%f0%9f%95%8a%ef%b8%8f\/attachment\/mural-de-la-pau-7\/'><img loading=\"lazy\" decoding=\"async\" width=\"150\" height=\"150\" src=\"https:\/\/agora.xtec.cat\/ceipsantjaume\/wp-content\/uploads\/usu1815\/2026\/01\/Mural-de-la-Pau-7-150x150.jpeg\" class=\"attachment-thumbnail size-thumbnail\" alt=\"\" \/><\/a>\n\t\t\t<\/div><\/figure><figure class='gallery-item'>\n\t\t\t<div class='gallery-icon landscape'>\n\t\t\t\t<a href='https:\/\/agora.xtec.cat\/ceipsantjaume\/general\/30-de-gener-dia-de-la-pau-%f0%9f%95%8a%ef%b8%8f\/attachment\/mural-de-la-pau-8\/'><img loading=\"lazy\" decoding=\"async\" width=\"150\" height=\"150\" src=\"https:\/\/agora.xtec.cat\/ceipsantjaume\/wp-content\/uploads\/usu1815\/2026\/01\/Mural-de-la-Pau-8-150x150.jpeg\" class=\"attachment-thumbnail size-thumbnail\" alt=\"\" \/><\/a>\n\t\t\t<\/div><\/figure><figure class='gallery-item'>\n\t\t\t<div class='gallery-icon landscape'>\n\t\t\t\t<a href='https:\/\/agora.xtec.cat\/ceipsantjaume\/general\/30-de-gener-dia-de-la-pau-%f0%9f%95%8a%ef%b8%8f\/attachment\/mural-de-la-pau-9\/'><img loading=\"lazy\" decoding=\"async\" width=\"150\" height=\"150\" src=\"https:\/\/agora.xtec.cat\/ceipsantjaume\/wp-content\/uploads\/usu1815\/2026\/01\/Mural-de-la-Pau-9-150x150.jpeg\" class=\"attachment-thumbnail size-thumbnail\" alt=\"\" \/><\/a>\n\t\t\t<\/div><\/figure><figure class='gallery-item'>\n\t\t\t<div class='gallery-icon landscape'>\n\t\t\t\t<a href='https:\/\/agora.xtec.cat\/ceipsantjaume\/general\/30-de-gener-dia-de-la-pau-%f0%9f%95%8a%ef%b8%8f\/attachment\/mural-de-la-pau-10\/'><img loading=\"lazy\" decoding=\"async\" width=\"150\" height=\"150\" src=\"https:\/\/agora.xtec.cat\/ceipsantjaume\/wp-content\/uploads\/usu1815\/2026\/01\/Mural-de-la-Pau-10-150x150.jpeg\" class=\"attachment-thumbnail size-thumbnail\" alt=\"\" \/><\/a>\n\t\t\t<\/div><\/figure><figure class='gallery-item'>\n\t\t\t<div class='gallery-icon landscape'>\n\t\t\t\t<a href='https:\/\/agora.xtec.cat\/ceipsantjaume\/general\/30-de-gener-dia-de-la-pau-%f0%9f%95%8a%ef%b8%8f\/attachment\/mural-de-la-pau\/'><img loading=\"lazy\" decoding=\"async\" width=\"150\" height=\"150\" src=\"https:\/\/agora.xtec.cat\/ceipsantjaume\/wp-content\/uploads\/usu1815\/2026\/01\/Mural-de-la-Pau-150x150.jpeg\" class=\"attachment-thumbnail size-thumbnail\" alt=\"\" \/><\/a>\n\t\t\t<\/div><\/figure>\n\t\t<\/div>\n\n<p><a href=\"https:\/\/agora.xtec.cat\/ceipsantjaume\/wp-content\/uploads\/usu1815\/2026\/01\/MURAL-DE-LA-PAU-11.jpeg\"><img loading=\"lazy\" decoding=\"async\" class=\"aligncenter size-large wp-image-5310\" src=\"https:\/\/agora.xtec.cat\/ceipsantjaume\/wp-content\/uploads\/usu1815\/2026\/01\/MURAL-DE-LA-PAU-11-1024x534.jpeg\" alt=\"\" width=\"1024\" height=\"534\" srcset=\"https:\/\/agora.xtec.cat\/ceipsantjaume\/wp-content\/uploads\/usu1815\/2026\/01\/MURAL-DE-LA-PAU-11-1024x534.jpeg 1024w, https:\/\/agora.xtec.cat\/ceipsantjaume\/wp-content\/uploads\/usu1815\/2026\/01\/MURAL-DE-LA-PAU-11-300x156.jpeg 300w, https:\/\/agora.xtec.cat\/ceipsantjaume\/wp-content\/uploads\/usu1815\/2026\/01\/MURAL-DE-LA-PAU-11-768x401.jpeg 768w, https:\/\/agora.xtec.cat\/ceipsantjaume\/wp-content\/uploads\/usu1815\/2026\/01\/MURAL-DE-LA-PAU-11-1536x801.jpeg 1536w, https:\/\/agora.xtec.cat\/ceipsantjaume\/wp-content\/uploads\/usu1815\/2026\/01\/MURAL-DE-LA-PAU-11.jpeg 2048w\" sizes=\"auto, (max-width: 1024px) 100vw, 1024px\" \/><\/a><\/p>\n","protected":false},"excerpt":{"rendered":"<p>Avui, 30 de gener, a la nostra escola hem celebrat el Dia Escolar de la No-viol\u00e8ncia i la Pau. Al llarg del dia hem reflexionat a les aules sobre la import\u00e0ncia de conviure en pau, respectar-nos, ajudar-nos i resoldre els conflictes a trav\u00e9s del di\u00e0leg. Esta tarda, tot l\u2019alumnat i el claustre hem sortit al [&hellip;]<\/p>\n","protected":false},"author":1,"featured_media":5310,"comment_status":"open","ping_status":"open","sticky":false,"template":"","format":"standard","meta":{"_bbp_topic_count":0,"_bbp_reply_count":0,"_bbp_total_topic_count":0,"_bbp_total_reply_count":0,"_bbp_voice_count":0,"_bbp_anonymous_reply_count":0,"_bbp_topic_count_hidden":0,"_bbp_reply_count_hidden":0,"_bbp_forum_subforum_count":0,"site-sidebar-layout":"default","site-content-layout":"","ast-site-content-layout":"default","site-content-style":"default","site-sidebar-style":"default","ast-global-header-display":"","ast-banner-title-visibility":"","ast-main-header-display":"","ast-hfb-above-header-display":"","ast-hfb-below-header-display":"","ast-hfb-mobile-header-display":"","site-post-title":"","ast-breadcrumbs-content":"","ast-featured-img":"","footer-sml-layout":"","theme-transparent-header-meta":"default","adv-header-id-meta":"","stick-header-meta":"","header-above-stick-meta":"","header-main-stick-meta":"","header-below-stick-meta":"","astra-migrate-meta-layouts":"set","ast-page-background-enabled":"default","ast-page-background-meta":{"desktop":{"background-color":"var(--ast-global-color-4)","background-image":"","background-repeat":"repeat","background-position":"center center","background-size":"auto","background-attachment":"scroll","background-type":"","background-media":"","overlay-type":"","overlay-color":"","overlay-opacity":"","overlay-gradient":""},"tablet":{"background-color":"","background-image":"","background-repeat":"repeat","background-position":"center center","background-size":"auto","background-attachment":"scroll","background-type":"","background-media":"","overlay-type":"","overlay-color":"","overlay-opacity":"","overlay-gradient":""},"mobile":{"background-color":"","background-image":"","background-repeat":"repeat","background-position":"center center","background-size":"auto","background-attachment":"scroll","background-type":"","background-media":"","overlay-type":"","overlay-color":"","overlay-opacity":"","overlay-gradient":""}},"ast-content-background-meta":{"desktop":{"background-color":"var(--ast-global-color-5)","background-image":"","background-repeat":"repeat","background-position":"center center","background-size":"auto","background-attachment":"scroll","background-type":"","background-media":"","overlay-type":"","overlay-color":"","overlay-opacity":"","overlay-gradient":""},"tablet":{"background-color":"var(--ast-global-color-5)","background-image":"","background-repeat":"repeat","background-position":"center center","background-size":"auto","background-attachment":"scroll","background-type":"","background-media":"","overlay-type":"","overlay-color":"","overlay-opacity":"","overlay-gradient":""},"mobile":{"background-color":"var(--ast-global-color-5)","background-image":"","background-repeat":"repeat","background-position":"center center","background-size":"auto","background-attachment":"scroll","background-type":"","background-media":"","overlay-type":"","overlay-color":"","overlay-opacity":"","overlay-gradient":""}},"footnotes":""},"categories":[1,4],"tags":[],"class_list":["post-5275","post","type-post","status-publish","format-standard","has-post-thumbnail","hentry","category-general","category-portada"],"post_mailing_queue_ids":[],"_links":{"self":[{"href":"https:\/\/agora.xtec.cat\/ceipsantjaume\/wp-json\/wp\/v2\/posts\/5275","targetHints":{"allow":["GET"]}}],"collection":[{"href":"https:\/\/agora.xtec.cat\/ceipsantjaume\/wp-json\/wp\/v2\/posts"}],"about":[{"href":"https:\/\/agora.xtec.cat\/ceipsantjaume\/wp-json\/wp\/v2\/types\/post"}],"author":[{"embeddable":true,"href":"https:\/\/agora.xtec.cat\/ceipsantjaume\/wp-json\/wp\/v2\/users\/1"}],"replies":[{"embeddable":true,"href":"https:\/\/agora.xtec.cat\/ceipsantjaume\/wp-json\/wp\/v2\/comments?post=5275"}],"version-history":[{"count":2,"href":"https:\/\/agora.xtec.cat\/ceipsantjaume\/wp-json\/wp\/v2\/posts\/5275\/revisions"}],"predecessor-version":[{"id":5312,"href":"https:\/\/agora.xtec.cat\/ceipsantjaume\/wp-json\/wp\/v2\/posts\/5275\/revisions\/5312"}],"wp:featuredmedia":[{"embeddable":true,"href":"https:\/\/agora.xtec.cat\/ceipsantjaume\/wp-json\/wp\/v2\/media\/5310"}],"wp:attachment":[{"href":"https:\/\/agora.xtec.cat\/ceipsantjaume\/wp-json\/wp\/v2\/media?parent=5275"}],"wp:term":[{"taxonomy":"category","embeddable":true,"href":"https:\/\/agora.xtec.cat\/ceipsantjaume\/wp-json\/wp\/v2\/categories?post=5275"},{"taxonomy":"post_tag","embeddable":true,"href":"https:\/\/agora.xtec.cat\/ceipsantjaume\/wp-json\/wp\/v2\/tags?post=5275"}],"curies":[{"name":"wp","href":"https:\/\/api.w.org\/{rel}","templated":true}]}}