{"id":5195,"date":"2025-12-06T19:32:42","date_gmt":"2025-12-06T18:32:42","guid":{"rendered":"https:\/\/agora.xtec.cat\/ceipsantjaume\/?p=5195"},"modified":"2026-03-24T12:55:16","modified_gmt":"2026-03-24T11:55:16","slug":"sortida-al-riu-senia-de-lalumnat-de-5e-de-primaria-%e2%9b%b0%ef%b8%8f%f0%9f%8e%92%f0%9f%a5%be","status":"publish","type":"post","link":"https:\/\/agora.xtec.cat\/ceipsantjaume\/general\/sortida-al-riu-senia-de-lalumnat-de-5e-de-primaria-%e2%9b%b0%ef%b8%8f%f0%9f%8e%92%f0%9f%a5%be\/","title":{"rendered":"Sortida al riu S\u00e8nia de l\u2019alumnat de 5\u00e8 de Prim\u00e0ria \u26f0\ufe0f\ud83c\udf92\ud83e\udd7e"},"content":{"rendered":"<p>El passat dilluns 1 de desembre, l\u2019alumnat de <strong>5\u00e8 de Prim\u00e0ria <\/strong>vam realitzar una sortida organitzada per l\u2019escola al Parc dels Ports per tal de descobrir de prop la riquesa natural del nostre entorn. La jornada va tenir com a destinaci\u00f3 principal <strong>el riu S\u00e9nia<\/strong>, un espai privilegiat que ens va permetre observar i estudiar la seva fauna i flora, aix\u00ed com els diferents tipus de vegetaci\u00f3 que hi creixen al seu voltant.<\/p>\n<p>Durant l\u2019itinerari, els alumnes van poder identificar diverses esp\u00e8cies d\u2019animals i plantes, aprendre com es relacionen entre si i entendre la import\u00e0ncia de preservar este ecosistema. Tamb\u00e9 vam aprofitar per parlar sobre l\u2019\u00fas responsable dels recursos naturals i el valor dels espais protegits com el Parc dels Ports.<\/p>\n<p>La sortida va ser molt profitosa i enriquidora. Va permetre que l\u2019alumnat visqu\u00e9s d\u2019una manera directa els continguts treballats a l\u2019aula i que prengu\u00e9s consci\u00e8ncia de la import\u00e0ncia de con\u00e8ixer i respectar l\u2019entorn que ens envolta.<\/p>\n<p>Una experi\u00e8ncia d\u2019aprenentatges i enriquidora. Gr\u00e0cies a totes i tots els que ho vam fer possible!<\/p>\n<div id='gallery-1' class='gallery galleryid-5195 gallery-columns-3 gallery-size-thumbnail'><figure class='gallery-item'>\n\t\t\t<div class='gallery-icon landscape'>\n\t\t\t\t<a href='https:\/\/agora.xtec.cat\/ceipsantjaume\/general\/sortida-al-riu-senia-de-lalumnat-de-5e-de-primaria-%e2%9b%b0%ef%b8%8f%f0%9f%8e%92%f0%9f%a5%be\/attachment\/sortida-1\/'><img loading=\"lazy\" decoding=\"async\" width=\"150\" height=\"150\" src=\"https:\/\/agora.xtec.cat\/ceipsantjaume\/wp-content\/uploads\/usu1815\/2025\/12\/Sortida-1-150x150.jpeg\" class=\"attachment-thumbnail size-thumbnail\" alt=\"\" \/><\/a>\n\t\t\t<\/div><\/figure><figure class='gallery-item'>\n\t\t\t<div class='gallery-icon landscape'>\n\t\t\t\t<a href='https:\/\/agora.xtec.cat\/ceipsantjaume\/general\/sortida-al-riu-senia-de-lalumnat-de-5e-de-primaria-%e2%9b%b0%ef%b8%8f%f0%9f%8e%92%f0%9f%a5%be\/attachment\/sortida-2\/'><img loading=\"lazy\" decoding=\"async\" width=\"150\" height=\"150\" src=\"https:\/\/agora.xtec.cat\/ceipsantjaume\/wp-content\/uploads\/usu1815\/2025\/12\/Sortida-2-150x150.jpeg\" class=\"attachment-thumbnail size-thumbnail\" alt=\"\" \/><\/a>\n\t\t\t<\/div><\/figure><figure class='gallery-item'>\n\t\t\t<div class='gallery-icon landscape'>\n\t\t\t\t<a href='https:\/\/agora.xtec.cat\/ceipsantjaume\/general\/sortida-al-riu-senia-de-lalumnat-de-5e-de-primaria-%e2%9b%b0%ef%b8%8f%f0%9f%8e%92%f0%9f%a5%be\/attachment\/sortida-3\/'><img loading=\"lazy\" decoding=\"async\" width=\"150\" height=\"150\" src=\"https:\/\/agora.xtec.cat\/ceipsantjaume\/wp-content\/uploads\/usu1815\/2025\/12\/Sortida-3-150x150.jpeg\" class=\"attachment-thumbnail size-thumbnail\" alt=\"\" \/><\/a>\n\t\t\t<\/div><\/figure><figure class='gallery-item'>\n\t\t\t<div class='gallery-icon landscape'>\n\t\t\t\t<a href='https:\/\/agora.xtec.cat\/ceipsantjaume\/general\/sortida-al-riu-senia-de-lalumnat-de-5e-de-primaria-%e2%9b%b0%ef%b8%8f%f0%9f%8e%92%f0%9f%a5%be\/attachment\/sortida-4\/'><img loading=\"lazy\" decoding=\"async\" width=\"150\" height=\"150\" src=\"https:\/\/agora.xtec.cat\/ceipsantjaume\/wp-content\/uploads\/usu1815\/2025\/12\/Sortida-4-150x150.jpeg\" class=\"attachment-thumbnail size-thumbnail\" alt=\"\" \/><\/a>\n\t\t\t<\/div><\/figure><figure class='gallery-item'>\n\t\t\t<div class='gallery-icon landscape'>\n\t\t\t\t<a href='https:\/\/agora.xtec.cat\/ceipsantjaume\/general\/sortida-al-riu-senia-de-lalumnat-de-5e-de-primaria-%e2%9b%b0%ef%b8%8f%f0%9f%8e%92%f0%9f%a5%be\/attachment\/sortida-5\/'><img loading=\"lazy\" decoding=\"async\" width=\"150\" height=\"150\" src=\"https:\/\/agora.xtec.cat\/ceipsantjaume\/wp-content\/uploads\/usu1815\/2025\/12\/Sortida-5-150x150.jpeg\" class=\"attachment-thumbnail size-thumbnail\" alt=\"\" \/><\/a>\n\t\t\t<\/div><\/figure><figure class='gallery-item'>\n\t\t\t<div class='gallery-icon portrait'>\n\t\t\t\t<a href='https:\/\/agora.xtec.cat\/ceipsantjaume\/general\/sortida-al-riu-senia-de-lalumnat-de-5e-de-primaria-%e2%9b%b0%ef%b8%8f%f0%9f%8e%92%f0%9f%a5%be\/attachment\/sortida-6\/'><img loading=\"lazy\" decoding=\"async\" width=\"150\" height=\"150\" src=\"https:\/\/agora.xtec.cat\/ceipsantjaume\/wp-content\/uploads\/usu1815\/2025\/12\/Sortida-6-150x150.jpeg\" class=\"attachment-thumbnail size-thumbnail\" alt=\"\" \/><\/a>\n\t\t\t<\/div><\/figure><figure class='gallery-item'>\n\t\t\t<div class='gallery-icon portrait'>\n\t\t\t\t<a href='https:\/\/agora.xtec.cat\/ceipsantjaume\/general\/sortida-al-riu-senia-de-lalumnat-de-5e-de-primaria-%e2%9b%b0%ef%b8%8f%f0%9f%8e%92%f0%9f%a5%be\/attachment\/sortida-7\/'><img loading=\"lazy\" decoding=\"async\" width=\"150\" height=\"150\" src=\"https:\/\/agora.xtec.cat\/ceipsantjaume\/wp-content\/uploads\/usu1815\/2025\/12\/Sortida-7-150x150.jpeg\" class=\"attachment-thumbnail size-thumbnail\" alt=\"\" \/><\/a>\n\t\t\t<\/div><\/figure><figure class='gallery-item'>\n\t\t\t<div class='gallery-icon landscape'>\n\t\t\t\t<a href='https:\/\/agora.xtec.cat\/ceipsantjaume\/general\/sortida-al-riu-senia-de-lalumnat-de-5e-de-primaria-%e2%9b%b0%ef%b8%8f%f0%9f%8e%92%f0%9f%a5%be\/attachment\/sortida-8\/'><img loading=\"lazy\" decoding=\"async\" width=\"150\" height=\"150\" src=\"https:\/\/agora.xtec.cat\/ceipsantjaume\/wp-content\/uploads\/usu1815\/2025\/12\/Sortida-8-150x150.jpeg\" class=\"attachment-thumbnail size-thumbnail\" alt=\"\" \/><\/a>\n\t\t\t<\/div><\/figure><figure class='gallery-item'>\n\t\t\t<div class='gallery-icon portrait'>\n\t\t\t\t<a href='https:\/\/agora.xtec.cat\/ceipsantjaume\/general\/sortida-al-riu-senia-de-lalumnat-de-5e-de-primaria-%e2%9b%b0%ef%b8%8f%f0%9f%8e%92%f0%9f%a5%be\/attachment\/sortida-9\/'><img loading=\"lazy\" decoding=\"async\" width=\"150\" height=\"150\" src=\"https:\/\/agora.xtec.cat\/ceipsantjaume\/wp-content\/uploads\/usu1815\/2025\/12\/Sortida-9-150x150.jpeg\" class=\"attachment-thumbnail size-thumbnail\" alt=\"\" \/><\/a>\n\t\t\t<\/div><\/figure><figure class='gallery-item'>\n\t\t\t<div class='gallery-icon landscape'>\n\t\t\t\t<a href='https:\/\/agora.xtec.cat\/ceipsantjaume\/general\/sortida-al-riu-senia-de-lalumnat-de-5e-de-primaria-%e2%9b%b0%ef%b8%8f%f0%9f%8e%92%f0%9f%a5%be\/attachment\/sortida-10\/'><img loading=\"lazy\" decoding=\"async\" width=\"150\" height=\"150\" src=\"https:\/\/agora.xtec.cat\/ceipsantjaume\/wp-content\/uploads\/usu1815\/2025\/12\/Sortida-10-150x150.jpeg\" class=\"attachment-thumbnail size-thumbnail\" alt=\"\" \/><\/a>\n\t\t\t<\/div><\/figure><figure class='gallery-item'>\n\t\t\t<div class='gallery-icon portrait'>\n\t\t\t\t<a href='https:\/\/agora.xtec.cat\/ceipsantjaume\/general\/sortida-al-riu-senia-de-lalumnat-de-5e-de-primaria-%e2%9b%b0%ef%b8%8f%f0%9f%8e%92%f0%9f%a5%be\/attachment\/sortida-11\/'><img loading=\"lazy\" decoding=\"async\" width=\"150\" height=\"150\" src=\"https:\/\/agora.xtec.cat\/ceipsantjaume\/wp-content\/uploads\/usu1815\/2025\/12\/Sortida-11-150x150.jpeg\" class=\"attachment-thumbnail size-thumbnail\" alt=\"\" \/><\/a>\n\t\t\t<\/div><\/figure><figure class='gallery-item'>\n\t\t\t<div class='gallery-icon portrait'>\n\t\t\t\t<a href='https:\/\/agora.xtec.cat\/ceipsantjaume\/general\/sortida-al-riu-senia-de-lalumnat-de-5e-de-primaria-%e2%9b%b0%ef%b8%8f%f0%9f%8e%92%f0%9f%a5%be\/attachment\/sortida-12\/'><img loading=\"lazy\" decoding=\"async\" width=\"150\" height=\"150\" src=\"https:\/\/agora.xtec.cat\/ceipsantjaume\/wp-content\/uploads\/usu1815\/2025\/12\/Sortida-12-150x150.jpeg\" class=\"attachment-thumbnail size-thumbnail\" alt=\"\" \/><\/a>\n\t\t\t<\/div><\/figure><figure class='gallery-item'>\n\t\t\t<div class='gallery-icon landscape'>\n\t\t\t\t<a href='https:\/\/agora.xtec.cat\/ceipsantjaume\/general\/sortida-al-riu-senia-de-lalumnat-de-5e-de-primaria-%e2%9b%b0%ef%b8%8f%f0%9f%8e%92%f0%9f%a5%be\/attachment\/sortida-13\/'><img loading=\"lazy\" decoding=\"async\" width=\"150\" height=\"150\" src=\"https:\/\/agora.xtec.cat\/ceipsantjaume\/wp-content\/uploads\/usu1815\/2025\/12\/Sortida-13-150x150.jpeg\" class=\"attachment-thumbnail size-thumbnail\" alt=\"\" \/><\/a>\n\t\t\t<\/div><\/figure><figure class='gallery-item'>\n\t\t\t<div class='gallery-icon landscape'>\n\t\t\t\t<a href='https:\/\/agora.xtec.cat\/ceipsantjaume\/general\/sortida-al-riu-senia-de-lalumnat-de-5e-de-primaria-%e2%9b%b0%ef%b8%8f%f0%9f%8e%92%f0%9f%a5%be\/attachment\/sortida-14\/'><img loading=\"lazy\" decoding=\"async\" width=\"150\" height=\"150\" src=\"https:\/\/agora.xtec.cat\/ceipsantjaume\/wp-content\/uploads\/usu1815\/2025\/12\/Sortida-14-150x150.jpeg\" class=\"attachment-thumbnail size-thumbnail\" alt=\"\" \/><\/a>\n\t\t\t<\/div><\/figure><figure class='gallery-item'>\n\t\t\t<div class='gallery-icon landscape'>\n\t\t\t\t<a href='https:\/\/agora.xtec.cat\/ceipsantjaume\/general\/sortida-al-riu-senia-de-lalumnat-de-5e-de-primaria-%e2%9b%b0%ef%b8%8f%f0%9f%8e%92%f0%9f%a5%be\/attachment\/sortida-15\/'><img loading=\"lazy\" decoding=\"async\" width=\"150\" height=\"150\" src=\"https:\/\/agora.xtec.cat\/ceipsantjaume\/wp-content\/uploads\/usu1815\/2025\/12\/Sortida-15-150x150.jpeg\" class=\"attachment-thumbnail size-thumbnail\" alt=\"\" \/><\/a>\n\t\t\t<\/div><\/figure>\n\t\t<\/div>\n\n","protected":false},"excerpt":{"rendered":"<p>El passat dilluns 1 de desembre, l\u2019alumnat de 5\u00e8 de Prim\u00e0ria vam realitzar una sortida organitzada per l\u2019escola al Parc dels Ports per tal de descobrir de prop la riquesa natural del nostre entorn. La jornada va tenir com a destinaci\u00f3 principal el riu S\u00e9nia, un espai privilegiat que ens va permetre observar i estudiar [&hellip;]<\/p>\n","protected":false},"author":1,"featured_media":5202,"comment_status":"open","ping_status":"open","sticky":false,"template":"","format":"standard","meta":{"_bbp_topic_count":0,"_bbp_reply_count":0,"_bbp_total_topic_count":0,"_bbp_total_reply_count":0,"_bbp_voice_count":0,"_bbp_anonymous_reply_count":0,"_bbp_topic_count_hidden":0,"_bbp_reply_count_hidden":0,"_bbp_forum_subforum_count":0,"site-sidebar-layout":"default","site-content-layout":"","ast-site-content-layout":"","site-content-style":"default","site-sidebar-style":"default","ast-global-header-display":"","ast-banner-title-visibility":"","ast-main-header-display":"","ast-hfb-above-header-display":"","ast-hfb-below-header-display":"","ast-hfb-mobile-header-display":"","site-post-title":"","ast-breadcrumbs-content":"","ast-featured-img":"","footer-sml-layout":"","theme-transparent-header-meta":"","adv-header-id-meta":"","stick-header-meta":"","header-above-stick-meta":"","header-main-stick-meta":"","header-below-stick-meta":"","astra-migrate-meta-layouts":"default","ast-page-background-enabled":"default","ast-page-background-meta":{"desktop":{"background-color":"var(--ast-global-color-4)","background-image":"","background-repeat":"repeat","background-position":"center center","background-size":"auto","background-attachment":"scroll","background-type":"","background-media":"","overlay-type":"","overlay-color":"","overlay-opacity":"","overlay-gradient":""},"tablet":{"background-color":"","background-image":"","background-repeat":"repeat","background-position":"center center","background-size":"auto","background-attachment":"scroll","background-type":"","background-media":"","overlay-type":"","overlay-color":"","overlay-opacity":"","overlay-gradient":""},"mobile":{"background-color":"","background-image":"","background-repeat":"repeat","background-position":"center center","background-size":"auto","background-attachment":"scroll","background-type":"","background-media":"","overlay-type":"","overlay-color":"","overlay-opacity":"","overlay-gradient":""}},"ast-content-background-meta":{"desktop":{"background-color":"var(--ast-global-color-5)","background-image":"","background-repeat":"repeat","background-position":"center center","background-size":"auto","background-attachment":"scroll","background-type":"","background-media":"","overlay-type":"","overlay-color":"","overlay-opacity":"","overlay-gradient":""},"tablet":{"background-color":"var(--ast-global-color-5)","background-image":"","background-repeat":"repeat","background-position":"center center","background-size":"auto","background-attachment":"scroll","background-type":"","background-media":"","overlay-type":"","overlay-color":"","overlay-opacity":"","overlay-gradient":""},"mobile":{"background-color":"var(--ast-global-color-5)","background-image":"","background-repeat":"repeat","background-position":"center center","background-size":"auto","background-attachment":"scroll","background-type":"","background-media":"","overlay-type":"","overlay-color":"","overlay-opacity":"","overlay-gradient":""}},"footnotes":""},"categories":[75,91,1,4,5],"tags":[],"class_list":["post-5195","post","type-post","status-publish","format-standard","has-post-thumbnail","hentry","category-75","category-comunitat-grans","category-general","category-portada","category-primaria"],"post_mailing_queue_ids":[],"_links":{"self":[{"href":"https:\/\/agora.xtec.cat\/ceipsantjaume\/wp-json\/wp\/v2\/posts\/5195","targetHints":{"allow":["GET"]}}],"collection":[{"href":"https:\/\/agora.xtec.cat\/ceipsantjaume\/wp-json\/wp\/v2\/posts"}],"about":[{"href":"https:\/\/agora.xtec.cat\/ceipsantjaume\/wp-json\/wp\/v2\/types\/post"}],"author":[{"embeddable":true,"href":"https:\/\/agora.xtec.cat\/ceipsantjaume\/wp-json\/wp\/v2\/users\/1"}],"replies":[{"embeddable":true,"href":"https:\/\/agora.xtec.cat\/ceipsantjaume\/wp-json\/wp\/v2\/comments?post=5195"}],"version-history":[{"count":2,"href":"https:\/\/agora.xtec.cat\/ceipsantjaume\/wp-json\/wp\/v2\/posts\/5195\/revisions"}],"predecessor-version":[{"id":5212,"href":"https:\/\/agora.xtec.cat\/ceipsantjaume\/wp-json\/wp\/v2\/posts\/5195\/revisions\/5212"}],"wp:featuredmedia":[{"embeddable":true,"href":"https:\/\/agora.xtec.cat\/ceipsantjaume\/wp-json\/wp\/v2\/media\/5202"}],"wp:attachment":[{"href":"https:\/\/agora.xtec.cat\/ceipsantjaume\/wp-json\/wp\/v2\/media?parent=5195"}],"wp:term":[{"taxonomy":"category","embeddable":true,"href":"https:\/\/agora.xtec.cat\/ceipsantjaume\/wp-json\/wp\/v2\/categories?post=5195"},{"taxonomy":"post_tag","embeddable":true,"href":"https:\/\/agora.xtec.cat\/ceipsantjaume\/wp-json\/wp\/v2\/tags?post=5195"}],"curies":[{"name":"wp","href":"https:\/\/api.w.org\/{rel}","templated":true}]}}