{"id":5175,"date":"2025-11-23T11:03:36","date_gmt":"2025-11-23T10:03:36","guid":{"rendered":"https:\/\/agora.xtec.cat\/ceipsantjaume\/?p=5175"},"modified":"2026-02-19T14:37:35","modified_gmt":"2026-02-19T13:37:35","slug":"celebracio-de-santa-cecilia-patrona-dels-musics-%f0%9f%8e%ba%f0%9f%8e%b6%f0%9f%8e%b7","status":"publish","type":"post","link":"https:\/\/agora.xtec.cat\/ceipsantjaume\/general\/celebracio-de-santa-cecilia-patrona-dels-musics-%f0%9f%8e%ba%f0%9f%8e%b6%f0%9f%8e%b7\/","title":{"rendered":"Celebraci\u00f3 de Santa Cec\u00edlia, patrona dels m\u00fasics! \ud83c\udfba\ud83c\udfb6\ud83c\udfb7"},"content":{"rendered":"<p><span style=\"font-family: Noto Sans, sans-serif;\">Este divendres passat vam celebrar a l\u2019escola el <\/span><strong><span style=\"font-family: Noto Sans, sans-serif;\">dia de Santa Cec\u00edlia<\/span><\/strong><span style=\"font-family: Noto Sans, sans-serif;\">, patrona dels m\u00fasics, i ho vam fer envoltats de m\u00fasica, alegria i molta creativitat.<\/span><\/p>\n<p><span style=\"font-family: Noto Sans, sans-serif;\">Per comen\u00e7ar el dia, vam entrar a l\u2019escola amb <\/span><strong><span style=\"font-family: Noto Sans, sans-serif;\">m\u00fasica en directe<\/span><\/strong><span style=\"font-family: Noto Sans, sans-serif;\">, una manera molt especial de donar la benvinguda al mat\u00ed i de recordar la import\u00e0ncia que t\u00e9 la m\u00fasica en les nostres vides.<\/span><\/p>\n<p><span style=\"font-family: Noto Sans, sans-serif;\">M\u00e9s tard, a l\u2019hora del pati, vam poder <\/span><span style=\"font-family: Noto Sans, sans-serif;\">gaudir d\u2019unes actuacions musicals en directe<\/span><span style=\"font-family: Noto Sans, sans-serif;\"> preparades amb molta il\u00b7lusi\u00f3. Vam escoltar instruments, can\u00e7ons i ritmes variats que van convertir el pati en un espai ple d\u2019art i emoci\u00f3. Tots els <\/span><span style=\"font-family: Noto Sans, sans-serif;\">xiquets i xiquetes<\/span><span style=\"font-family: Noto Sans, sans-serif;\"> vam poder viure la m\u00fasica d\u2019una manera diferent, compartint-la i celebrant-la plegats.<\/span><\/p>\n<p><span style=\"font-family: Noto Sans, sans-serif;\">Va ser una jornada molt especial, que ens va recordar que la m\u00fasica \u00e9s un llenguatge universal capa\u00e7 d\u2019unir-nos i fer-nos sentir b\u00e9.<\/span><\/p>\n<p>&nbsp;<\/p>\n<div class=\"ast-oembed-container \" style=\"height: 100%;\"><iframe loading=\"lazy\" title=\"CELEBREM SANTA CECILIA\" width=\"422\" height=\"750\" src=\"https:\/\/www.youtube.com\/embed\/FlMxyqzel-A?feature=oembed\" frameborder=\"0\" allow=\"accelerometer; autoplay; clipboard-write; encrypted-media; gyroscope; picture-in-picture; web-share\" referrerpolicy=\"strict-origin-when-cross-origin\" allowfullscreen><\/iframe><\/div>\n<div id='gallery-1' class='gallery galleryid-5175 gallery-columns-3 gallery-size-thumbnail'><figure class='gallery-item'>\n\t\t\t<div class='gallery-icon landscape'>\n\t\t\t\t<a href='https:\/\/agora.xtec.cat\/ceipsantjaume\/general\/celebracio-de-santa-cecilia-patrona-dels-musics-%f0%9f%8e%ba%f0%9f%8e%b6%f0%9f%8e%b7\/attachment\/dia-de-la-musica-21-n-2\/'><img loading=\"lazy\" decoding=\"async\" width=\"150\" height=\"150\" src=\"https:\/\/agora.xtec.cat\/ceipsantjaume\/wp-content\/uploads\/usu1815\/2025\/11\/Dia-de-la-Musica-21-N-1-150x150.jpeg\" class=\"attachment-thumbnail size-thumbnail\" alt=\"\" \/><\/a>\n\t\t\t<\/div><\/figure><figure class='gallery-item'>\n\t\t\t<div class='gallery-icon portrait'>\n\t\t\t\t<a href='https:\/\/agora.xtec.cat\/ceipsantjaume\/general\/celebracio-de-santa-cecilia-patrona-dels-musics-%f0%9f%8e%ba%f0%9f%8e%b6%f0%9f%8e%b7\/attachment\/dia-de-la-musica-21n-1-2\/'><img loading=\"lazy\" decoding=\"async\" width=\"150\" height=\"150\" src=\"https:\/\/agora.xtec.cat\/ceipsantjaume\/wp-content\/uploads\/usu1815\/2025\/11\/Dia-de-la-Musica-21N-1-1-150x150.jpeg\" class=\"attachment-thumbnail size-thumbnail\" alt=\"\" \/><\/a>\n\t\t\t<\/div><\/figure><figure class='gallery-item'>\n\t\t\t<div class='gallery-icon landscape'>\n\t\t\t\t<a href='https:\/\/agora.xtec.cat\/ceipsantjaume\/general\/celebracio-de-santa-cecilia-patrona-dels-musics-%f0%9f%8e%ba%f0%9f%8e%b6%f0%9f%8e%b7\/attachment\/dia-de-la-musica-21n-2-2\/'><img loading=\"lazy\" decoding=\"async\" width=\"150\" height=\"150\" src=\"https:\/\/agora.xtec.cat\/ceipsantjaume\/wp-content\/uploads\/usu1815\/2025\/11\/Dia-de-la-Musica-21N-2-1-150x150.jpeg\" class=\"attachment-thumbnail size-thumbnail\" alt=\"\" \/><\/a>\n\t\t\t<\/div><\/figure><figure class='gallery-item'>\n\t\t\t<div class='gallery-icon portrait'>\n\t\t\t\t<a href='https:\/\/agora.xtec.cat\/ceipsantjaume\/general\/celebracio-de-santa-cecilia-patrona-dels-musics-%f0%9f%8e%ba%f0%9f%8e%b6%f0%9f%8e%b7\/attachment\/dia-de-la-musica-21n-3\/'><img loading=\"lazy\" decoding=\"async\" width=\"150\" height=\"150\" src=\"https:\/\/agora.xtec.cat\/ceipsantjaume\/wp-content\/uploads\/usu1815\/2025\/11\/Dia-de-la-Musica-21N-3-150x150.jpeg\" class=\"attachment-thumbnail size-thumbnail\" alt=\"\" \/><\/a>\n\t\t\t<\/div><\/figure>\n\t\t<\/div>\n\n<p>&nbsp;<\/p>\n","protected":false},"excerpt":{"rendered":"<p>Este divendres passat vam celebrar a l\u2019escola el dia de Santa Cec\u00edlia, patrona dels m\u00fasics, i ho vam fer envoltats de m\u00fasica, alegria i molta creativitat. Per comen\u00e7ar el dia, vam entrar a l\u2019escola amb m\u00fasica en directe, una manera molt especial de donar la benvinguda al mat\u00ed i de recordar la import\u00e0ncia que t\u00e9 [&hellip;]<\/p>\n","protected":false},"author":1,"featured_media":5183,"comment_status":"open","ping_status":"open","sticky":false,"template":"","format":"standard","meta":{"_bbp_topic_count":0,"_bbp_reply_count":0,"_bbp_total_topic_count":0,"_bbp_total_reply_count":0,"_bbp_voice_count":0,"_bbp_anonymous_reply_count":0,"_bbp_topic_count_hidden":0,"_bbp_reply_count_hidden":0,"_bbp_forum_subforum_count":0,"site-sidebar-layout":"default","site-content-layout":"","ast-site-content-layout":"","site-content-style":"default","site-sidebar-style":"default","ast-global-header-display":"","ast-banner-title-visibility":"","ast-main-header-display":"","ast-hfb-above-header-display":"","ast-hfb-below-header-display":"","ast-hfb-mobile-header-display":"","site-post-title":"","ast-breadcrumbs-content":"","ast-featured-img":"","footer-sml-layout":"","theme-transparent-header-meta":"","adv-header-id-meta":"","stick-header-meta":"","header-above-stick-meta":"","header-main-stick-meta":"","header-below-stick-meta":"","astra-migrate-meta-layouts":"default","ast-page-background-enabled":"default","ast-page-background-meta":{"desktop":{"background-color":"var(--ast-global-color-4)","background-image":"","background-repeat":"repeat","background-position":"center center","background-size":"auto","background-attachment":"scroll","background-type":"","background-media":"","overlay-type":"","overlay-color":"","overlay-opacity":"","overlay-gradient":""},"tablet":{"background-color":"","background-image":"","background-repeat":"repeat","background-position":"center center","background-size":"auto","background-attachment":"scroll","background-type":"","background-media":"","overlay-type":"","overlay-color":"","overlay-opacity":"","overlay-gradient":""},"mobile":{"background-color":"","background-image":"","background-repeat":"repeat","background-position":"center center","background-size":"auto","background-attachment":"scroll","background-type":"","background-media":"","overlay-type":"","overlay-color":"","overlay-opacity":"","overlay-gradient":""}},"ast-content-background-meta":{"desktop":{"background-color":"var(--ast-global-color-5)","background-image":"","background-repeat":"repeat","background-position":"center center","background-size":"auto","background-attachment":"scroll","background-type":"","background-media":"","overlay-type":"","overlay-color":"","overlay-opacity":"","overlay-gradient":""},"tablet":{"background-color":"var(--ast-global-color-5)","background-image":"","background-repeat":"repeat","background-position":"center center","background-size":"auto","background-attachment":"scroll","background-type":"","background-media":"","overlay-type":"","overlay-color":"","overlay-opacity":"","overlay-gradient":""},"mobile":{"background-color":"var(--ast-global-color-5)","background-image":"","background-repeat":"repeat","background-position":"center center","background-size":"auto","background-attachment":"scroll","background-type":"","background-media":"","overlay-type":"","overlay-color":"","overlay-opacity":"","overlay-gradient":""}},"footnotes":""},"categories":[1,4],"tags":[],"class_list":["post-5175","post","type-post","status-publish","format-standard","has-post-thumbnail","hentry","category-general","category-portada"],"post_mailing_queue_ids":[],"_links":{"self":[{"href":"https:\/\/agora.xtec.cat\/ceipsantjaume\/wp-json\/wp\/v2\/posts\/5175","targetHints":{"allow":["GET"]}}],"collection":[{"href":"https:\/\/agora.xtec.cat\/ceipsantjaume\/wp-json\/wp\/v2\/posts"}],"about":[{"href":"https:\/\/agora.xtec.cat\/ceipsantjaume\/wp-json\/wp\/v2\/types\/post"}],"author":[{"embeddable":true,"href":"https:\/\/agora.xtec.cat\/ceipsantjaume\/wp-json\/wp\/v2\/users\/1"}],"replies":[{"embeddable":true,"href":"https:\/\/agora.xtec.cat\/ceipsantjaume\/wp-json\/wp\/v2\/comments?post=5175"}],"version-history":[{"count":3,"href":"https:\/\/agora.xtec.cat\/ceipsantjaume\/wp-json\/wp\/v2\/posts\/5175\/revisions"}],"predecessor-version":[{"id":5190,"href":"https:\/\/agora.xtec.cat\/ceipsantjaume\/wp-json\/wp\/v2\/posts\/5175\/revisions\/5190"}],"wp:featuredmedia":[{"embeddable":true,"href":"https:\/\/agora.xtec.cat\/ceipsantjaume\/wp-json\/wp\/v2\/media\/5183"}],"wp:attachment":[{"href":"https:\/\/agora.xtec.cat\/ceipsantjaume\/wp-json\/wp\/v2\/media?parent=5175"}],"wp:term":[{"taxonomy":"category","embeddable":true,"href":"https:\/\/agora.xtec.cat\/ceipsantjaume\/wp-json\/wp\/v2\/categories?post=5175"},{"taxonomy":"post_tag","embeddable":true,"href":"https:\/\/agora.xtec.cat\/ceipsantjaume\/wp-json\/wp\/v2\/tags?post=5175"}],"curies":[{"name":"wp","href":"https:\/\/api.w.org\/{rel}","templated":true}]}}