{"id":5162,"date":"2025-11-23T10:59:52","date_gmt":"2025-11-23T09:59:52","guid":{"rendered":"https:\/\/agora.xtec.cat\/ceipsantjaume\/?p=5162"},"modified":"2026-02-19T14:37:44","modified_gmt":"2026-02-19T13:37:44","slug":"20-de-novembre-dia-dels-drets-dels-infants","status":"publish","type":"post","link":"https:\/\/agora.xtec.cat\/ceipsantjaume\/general\/20-de-novembre-dia-dels-drets-dels-infants\/","title":{"rendered":"20 de novembre \u2013 Dia DRETS DELS INFANTS \ud83d\udc67\ud83c\udffb\ud83e\uddd2\ud83c\udffb\ud83d\udc66\ud83c\udffc"},"content":{"rendered":"<p align=\"justify\"><span style=\"font-family: Noto Sans, sans-serif;\">El <\/span><strong><span style=\"font-family: Noto Sans, sans-serif;\">20 de novembre<\/span><\/strong><span style=\"font-family: Noto Sans, sans-serif;\"> vam celebrar a l\u2019escola el <\/span><strong><span style=\"font-family: Noto Sans, sans-serif;\">Dia dels Drets dels Infants<\/span><\/strong><span style=\"font-family: Noto Sans, sans-serif;\">, una jornada molt especial que ens recorda que tots els <\/span><span style=\"font-family: Noto Sans, sans-serif;\">xiquets i xiquetes<\/span><span style=\"font-family: Noto Sans, sans-serif;\"> del m\u00f3n tenim una s\u00e8rie de drets que ens protegeixen i ens ajuden a cr\u00e9ixer feli\u00e7os, sans i segurs.<\/span><\/p>\n<p align=\"justify\"><span style=\"font-family: Noto Sans, sans-serif;\">Per commemorar esta data, tota l\u2019escola vam sortir al pati i vam formar una <\/span><span style=\"font-family: Noto Sans, sans-serif;\">gran rotllana<\/span><span style=\"font-family: Noto Sans, sans-serif;\">, s\u00edmbol d\u2019unitat, respecte i igualtat. Entre tots vam recordar alguns dels drets m\u00e9s importants, com el dret a l\u2019educaci\u00f3, a la salut, al joc, a tenir una fam\u00edlia, a ser escoltats i a viure en pau.<\/span><\/p>\n<p align=\"justify\"><span style=\"font-family: Noto Sans, sans-serif;\">Va ser un moment molt emotiu, on totes i tots junts vam posar de manifest que con\u00e8ixer estos drets \u00e9s essencial per poder defensar-los i per contribuir a un m\u00f3n m\u00e9s just per a tots els infants.<\/span><\/p>\n<p align=\"justify\"><span style=\"font-family: Noto Sans, sans-serif;\">La celebraci\u00f3 va acabar <\/span><span style=\"font-family: Noto Sans, sans-serif;\">en<\/span><span style=\"font-family: Noto Sans, sans-serif;\"> un missatge com\u00fa: <\/span><strong><span style=\"font-family: Noto Sans, sans-serif;\">tots els infants tenen dret a somiar i a construir el seu futur en llibertat i dignitat!<\/span><\/strong><\/p>\n<div class=\"ast-oembed-container \" style=\"height: 100%;\"><iframe loading=\"lazy\" title=\"DRETS DELS INFANTS\" width=\"500\" height=\"281\" src=\"https:\/\/www.youtube.com\/embed\/PX3V60Rz_lk?feature=oembed\" frameborder=\"0\" allow=\"accelerometer; autoplay; clipboard-write; encrypted-media; gyroscope; picture-in-picture; web-share\" referrerpolicy=\"strict-origin-when-cross-origin\" allowfullscreen><\/iframe><\/div>\n<div id='gallery-1' class='gallery galleryid-5162 gallery-columns-3 gallery-size-thumbnail'><figure class='gallery-item'>\n\t\t\t<div class='gallery-icon landscape'>\n\t\t\t\t<a href='https:\/\/agora.xtec.cat\/ceipsantjaume\/general\/20-de-novembre-dia-dels-drets-dels-infants\/attachment\/drets-infants-1\/'><img loading=\"lazy\" decoding=\"async\" width=\"150\" height=\"150\" src=\"https:\/\/agora.xtec.cat\/ceipsantjaume\/wp-content\/uploads\/usu1815\/2025\/11\/Drets-Infants-1-150x150.jpeg\" class=\"attachment-thumbnail size-thumbnail\" alt=\"\" \/><\/a>\n\t\t\t<\/div><\/figure><figure class='gallery-item'>\n\t\t\t<div class='gallery-icon landscape'>\n\t\t\t\t<a href='https:\/\/agora.xtec.cat\/ceipsantjaume\/general\/20-de-novembre-dia-dels-drets-dels-infants\/attachment\/drets-infants-2\/'><img loading=\"lazy\" decoding=\"async\" width=\"150\" height=\"150\" src=\"https:\/\/agora.xtec.cat\/ceipsantjaume\/wp-content\/uploads\/usu1815\/2025\/11\/Drets-Infants-2-150x150.jpeg\" class=\"attachment-thumbnail size-thumbnail\" alt=\"\" \/><\/a>\n\t\t\t<\/div><\/figure><figure class='gallery-item'>\n\t\t\t<div class='gallery-icon landscape'>\n\t\t\t\t<a href='https:\/\/agora.xtec.cat\/ceipsantjaume\/general\/20-de-novembre-dia-dels-drets-dels-infants\/attachment\/drets-infants-3\/'><img loading=\"lazy\" decoding=\"async\" width=\"150\" height=\"150\" src=\"https:\/\/agora.xtec.cat\/ceipsantjaume\/wp-content\/uploads\/usu1815\/2025\/11\/Drets-Infants-3-150x150.jpeg\" class=\"attachment-thumbnail size-thumbnail\" alt=\"\" \/><\/a>\n\t\t\t<\/div><\/figure><figure class='gallery-item'>\n\t\t\t<div class='gallery-icon landscape'>\n\t\t\t\t<a href='https:\/\/agora.xtec.cat\/ceipsantjaume\/general\/20-de-novembre-dia-dels-drets-dels-infants\/attachment\/drets-infants-4\/'><img loading=\"lazy\" decoding=\"async\" width=\"150\" height=\"150\" src=\"https:\/\/agora.xtec.cat\/ceipsantjaume\/wp-content\/uploads\/usu1815\/2025\/11\/Drets-Infants-4-150x150.jpeg\" class=\"attachment-thumbnail size-thumbnail\" alt=\"\" \/><\/a>\n\t\t\t<\/div><\/figure><figure class='gallery-item'>\n\t\t\t<div class='gallery-icon landscape'>\n\t\t\t\t<a href='https:\/\/agora.xtec.cat\/ceipsantjaume\/general\/20-de-novembre-dia-dels-drets-dels-infants\/attachment\/drets-infants-5\/'><img loading=\"lazy\" decoding=\"async\" width=\"150\" height=\"150\" src=\"https:\/\/agora.xtec.cat\/ceipsantjaume\/wp-content\/uploads\/usu1815\/2025\/11\/Drets-Infants-5-150x150.jpeg\" class=\"attachment-thumbnail size-thumbnail\" alt=\"\" \/><\/a>\n\t\t\t<\/div><\/figure><figure class='gallery-item'>\n\t\t\t<div class='gallery-icon landscape'>\n\t\t\t\t<a href='https:\/\/agora.xtec.cat\/ceipsantjaume\/general\/20-de-novembre-dia-dels-drets-dels-infants\/attachment\/drets-infants-6\/'><img loading=\"lazy\" decoding=\"async\" width=\"150\" height=\"150\" src=\"https:\/\/agora.xtec.cat\/ceipsantjaume\/wp-content\/uploads\/usu1815\/2025\/11\/Drets-Infants-6-150x150.jpeg\" class=\"attachment-thumbnail size-thumbnail\" alt=\"\" \/><\/a>\n\t\t\t<\/div><\/figure><figure class='gallery-item'>\n\t\t\t<div class='gallery-icon landscape'>\n\t\t\t\t<a href='https:\/\/agora.xtec.cat\/ceipsantjaume\/general\/20-de-novembre-dia-dels-drets-dels-infants\/attachment\/drets-infants-7\/'><img loading=\"lazy\" decoding=\"async\" width=\"150\" height=\"150\" src=\"https:\/\/agora.xtec.cat\/ceipsantjaume\/wp-content\/uploads\/usu1815\/2025\/11\/Drets-Infants-7-150x150.jpeg\" class=\"attachment-thumbnail size-thumbnail\" alt=\"\" \/><\/a>\n\t\t\t<\/div><\/figure><figure class='gallery-item'>\n\t\t\t<div class='gallery-icon landscape'>\n\t\t\t\t<a href='https:\/\/agora.xtec.cat\/ceipsantjaume\/general\/20-de-novembre-dia-dels-drets-dels-infants\/attachment\/drets-infants-8\/'><img loading=\"lazy\" decoding=\"async\" width=\"150\" height=\"150\" src=\"https:\/\/agora.xtec.cat\/ceipsantjaume\/wp-content\/uploads\/usu1815\/2025\/11\/Drets-Infants-8-150x150.jpeg\" class=\"attachment-thumbnail size-thumbnail\" alt=\"\" \/><\/a>\n\t\t\t<\/div><\/figure><figure class='gallery-item'>\n\t\t\t<div class='gallery-icon landscape'>\n\t\t\t\t<a href='https:\/\/agora.xtec.cat\/ceipsantjaume\/general\/20-de-novembre-dia-dels-drets-dels-infants\/attachment\/drets-infants-9\/'><img loading=\"lazy\" decoding=\"async\" width=\"150\" height=\"150\" src=\"https:\/\/agora.xtec.cat\/ceipsantjaume\/wp-content\/uploads\/usu1815\/2025\/11\/Drets-Infants-9-150x150.jpeg\" class=\"attachment-thumbnail size-thumbnail\" alt=\"\" \/><\/a>\n\t\t\t<\/div><\/figure><figure class='gallery-item'>\n\t\t\t<div class='gallery-icon landscape'>\n\t\t\t\t<a href='https:\/\/agora.xtec.cat\/ceipsantjaume\/general\/20-de-novembre-dia-dels-drets-dels-infants\/attachment\/drets-infants-10\/'><img loading=\"lazy\" decoding=\"async\" width=\"150\" height=\"150\" src=\"https:\/\/agora.xtec.cat\/ceipsantjaume\/wp-content\/uploads\/usu1815\/2025\/11\/Drets-Infants-10-150x150.jpeg\" class=\"attachment-thumbnail size-thumbnail\" alt=\"\" \/><\/a>\n\t\t\t<\/div><\/figure>\n\t\t<\/div>\n\n","protected":false},"excerpt":{"rendered":"<p>El 20 de novembre vam celebrar a l\u2019escola el Dia dels Drets dels Infants, una jornada molt especial que ens recorda que tots els xiquets i xiquetes del m\u00f3n tenim una s\u00e8rie de drets que ens protegeixen i ens ajuden a cr\u00e9ixer feli\u00e7os, sans i segurs. Per commemorar esta data, tota l\u2019escola vam sortir al [&hellip;]<\/p>\n","protected":false},"author":1,"featured_media":5163,"comment_status":"open","ping_status":"open","sticky":false,"template":"","format":"standard","meta":{"_bbp_topic_count":0,"_bbp_reply_count":0,"_bbp_total_topic_count":0,"_bbp_total_reply_count":0,"_bbp_voice_count":0,"_bbp_anonymous_reply_count":0,"_bbp_topic_count_hidden":0,"_bbp_reply_count_hidden":0,"_bbp_forum_subforum_count":0,"site-sidebar-layout":"default","site-content-layout":"","ast-site-content-layout":"","site-content-style":"default","site-sidebar-style":"default","ast-global-header-display":"","ast-banner-title-visibility":"","ast-main-header-display":"","ast-hfb-above-header-display":"","ast-hfb-below-header-display":"","ast-hfb-mobile-header-display":"","site-post-title":"","ast-breadcrumbs-content":"","ast-featured-img":"","footer-sml-layout":"","theme-transparent-header-meta":"","adv-header-id-meta":"","stick-header-meta":"","header-above-stick-meta":"","header-main-stick-meta":"","header-below-stick-meta":"","astra-migrate-meta-layouts":"default","ast-page-background-enabled":"default","ast-page-background-meta":{"desktop":{"background-color":"var(--ast-global-color-4)","background-image":"","background-repeat":"repeat","background-position":"center center","background-size":"auto","background-attachment":"scroll","background-type":"","background-media":"","overlay-type":"","overlay-color":"","overlay-opacity":"","overlay-gradient":""},"tablet":{"background-color":"","background-image":"","background-repeat":"repeat","background-position":"center center","background-size":"auto","background-attachment":"scroll","background-type":"","background-media":"","overlay-type":"","overlay-color":"","overlay-opacity":"","overlay-gradient":""},"mobile":{"background-color":"","background-image":"","background-repeat":"repeat","background-position":"center center","background-size":"auto","background-attachment":"scroll","background-type":"","background-media":"","overlay-type":"","overlay-color":"","overlay-opacity":"","overlay-gradient":""}},"ast-content-background-meta":{"desktop":{"background-color":"var(--ast-global-color-5)","background-image":"","background-repeat":"repeat","background-position":"center center","background-size":"auto","background-attachment":"scroll","background-type":"","background-media":"","overlay-type":"","overlay-color":"","overlay-opacity":"","overlay-gradient":""},"tablet":{"background-color":"var(--ast-global-color-5)","background-image":"","background-repeat":"repeat","background-position":"center center","background-size":"auto","background-attachment":"scroll","background-type":"","background-media":"","overlay-type":"","overlay-color":"","overlay-opacity":"","overlay-gradient":""},"mobile":{"background-color":"var(--ast-global-color-5)","background-image":"","background-repeat":"repeat","background-position":"center center","background-size":"auto","background-attachment":"scroll","background-type":"","background-media":"","overlay-type":"","overlay-color":"","overlay-opacity":"","overlay-gradient":""}},"footnotes":""},"categories":[1,4],"tags":[],"class_list":["post-5162","post","type-post","status-publish","format-standard","has-post-thumbnail","hentry","category-general","category-portada"],"post_mailing_queue_ids":[],"_links":{"self":[{"href":"https:\/\/agora.xtec.cat\/ceipsantjaume\/wp-json\/wp\/v2\/posts\/5162","targetHints":{"allow":["GET"]}}],"collection":[{"href":"https:\/\/agora.xtec.cat\/ceipsantjaume\/wp-json\/wp\/v2\/posts"}],"about":[{"href":"https:\/\/agora.xtec.cat\/ceipsantjaume\/wp-json\/wp\/v2\/types\/post"}],"author":[{"embeddable":true,"href":"https:\/\/agora.xtec.cat\/ceipsantjaume\/wp-json\/wp\/v2\/users\/1"}],"replies":[{"embeddable":true,"href":"https:\/\/agora.xtec.cat\/ceipsantjaume\/wp-json\/wp\/v2\/comments?post=5162"}],"version-history":[{"count":6,"href":"https:\/\/agora.xtec.cat\/ceipsantjaume\/wp-json\/wp\/v2\/posts\/5162\/revisions"}],"predecessor-version":[{"id":5189,"href":"https:\/\/agora.xtec.cat\/ceipsantjaume\/wp-json\/wp\/v2\/posts\/5162\/revisions\/5189"}],"wp:featuredmedia":[{"embeddable":true,"href":"https:\/\/agora.xtec.cat\/ceipsantjaume\/wp-json\/wp\/v2\/media\/5163"}],"wp:attachment":[{"href":"https:\/\/agora.xtec.cat\/ceipsantjaume\/wp-json\/wp\/v2\/media?parent=5162"}],"wp:term":[{"taxonomy":"category","embeddable":true,"href":"https:\/\/agora.xtec.cat\/ceipsantjaume\/wp-json\/wp\/v2\/categories?post=5162"},{"taxonomy":"post_tag","embeddable":true,"href":"https:\/\/agora.xtec.cat\/ceipsantjaume\/wp-json\/wp\/v2\/tags?post=5162"}],"curies":[{"name":"wp","href":"https:\/\/api.w.org\/{rel}","templated":true}]}}