{"id":5152,"date":"2025-11-23T10:56:38","date_gmt":"2025-11-23T09:56:38","guid":{"rendered":"https:\/\/agora.xtec.cat\/ceipsantjaume\/?p=5152"},"modified":"2026-03-24T12:55:16","modified_gmt":"2026-03-24T11:55:16","slug":"sortida-centre-ictiologic-5e-primaria","status":"publish","type":"post","link":"https:\/\/agora.xtec.cat\/ceipsantjaume\/general\/sortida-centre-ictiologic-5e-primaria\/","title":{"rendered":"SORTIDA CENTRE ICTIOL\u00d2GIC &#8211; 5\u00e8 prim\u00e0ria"},"content":{"rendered":"<p align=\"justify\"><span style=\"font-family: Noto Sans, sans-serif;\">El passat <\/span><strong><span style=\"font-family: Noto Sans, sans-serif;\">dimarts 18 de novembre<\/span><\/strong><span style=\"font-family: Noto Sans, sans-serif;\">, els alumnes de <\/span><span style=\"font-family: Noto Sans, sans-serif;\">5\u00e8 de Prim\u00e0ria<\/span><span style=\"font-family: Noto Sans, sans-serif;\"> vam gaudir d\u2019una sortida en bicicleta plena de natura, descobertes i conviv\u00e8ncia.<\/span><\/p>\n<p align=\"justify\"><span style=\"font-family: Noto Sans, sans-serif;\">Al mat\u00ed vam pedalar fins al <\/span><strong><span style=\"font-family: Noto Sans, sans-serif;\">Centre Ictiol\u00f2gic<\/span><\/strong><span style=\"font-family: Noto Sans, sans-serif;\">, un espai dedicat a l\u2019estudi i conservaci\u00f3 dels peixos i altres esp\u00e8cies aqu\u00e0tiques del Delta. All\u00ed vam poder con\u00e8ixer de primera m\u00e0 la seva tasca cient\u00edfica, veure diferents esp\u00e8cies aut\u00f2ctones i entendre la import\u00e0ncia de preservar els ecosistemes aqu\u00e0tics que fan del Delta un entorn \u00fanic.<\/span><\/p>\n<p align=\"justify\"><span style=\"font-family: Noto Sans, sans-serif;\">Despr\u00e9s, vam continuar la ruta fins al <\/span><span style=\"font-family: Noto Sans, sans-serif;\">Poble Nou del Delta<\/span><span style=\"font-family: Noto Sans, sans-serif;\">, on vam dinar i vam <\/span><span style=\"font-family: Noto Sans, sans-serif;\">fer una mica<\/span><span style=\"font-family: Noto Sans, sans-serif;\"> d\u2019esbarjo tots plegats.<\/span><\/p>\n<p align=\"justify\"><span style=\"font-family: Noto Sans, sans-serif;\">A la tarda vam visitar el <\/span><span style=\"font-family: Noto Sans, sans-serif;\">mirador de la Casa de Fusta<\/span><span style=\"font-family: Noto Sans, sans-serif;\">, un punt emblem\u00e0tic situat al costat de la llacuna de l\u2019Encanyissada. Finalment, vam emprendre el cam\u00ed de tornada cap a l\u2019escola, cansats per\u00f2 molt contents despr\u00e9s d\u2019un dia <\/span><span style=\"font-family: Noto Sans, sans-serif;\">d\u2019aprenentatge i de descoberta del nostre entorn.<\/span><\/p>\n<div id='gallery-1' class='gallery galleryid-5152 gallery-columns-3 gallery-size-thumbnail'><figure class='gallery-item'>\n\t\t\t<div class='gallery-icon landscape'>\n\t\t\t\t<a href='https:\/\/agora.xtec.cat\/ceipsantjaume\/general\/sortida-centre-ictiologic-5e-primaria\/attachment\/sortida-centre-ictiologic-1\/'><img loading=\"lazy\" decoding=\"async\" width=\"150\" height=\"150\" src=\"https:\/\/agora.xtec.cat\/ceipsantjaume\/wp-content\/uploads\/usu1815\/2025\/11\/Sortida-Centre-Ictiologic-1-150x150.jpeg\" class=\"attachment-thumbnail size-thumbnail\" alt=\"\" \/><\/a>\n\t\t\t<\/div><\/figure><figure class='gallery-item'>\n\t\t\t<div class='gallery-icon landscape'>\n\t\t\t\t<a href='https:\/\/agora.xtec.cat\/ceipsantjaume\/general\/sortida-centre-ictiologic-5e-primaria\/attachment\/sortida-centre-ictiologic-2\/'><img loading=\"lazy\" decoding=\"async\" width=\"150\" height=\"150\" src=\"https:\/\/agora.xtec.cat\/ceipsantjaume\/wp-content\/uploads\/usu1815\/2025\/11\/Sortida-Centre-Ictiologic-2-150x150.jpeg\" class=\"attachment-thumbnail size-thumbnail\" alt=\"\" \/><\/a>\n\t\t\t<\/div><\/figure><figure class='gallery-item'>\n\t\t\t<div class='gallery-icon landscape'>\n\t\t\t\t<a href='https:\/\/agora.xtec.cat\/ceipsantjaume\/general\/sortida-centre-ictiologic-5e-primaria\/attachment\/sortida-centre-ictiologic-3\/'><img loading=\"lazy\" decoding=\"async\" width=\"150\" height=\"150\" src=\"https:\/\/agora.xtec.cat\/ceipsantjaume\/wp-content\/uploads\/usu1815\/2025\/11\/Sortida-Centre-Ictiologic-3-150x150.jpeg\" class=\"attachment-thumbnail size-thumbnail\" alt=\"\" \/><\/a>\n\t\t\t<\/div><\/figure><figure class='gallery-item'>\n\t\t\t<div class='gallery-icon landscape'>\n\t\t\t\t<a href='https:\/\/agora.xtec.cat\/ceipsantjaume\/general\/sortida-centre-ictiologic-5e-primaria\/attachment\/sortida-centre-ictiologic-4\/'><img loading=\"lazy\" decoding=\"async\" width=\"150\" height=\"150\" src=\"https:\/\/agora.xtec.cat\/ceipsantjaume\/wp-content\/uploads\/usu1815\/2025\/11\/Sortida-Centre-Ictiologic-4-150x150.jpeg\" class=\"attachment-thumbnail size-thumbnail\" alt=\"\" \/><\/a>\n\t\t\t<\/div><\/figure><figure class='gallery-item'>\n\t\t\t<div class='gallery-icon landscape'>\n\t\t\t\t<a href='https:\/\/agora.xtec.cat\/ceipsantjaume\/general\/sortida-centre-ictiologic-5e-primaria\/attachment\/sortida-centre-ictiologic-5\/'><img loading=\"lazy\" decoding=\"async\" width=\"150\" height=\"150\" src=\"https:\/\/agora.xtec.cat\/ceipsantjaume\/wp-content\/uploads\/usu1815\/2025\/11\/Sortida-Centre-Ictiologic-5-150x150.jpeg\" class=\"attachment-thumbnail size-thumbnail\" alt=\"\" \/><\/a>\n\t\t\t<\/div><\/figure><figure class='gallery-item'>\n\t\t\t<div class='gallery-icon landscape'>\n\t\t\t\t<a href='https:\/\/agora.xtec.cat\/ceipsantjaume\/general\/sortida-centre-ictiologic-5e-primaria\/attachment\/sortida-centre-ictiologic-6\/'><img loading=\"lazy\" decoding=\"async\" width=\"150\" height=\"150\" src=\"https:\/\/agora.xtec.cat\/ceipsantjaume\/wp-content\/uploads\/usu1815\/2025\/11\/Sortida-Centre-Ictiologic-6-150x150.jpeg\" class=\"attachment-thumbnail size-thumbnail\" alt=\"\" \/><\/a>\n\t\t\t<\/div><\/figure><figure class='gallery-item'>\n\t\t\t<div class='gallery-icon landscape'>\n\t\t\t\t<a href='https:\/\/agora.xtec.cat\/ceipsantjaume\/general\/sortida-centre-ictiologic-5e-primaria\/attachment\/sortida-centre-ictiologic-7\/'><img loading=\"lazy\" decoding=\"async\" width=\"150\" height=\"150\" src=\"https:\/\/agora.xtec.cat\/ceipsantjaume\/wp-content\/uploads\/usu1815\/2025\/11\/Sortida-Centre-Ictiologic-7-150x150.jpeg\" class=\"attachment-thumbnail size-thumbnail\" alt=\"\" \/><\/a>\n\t\t\t<\/div><\/figure><figure class='gallery-item'>\n\t\t\t<div class='gallery-icon landscape'>\n\t\t\t\t<a href='https:\/\/agora.xtec.cat\/ceipsantjaume\/general\/sortida-centre-ictiologic-5e-primaria\/attachment\/sortida-centre-ictiologic-8\/'><img loading=\"lazy\" decoding=\"async\" width=\"150\" height=\"150\" src=\"https:\/\/agora.xtec.cat\/ceipsantjaume\/wp-content\/uploads\/usu1815\/2025\/11\/Sortida-Centre-Ictiologic-8-150x150.jpeg\" class=\"attachment-thumbnail size-thumbnail\" alt=\"\" \/><\/a>\n\t\t\t<\/div><\/figure>\n\t\t<\/div>\n\n","protected":false},"excerpt":{"rendered":"<p>El passat dimarts 18 de novembre, els alumnes de 5\u00e8 de Prim\u00e0ria vam gaudir d\u2019una sortida en bicicleta plena de natura, descobertes i conviv\u00e8ncia. Al mat\u00ed vam pedalar fins al Centre Ictiol\u00f2gic, un espai dedicat a l\u2019estudi i conservaci\u00f3 dels peixos i altres esp\u00e8cies aqu\u00e0tiques del Delta. All\u00ed vam poder con\u00e8ixer de primera m\u00e0 la [&hellip;]<\/p>\n","protected":false},"author":1,"featured_media":5159,"comment_status":"open","ping_status":"open","sticky":false,"template":"","format":"standard","meta":{"_bbp_topic_count":0,"_bbp_reply_count":0,"_bbp_total_topic_count":0,"_bbp_total_reply_count":0,"_bbp_voice_count":0,"_bbp_anonymous_reply_count":0,"_bbp_topic_count_hidden":0,"_bbp_reply_count_hidden":0,"_bbp_forum_subforum_count":0,"site-sidebar-layout":"default","site-content-layout":"","ast-site-content-layout":"","site-content-style":"default","site-sidebar-style":"default","ast-global-header-display":"","ast-banner-title-visibility":"","ast-main-header-display":"","ast-hfb-above-header-display":"","ast-hfb-below-header-display":"","ast-hfb-mobile-header-display":"","site-post-title":"","ast-breadcrumbs-content":"","ast-featured-img":"","footer-sml-layout":"","theme-transparent-header-meta":"","adv-header-id-meta":"","stick-header-meta":"","header-above-stick-meta":"","header-main-stick-meta":"","header-below-stick-meta":"","astra-migrate-meta-layouts":"default","ast-page-background-enabled":"default","ast-page-background-meta":{"desktop":{"background-color":"var(--ast-global-color-4)","background-image":"","background-repeat":"repeat","background-position":"center center","background-size":"auto","background-attachment":"scroll","background-type":"","background-media":"","overlay-type":"","overlay-color":"","overlay-opacity":"","overlay-gradient":""},"tablet":{"background-color":"","background-image":"","background-repeat":"repeat","background-position":"center center","background-size":"auto","background-attachment":"scroll","background-type":"","background-media":"","overlay-type":"","overlay-color":"","overlay-opacity":"","overlay-gradient":""},"mobile":{"background-color":"","background-image":"","background-repeat":"repeat","background-position":"center center","background-size":"auto","background-attachment":"scroll","background-type":"","background-media":"","overlay-type":"","overlay-color":"","overlay-opacity":"","overlay-gradient":""}},"ast-content-background-meta":{"desktop":{"background-color":"var(--ast-global-color-5)","background-image":"","background-repeat":"repeat","background-position":"center center","background-size":"auto","background-attachment":"scroll","background-type":"","background-media":"","overlay-type":"","overlay-color":"","overlay-opacity":"","overlay-gradient":""},"tablet":{"background-color":"var(--ast-global-color-5)","background-image":"","background-repeat":"repeat","background-position":"center center","background-size":"auto","background-attachment":"scroll","background-type":"","background-media":"","overlay-type":"","overlay-color":"","overlay-opacity":"","overlay-gradient":""},"mobile":{"background-color":"var(--ast-global-color-5)","background-image":"","background-repeat":"repeat","background-position":"center center","background-size":"auto","background-attachment":"scroll","background-type":"","background-media":"","overlay-type":"","overlay-color":"","overlay-opacity":"","overlay-gradient":""}},"footnotes":""},"categories":[75,91,1,4,5],"tags":[],"class_list":["post-5152","post","type-post","status-publish","format-standard","has-post-thumbnail","hentry","category-75","category-comunitat-grans","category-general","category-portada","category-primaria"],"post_mailing_queue_ids":[],"_links":{"self":[{"href":"https:\/\/agora.xtec.cat\/ceipsantjaume\/wp-json\/wp\/v2\/posts\/5152","targetHints":{"allow":["GET"]}}],"collection":[{"href":"https:\/\/agora.xtec.cat\/ceipsantjaume\/wp-json\/wp\/v2\/posts"}],"about":[{"href":"https:\/\/agora.xtec.cat\/ceipsantjaume\/wp-json\/wp\/v2\/types\/post"}],"author":[{"embeddable":true,"href":"https:\/\/agora.xtec.cat\/ceipsantjaume\/wp-json\/wp\/v2\/users\/1"}],"replies":[{"embeddable":true,"href":"https:\/\/agora.xtec.cat\/ceipsantjaume\/wp-json\/wp\/v2\/comments?post=5152"}],"version-history":[{"count":1,"href":"https:\/\/agora.xtec.cat\/ceipsantjaume\/wp-json\/wp\/v2\/posts\/5152\/revisions"}],"predecessor-version":[{"id":5161,"href":"https:\/\/agora.xtec.cat\/ceipsantjaume\/wp-json\/wp\/v2\/posts\/5152\/revisions\/5161"}],"wp:featuredmedia":[{"embeddable":true,"href":"https:\/\/agora.xtec.cat\/ceipsantjaume\/wp-json\/wp\/v2\/media\/5159"}],"wp:attachment":[{"href":"https:\/\/agora.xtec.cat\/ceipsantjaume\/wp-json\/wp\/v2\/media?parent=5152"}],"wp:term":[{"taxonomy":"category","embeddable":true,"href":"https:\/\/agora.xtec.cat\/ceipsantjaume\/wp-json\/wp\/v2\/categories?post=5152"},{"taxonomy":"post_tag","embeddable":true,"href":"https:\/\/agora.xtec.cat\/ceipsantjaume\/wp-json\/wp\/v2\/tags?post=5152"}],"curies":[{"name":"wp","href":"https:\/\/api.w.org\/{rel}","templated":true}]}}