{"id":5063,"date":"2025-10-06T11:06:56","date_gmt":"2025-10-06T09:06:56","guid":{"rendered":"https:\/\/agora.xtec.cat\/ceipsantjaume\/?p=5063"},"modified":"2026-02-19T14:39:05","modified_gmt":"2026-02-19T13:39:05","slug":"5-doctubre-dia-mundial-del-docent-%f0%9f%93%9a","status":"publish","type":"post","link":"https:\/\/agora.xtec.cat\/ceipsantjaume\/general\/5-doctubre-dia-mundial-del-docent-%f0%9f%93%9a\/","title":{"rendered":"5 d\u2019octubre \u2013 Dia Mundial del Docent \ud83d\udcda"},"content":{"rendered":"<p><span style=\"font-family: Arial, sans-serif;\">El 5 d\u2019octubre, celebrem el <\/span><strong><span style=\"font-family: Arial, sans-serif;\">Dia Mundial del Docent<\/span><\/strong><span style=\"font-family: Arial, sans-serif;\">, una jornada per recon\u00e8ixer la tasca vital que exerceixen tots els mestres d\u2019arreu del m\u00f3n. A l\u2019Escola Sant Jaume, volem aprofitar esta data per posar en valor la dedicaci\u00f3, la passi\u00f3 i el comprom\u00eds de tot el nostre equip educatiu.<\/span><\/p>\n<p><span style=\"font-family: Arial, sans-serif;\">Educar va molt m\u00e9s enll\u00e0 de transmetre coneixements. \u00c9s acompanyar, escoltar, orientar, inspirar i cr\u00e9ixer plegats amb el nostre alumnat. \u00c9s creure en el seu potencial i en la for\u00e7a transformadora de l\u2019educaci\u00f3.<\/span><\/p>\n<p><span style=\"font-family: Arial, sans-serif;\">Des de l\u2019equip directiu i el claustre de mestres, <\/span><strong><span style=\"font-family: Arial, sans-serif;\">renovem avui el nostre comprom\u00eds de seguir treballant amb responsabilitat, vocaci\u00f3 i entusiasme<\/span><\/strong><span style=\"font-family: Arial, sans-serif;\"> per oferir una educaci\u00f3 de qualitat, inclusiva i significativa. Ens comprometem a continuar construint, dia a dia, una escola on cada <\/span><span style=\"font-family: Arial, sans-serif;\">xiquet i xiqueta <\/span><span style=\"font-family: Arial, sans-serif;\">se senti acollit, valorat i motivat per aprendre.<\/span><\/p>\n<p><span style=\"font-family: Arial, sans-serif;\">Gr\u00e0cies a totes les persones que formen part de la comunitat educativa per fer possible est<\/span><span style=\"font-family: Arial, sans-serif;\">e<\/span><span style=\"font-family: Arial, sans-serif;\"> projecte compartit. I, sobretot, <\/span><strong><span style=\"font-family: Arial, sans-serif;\">gr\u00e0cies als i les docents<\/span><\/strong><span style=\"font-family: Arial, sans-serif;\"> per la vostra entrega i per sembrar cada dia les llavors del futur.<\/span><\/p>\n<p><strong><span style=\"font-family: Arial, sans-serif;\">Feli\u00e7 Dia Mundial del Docent! \ud83d\udc9b<\/span><\/strong><\/p>\n<p><strong><span style=\"font-family: Arial, sans-serif;\"><a href=\"https:\/\/agora.xtec.cat\/ceipsantjaume\/wp-content\/uploads\/usu1815\/2025\/10\/Claustre-2025-26.jpeg\"><img loading=\"lazy\" decoding=\"async\" class=\"aligncenter size-large wp-image-5064\" src=\"https:\/\/agora.xtec.cat\/ceipsantjaume\/wp-content\/uploads\/usu1815\/2025\/10\/Claustre-2025-26-1024x768.jpeg\" alt=\"\" width=\"1024\" height=\"768\" srcset=\"https:\/\/agora.xtec.cat\/ceipsantjaume\/wp-content\/uploads\/usu1815\/2025\/10\/Claustre-2025-26-1024x768.jpeg 1024w, https:\/\/agora.xtec.cat\/ceipsantjaume\/wp-content\/uploads\/usu1815\/2025\/10\/Claustre-2025-26-300x225.jpeg 300w, https:\/\/agora.xtec.cat\/ceipsantjaume\/wp-content\/uploads\/usu1815\/2025\/10\/Claustre-2025-26-768x576.jpeg 768w, https:\/\/agora.xtec.cat\/ceipsantjaume\/wp-content\/uploads\/usu1815\/2025\/10\/Claustre-2025-26-1536x1152.jpeg 1536w, https:\/\/agora.xtec.cat\/ceipsantjaume\/wp-content\/uploads\/usu1815\/2025\/10\/Claustre-2025-26-200x150.jpeg 200w, https:\/\/agora.xtec.cat\/ceipsantjaume\/wp-content\/uploads\/usu1815\/2025\/10\/Claustre-2025-26.jpeg 1600w\" sizes=\"auto, (max-width: 1024px) 100vw, 1024px\" \/><\/a><\/span><\/strong><span style=\"font-family: Arial, sans-serif;\"><br \/>\n<\/span><\/p>\n","protected":false},"excerpt":{"rendered":"<p>El 5 d\u2019octubre, celebrem el Dia Mundial del Docent, una jornada per recon\u00e8ixer la tasca vital que exerceixen tots els mestres d\u2019arreu del m\u00f3n. A l\u2019Escola Sant Jaume, volem aprofitar esta data per posar en valor la dedicaci\u00f3, la passi\u00f3 i el comprom\u00eds de tot el nostre equip educatiu. Educar va molt m\u00e9s enll\u00e0 de [&hellip;]<\/p>\n","protected":false},"author":1,"featured_media":0,"comment_status":"open","ping_status":"open","sticky":false,"template":"","format":"standard","meta":{"_bbp_topic_count":0,"_bbp_reply_count":0,"_bbp_total_topic_count":0,"_bbp_total_reply_count":0,"_bbp_voice_count":0,"_bbp_anonymous_reply_count":0,"_bbp_topic_count_hidden":0,"_bbp_reply_count_hidden":0,"_bbp_forum_subforum_count":0,"site-sidebar-layout":"default","site-content-layout":"","ast-site-content-layout":"","site-content-style":"default","site-sidebar-style":"default","ast-global-header-display":"","ast-banner-title-visibility":"","ast-main-header-display":"","ast-hfb-above-header-display":"","ast-hfb-below-header-display":"","ast-hfb-mobile-header-display":"","site-post-title":"","ast-breadcrumbs-content":"","ast-featured-img":"","footer-sml-layout":"","theme-transparent-header-meta":"","adv-header-id-meta":"","stick-header-meta":"","header-above-stick-meta":"","header-main-stick-meta":"","header-below-stick-meta":"","astra-migrate-meta-layouts":"default","ast-page-background-enabled":"default","ast-page-background-meta":{"desktop":{"background-color":"var(--ast-global-color-4)","background-image":"","background-repeat":"repeat","background-position":"center center","background-size":"auto","background-attachment":"scroll","background-type":"","background-media":"","overlay-type":"","overlay-color":"","overlay-opacity":"","overlay-gradient":""},"tablet":{"background-color":"","background-image":"","background-repeat":"repeat","background-position":"center center","background-size":"auto","background-attachment":"scroll","background-type":"","background-media":"","overlay-type":"","overlay-color":"","overlay-opacity":"","overlay-gradient":""},"mobile":{"background-color":"","background-image":"","background-repeat":"repeat","background-position":"center center","background-size":"auto","background-attachment":"scroll","background-type":"","background-media":"","overlay-type":"","overlay-color":"","overlay-opacity":"","overlay-gradient":""}},"ast-content-background-meta":{"desktop":{"background-color":"var(--ast-global-color-5)","background-image":"","background-repeat":"repeat","background-position":"center center","background-size":"auto","background-attachment":"scroll","background-type":"","background-media":"","overlay-type":"","overlay-color":"","overlay-opacity":"","overlay-gradient":""},"tablet":{"background-color":"var(--ast-global-color-5)","background-image":"","background-repeat":"repeat","background-position":"center center","background-size":"auto","background-attachment":"scroll","background-type":"","background-media":"","overlay-type":"","overlay-color":"","overlay-opacity":"","overlay-gradient":""},"mobile":{"background-color":"var(--ast-global-color-5)","background-image":"","background-repeat":"repeat","background-position":"center center","background-size":"auto","background-attachment":"scroll","background-type":"","background-media":"","overlay-type":"","overlay-color":"","overlay-opacity":"","overlay-gradient":""}},"footnotes":""},"categories":[1,4],"tags":[],"class_list":["post-5063","post","type-post","status-publish","format-standard","hentry","category-general","category-portada"],"post_mailing_queue_ids":[],"_links":{"self":[{"href":"https:\/\/agora.xtec.cat\/ceipsantjaume\/wp-json\/wp\/v2\/posts\/5063","targetHints":{"allow":["GET"]}}],"collection":[{"href":"https:\/\/agora.xtec.cat\/ceipsantjaume\/wp-json\/wp\/v2\/posts"}],"about":[{"href":"https:\/\/agora.xtec.cat\/ceipsantjaume\/wp-json\/wp\/v2\/types\/post"}],"author":[{"embeddable":true,"href":"https:\/\/agora.xtec.cat\/ceipsantjaume\/wp-json\/wp\/v2\/users\/1"}],"replies":[{"embeddable":true,"href":"https:\/\/agora.xtec.cat\/ceipsantjaume\/wp-json\/wp\/v2\/comments?post=5063"}],"version-history":[{"count":1,"href":"https:\/\/agora.xtec.cat\/ceipsantjaume\/wp-json\/wp\/v2\/posts\/5063\/revisions"}],"predecessor-version":[{"id":5065,"href":"https:\/\/agora.xtec.cat\/ceipsantjaume\/wp-json\/wp\/v2\/posts\/5063\/revisions\/5065"}],"wp:attachment":[{"href":"https:\/\/agora.xtec.cat\/ceipsantjaume\/wp-json\/wp\/v2\/media?parent=5063"}],"wp:term":[{"taxonomy":"category","embeddable":true,"href":"https:\/\/agora.xtec.cat\/ceipsantjaume\/wp-json\/wp\/v2\/categories?post=5063"},{"taxonomy":"post_tag","embeddable":true,"href":"https:\/\/agora.xtec.cat\/ceipsantjaume\/wp-json\/wp\/v2\/tags?post=5063"}],"curies":[{"name":"wp","href":"https:\/\/api.w.org\/{rel}","templated":true}]}}