{"id":5032,"date":"2025-06-27T11:00:23","date_gmt":"2025-06-27T09:00:23","guid":{"rendered":"https:\/\/agora.xtec.cat\/ceipsantjaume\/?p=5032"},"modified":"2025-06-27T11:00:23","modified_gmt":"2025-06-27T09:00:23","slug":"%f0%9f%8e%89-entrega-orles-i5-i-6e-un-comiat-ple-democions-%f0%9f%8e%89","status":"publish","type":"post","link":"https:\/\/agora.xtec.cat\/ceipsantjaume\/general\/%f0%9f%8e%89-entrega-orles-i5-i-6e-un-comiat-ple-democions-%f0%9f%8e%89\/","title":{"rendered":"\ud83c\udf89 Entrega ORLES: I5 i 6\u00e8 \u2013 Un Comiat Ple d\u2019Emocions! \ud83c\udf89"},"content":{"rendered":"<p data-start=\"149\" data-end=\"384\">El passat dijous 19 de juny vam viure una tarda molt especial a l&#8217;auditori &#8220;Marta Manzanares&#8221;, la <strong data-start=\"232\" data-end=\"255\">festa d&#8217;orles fi de curs<\/strong> dedicada a l\u2019alumnat de <strong data-start=\"280\" data-end=\"286\">I5<\/strong> i <strong data-start=\"289\" data-end=\"295\">6\u00e8<\/strong>. Va ser una celebraci\u00f3 plena d\u2019emocions, somriures, records i alguna ll\u00e0grima d\u2019alegria.<\/p>\n<p data-start=\"386\" data-end=\"674\">\ud83d\udc76 <strong data-start=\"389\" data-end=\"426\">Felicitats als xiquets i xiquetes de I5<\/strong>, que han acabat l\u2019etapa d\u2019Educaci\u00f3 Infantil! Esteu a punt d\u2019iniciar una nova aventura a Prim\u00e0ria, on continuareu aprenent, creixent i descobrint el m\u00f3n. Us esperen nous reptes i moltes experi\u00e8ncies enriquidores. Estem molt orgullosos de vatros!<\/p>\n<p data-start=\"676\" data-end=\"1013\">\ud83c\udf93 <strong data-start=\"679\" data-end=\"717\">Enhorabona tamb\u00e9 als alumnes de 6\u00e8<\/strong>, que deixeu enrere l\u2019etapa de Prim\u00e0ria per comen\u00e7ar l\u2019institut. Ha estat un cam\u00ed ple d\u2019aprenentatges i amistats, i estem segurs que continuareu brillant all\u00e0 on aneu. Us desitgem molta sort en aquesta nova etapa, que segur que vindr\u00e0 carregada de noves oportunitats i viv\u00e8ncies inoblidables.<\/p>\n<p data-start=\"1015\" data-end=\"1153\">Gr\u00e0cies a totes les fam\u00edlies, claustre i membres de la comunitat educativa que vau fer possible aquesta festa tan bonica. Junts fem escola!<\/p>\n<div id='gallery-1' class='gallery galleryid-5032 gallery-columns-3 gallery-size-thumbnail'><figure class='gallery-item'>\n\t\t\t<div class='gallery-icon landscape'>\n\t\t\t\t<a href='https:\/\/agora.xtec.cat\/ceipsantjaume\/general\/%f0%9f%8e%89-entrega-orles-i5-i-6e-un-comiat-ple-democions-%f0%9f%8e%89\/attachment\/orles-6e-a\/'><img loading=\"lazy\" decoding=\"async\" width=\"150\" height=\"150\" src=\"https:\/\/agora.xtec.cat\/ceipsantjaume\/wp-content\/uploads\/usu1815\/2025\/06\/Orles-6e-A-150x150.jpg\" class=\"attachment-thumbnail size-thumbnail\" alt=\"\" \/><\/a>\n\t\t\t<\/div><\/figure><figure class='gallery-item'>\n\t\t\t<div class='gallery-icon landscape'>\n\t\t\t\t<a href='https:\/\/agora.xtec.cat\/ceipsantjaume\/general\/%f0%9f%8e%89-entrega-orles-i5-i-6e-un-comiat-ple-democions-%f0%9f%8e%89\/attachment\/orles-6e\/'><img loading=\"lazy\" decoding=\"async\" width=\"150\" height=\"150\" src=\"https:\/\/agora.xtec.cat\/ceipsantjaume\/wp-content\/uploads\/usu1815\/2025\/06\/Orles-6e-150x150.jpg\" class=\"attachment-thumbnail size-thumbnail\" alt=\"\" \/><\/a>\n\t\t\t<\/div><\/figure><figure class='gallery-item'>\n\t\t\t<div class='gallery-icon landscape'>\n\t\t\t\t<a href='https:\/\/agora.xtec.cat\/ceipsantjaume\/general\/%f0%9f%8e%89-entrega-orles-i5-i-6e-un-comiat-ple-democions-%f0%9f%8e%89\/attachment\/orles-i5\/'><img loading=\"lazy\" decoding=\"async\" width=\"150\" height=\"150\" src=\"https:\/\/agora.xtec.cat\/ceipsantjaume\/wp-content\/uploads\/usu1815\/2025\/06\/Orles-I5-150x150.jpg\" class=\"attachment-thumbnail size-thumbnail\" alt=\"\" \/><\/a>\n\t\t\t<\/div><\/figure>\n\t\t<\/div>\n\n","protected":false},"excerpt":{"rendered":"<p>El passat dijous 19 de juny vam viure una tarda molt especial a l&#8217;auditori &#8220;Marta Manzanares&#8221;, la festa d&#8217;orles fi de curs dedicada a l\u2019alumnat de I5 i 6\u00e8. Va ser una celebraci\u00f3 plena d\u2019emocions, somriures, records i alguna ll\u00e0grima d\u2019alegria. \ud83d\udc76 Felicitats als xiquets i xiquetes de I5, que han acabat l\u2019etapa d\u2019Educaci\u00f3 Infantil! [&hellip;]<\/p>\n","protected":false},"author":1,"featured_media":0,"comment_status":"open","ping_status":"open","sticky":false,"template":"","format":"standard","meta":{"_bbp_topic_count":0,"_bbp_reply_count":0,"_bbp_total_topic_count":0,"_bbp_total_reply_count":0,"_bbp_voice_count":0,"_bbp_anonymous_reply_count":0,"_bbp_topic_count_hidden":0,"_bbp_reply_count_hidden":0,"_bbp_forum_subforum_count":0,"site-sidebar-layout":"default","site-content-layout":"","ast-site-content-layout":"","site-content-style":"default","site-sidebar-style":"default","ast-global-header-display":"","ast-banner-title-visibility":"","ast-main-header-display":"","ast-hfb-above-header-display":"","ast-hfb-below-header-display":"","ast-hfb-mobile-header-display":"","site-post-title":"","ast-breadcrumbs-content":"","ast-featured-img":"","footer-sml-layout":"","theme-transparent-header-meta":"","adv-header-id-meta":"","stick-header-meta":"","header-above-stick-meta":"","header-main-stick-meta":"","header-below-stick-meta":"","astra-migrate-meta-layouts":"default","ast-page-background-enabled":"default","ast-page-background-meta":{"desktop":{"background-color":"var(--ast-global-color-4)","background-image":"","background-repeat":"repeat","background-position":"center center","background-size":"auto","background-attachment":"scroll","background-type":"","background-media":"","overlay-type":"","overlay-color":"","overlay-opacity":"","overlay-gradient":""},"tablet":{"background-color":"","background-image":"","background-repeat":"repeat","background-position":"center center","background-size":"auto","background-attachment":"scroll","background-type":"","background-media":"","overlay-type":"","overlay-color":"","overlay-opacity":"","overlay-gradient":""},"mobile":{"background-color":"","background-image":"","background-repeat":"repeat","background-position":"center center","background-size":"auto","background-attachment":"scroll","background-type":"","background-media":"","overlay-type":"","overlay-color":"","overlay-opacity":"","overlay-gradient":""}},"ast-content-background-meta":{"desktop":{"background-color":"var(--ast-global-color-5)","background-image":"","background-repeat":"repeat","background-position":"center center","background-size":"auto","background-attachment":"scroll","background-type":"","background-media":"","overlay-type":"","overlay-color":"","overlay-opacity":"","overlay-gradient":""},"tablet":{"background-color":"var(--ast-global-color-5)","background-image":"","background-repeat":"repeat","background-position":"center center","background-size":"auto","background-attachment":"scroll","background-type":"","background-media":"","overlay-type":"","overlay-color":"","overlay-opacity":"","overlay-gradient":""},"mobile":{"background-color":"var(--ast-global-color-5)","background-image":"","background-repeat":"repeat","background-position":"center center","background-size":"auto","background-attachment":"scroll","background-type":"","background-media":"","overlay-type":"","overlay-color":"","overlay-opacity":"","overlay-gradient":""}},"footnotes":""},"categories":[1],"tags":[],"class_list":["post-5032","post","type-post","status-publish","format-standard","hentry","category-general"],"post_mailing_queue_ids":[],"_links":{"self":[{"href":"https:\/\/agora.xtec.cat\/ceipsantjaume\/wp-json\/wp\/v2\/posts\/5032","targetHints":{"allow":["GET"]}}],"collection":[{"href":"https:\/\/agora.xtec.cat\/ceipsantjaume\/wp-json\/wp\/v2\/posts"}],"about":[{"href":"https:\/\/agora.xtec.cat\/ceipsantjaume\/wp-json\/wp\/v2\/types\/post"}],"author":[{"embeddable":true,"href":"https:\/\/agora.xtec.cat\/ceipsantjaume\/wp-json\/wp\/v2\/users\/1"}],"replies":[{"embeddable":true,"href":"https:\/\/agora.xtec.cat\/ceipsantjaume\/wp-json\/wp\/v2\/comments?post=5032"}],"version-history":[{"count":2,"href":"https:\/\/agora.xtec.cat\/ceipsantjaume\/wp-json\/wp\/v2\/posts\/5032\/revisions"}],"predecessor-version":[{"id":5037,"href":"https:\/\/agora.xtec.cat\/ceipsantjaume\/wp-json\/wp\/v2\/posts\/5032\/revisions\/5037"}],"wp:attachment":[{"href":"https:\/\/agora.xtec.cat\/ceipsantjaume\/wp-json\/wp\/v2\/media?parent=5032"}],"wp:term":[{"taxonomy":"category","embeddable":true,"href":"https:\/\/agora.xtec.cat\/ceipsantjaume\/wp-json\/wp\/v2\/categories?post=5032"},{"taxonomy":"post_tag","embeddable":true,"href":"https:\/\/agora.xtec.cat\/ceipsantjaume\/wp-json\/wp\/v2\/tags?post=5032"}],"curies":[{"name":"wp","href":"https:\/\/api.w.org\/{rel}","templated":true}]}}