{"id":4406,"date":"2023-11-25T20:04:41","date_gmt":"2023-11-25T19:04:41","guid":{"rendered":"https:\/\/agora.xtec.cat\/ceipsantjaume\/?p=4406"},"modified":"2023-11-25T20:04:41","modified_gmt":"2023-11-25T19:04:41","slug":"25n-dia-internacional-per-a-leliminacio-de-la-violencia-envers-les-dones","status":"publish","type":"post","link":"https:\/\/agora.xtec.cat\/ceipsantjaume\/general\/25n-dia-internacional-per-a-leliminacio-de-la-violencia-envers-les-dones\/","title":{"rendered":"25N: Dia Internacional per a l\u2019Eliminaci\u00f3 de la Viol\u00e8ncia envers les Dones"},"content":{"rendered":"<p><span style=\"font-size: medium;\"><span style=\"color: #000000;\"><span style=\"font-family: OpenSansRegular, Helvetica, Arial, sans-serif;\">Des <\/span><\/span><span style=\"color: #000000;\"><span style=\"font-family: OpenSansRegular, Helvetica, Arial, sans-serif;\">de la nostra Escola<\/span><\/span><span style=\"color: #000000;\"><span style=\"font-family: OpenSansRegular, Helvetica, Arial, sans-serif;\">, a prop\u00f2sit del <\/span><\/span><b><a href=\"https:\/\/dones.gencat.cat\/ca\/inici\/\" target=\"_blank\" rel=\"noopener\"><span style=\"color: #000000;\"><span style=\"font-family: OpenSansRegular;\">Dia Internacional per a l\u2019Eliminaci\u00f3 de la Viol\u00e8ncia envers les Dones<\/span><\/span><\/a><\/b><span style=\"color: #000000;\"><span style=\"font-family: OpenSansRegular, Helvetica, Arial, sans-serif;\">, mostrem el rebuig vers la viol\u00e8ncia que colpeja dones, infants i adolescents i manifestem la necessitat de donar una resposta a la viol\u00e8ncia estructural que s\u00f3n les viol\u00e8ncies masclistes. <\/span><\/span><strong><span style=\"color: #000000;\"><span style=\"font-family: OpenSansSemibold, Helvetica, Arial, sans-serif;\">Visibilitzem les viol\u00e8ncies masclistes en l\u2019\u00e0mbit educatiu. <\/span><\/span><\/strong><\/span><\/p>\n<p>Des de la Comunitat Educativa, ens cal educar en relacions sanes, ens cal visibilitzar una viol\u00e8ncia que fa molt de mal per\u00f2 no sempre estem preparats ni preparades per recon\u00e8ixer, ens cal posar-hi nom i afrontar-la.<\/p>\n<p align=\"justify\"><span style=\"font-family: Times New Roman, serif;\"><span style=\"font-size: medium;\"><b><span style=\"color: #000000;\"><span style=\"font-family: Calibri, serif;\">Apostem per la coeducaci\u00f3 i per un<\/span><\/span><span style=\"color: #000000;\"><span style=\"font-family: Calibri, serif;\">a<\/span><\/span><span style=\"color: #000000;\"><span style=\"font-family: Calibri, serif;\"> escol<\/span><\/span><span style=\"color: #000000;\"><span style=\"font-family: Calibri, serif;\">a<\/span><\/span><span style=\"color: #000000;\"><span style=\"font-family: Calibri, serif;\"> lliure de viol\u00e8nci<\/span><\/span><span style=\"color: #000000;\"><span style=\"font-family: Calibri, serif;\">a<\/span><\/span><span style=\"color: #000000;\"><span style=\"font-family: Calibri, serif;\">.<\/span><\/span><\/b><\/span><\/span><\/p>\n<p align=\"justify\"><span style=\"font-family: Times New Roman, serif;\"><span style=\"font-size: medium;\"><span style=\"color: #333333;\"><span style=\"font-family: OpenSansRegular, Helvetica, Arial, sans-serif;\">#LesEscolesLliuresDeViol\u00e8ncies<\/span><\/span><b> <\/b><\/span><\/span><\/p>\n<div id='gallery-1' class='gallery galleryid-4406 gallery-columns-3 gallery-size-thumbnail'><figure class='gallery-item'>\n\t\t\t<div class='gallery-icon landscape'>\n\t\t\t\t<a href='https:\/\/agora.xtec.cat\/ceipsantjaume\/general\/25n-dia-internacional-per-a-leliminacio-de-la-violencia-envers-les-dones\/attachment\/25n-1\/'><img loading=\"lazy\" decoding=\"async\" width=\"150\" height=\"150\" src=\"https:\/\/agora.xtec.cat\/ceipsantjaume\/wp-content\/uploads\/usu1815\/2023\/11\/25N-1-150x150.jpeg\" class=\"attachment-thumbnail size-thumbnail\" alt=\"\" \/><\/a>\n\t\t\t<\/div><\/figure><figure class='gallery-item'>\n\t\t\t<div class='gallery-icon landscape'>\n\t\t\t\t<a href='https:\/\/agora.xtec.cat\/ceipsantjaume\/general\/25n-dia-internacional-per-a-leliminacio-de-la-violencia-envers-les-dones\/attachment\/25n-2\/'><img loading=\"lazy\" decoding=\"async\" width=\"150\" height=\"150\" src=\"https:\/\/agora.xtec.cat\/ceipsantjaume\/wp-content\/uploads\/usu1815\/2023\/11\/25N-2-150x150.jpeg\" class=\"attachment-thumbnail size-thumbnail\" alt=\"\" \/><\/a>\n\t\t\t<\/div><\/figure><figure class='gallery-item'>\n\t\t\t<div class='gallery-icon landscape'>\n\t\t\t\t<a href='https:\/\/agora.xtec.cat\/ceipsantjaume\/general\/25n-dia-internacional-per-a-leliminacio-de-la-violencia-envers-les-dones\/attachment\/25n-3\/'><img loading=\"lazy\" decoding=\"async\" width=\"150\" height=\"150\" src=\"https:\/\/agora.xtec.cat\/ceipsantjaume\/wp-content\/uploads\/usu1815\/2023\/11\/25N-3-150x150.jpeg\" class=\"attachment-thumbnail size-thumbnail\" alt=\"\" \/><\/a>\n\t\t\t<\/div><\/figure><figure class='gallery-item'>\n\t\t\t<div class='gallery-icon landscape'>\n\t\t\t\t<a href='https:\/\/agora.xtec.cat\/ceipsantjaume\/general\/25n-dia-internacional-per-a-leliminacio-de-la-violencia-envers-les-dones\/attachment\/25n-4\/'><img loading=\"lazy\" decoding=\"async\" width=\"150\" height=\"150\" src=\"https:\/\/agora.xtec.cat\/ceipsantjaume\/wp-content\/uploads\/usu1815\/2023\/11\/25N-4-150x150.jpeg\" class=\"attachment-thumbnail size-thumbnail\" alt=\"\" \/><\/a>\n\t\t\t<\/div><\/figure><figure class='gallery-item'>\n\t\t\t<div class='gallery-icon landscape'>\n\t\t\t\t<a href='https:\/\/agora.xtec.cat\/ceipsantjaume\/general\/25n-dia-internacional-per-a-leliminacio-de-la-violencia-envers-les-dones\/attachment\/25n-5\/'><img loading=\"lazy\" decoding=\"async\" width=\"150\" height=\"150\" src=\"https:\/\/agora.xtec.cat\/ceipsantjaume\/wp-content\/uploads\/usu1815\/2023\/11\/25N-5-150x150.jpeg\" class=\"attachment-thumbnail size-thumbnail\" alt=\"\" \/><\/a>\n\t\t\t<\/div><\/figure><figure class='gallery-item'>\n\t\t\t<div class='gallery-icon landscape'>\n\t\t\t\t<a href='https:\/\/agora.xtec.cat\/ceipsantjaume\/general\/25n-dia-internacional-per-a-leliminacio-de-la-violencia-envers-les-dones\/attachment\/25n-6\/'><img loading=\"lazy\" decoding=\"async\" width=\"150\" height=\"150\" src=\"https:\/\/agora.xtec.cat\/ceipsantjaume\/wp-content\/uploads\/usu1815\/2023\/11\/25N-6-150x150.jpeg\" class=\"attachment-thumbnail size-thumbnail\" alt=\"\" \/><\/a>\n\t\t\t<\/div><\/figure><figure class='gallery-item'>\n\t\t\t<div class='gallery-icon landscape'>\n\t\t\t\t<a href='https:\/\/agora.xtec.cat\/ceipsantjaume\/general\/25n-dia-internacional-per-a-leliminacio-de-la-violencia-envers-les-dones\/attachment\/25n-7\/'><img loading=\"lazy\" decoding=\"async\" width=\"150\" height=\"150\" src=\"https:\/\/agora.xtec.cat\/ceipsantjaume\/wp-content\/uploads\/usu1815\/2023\/11\/25N-7-150x150.jpeg\" class=\"attachment-thumbnail size-thumbnail\" alt=\"\" \/><\/a>\n\t\t\t<\/div><\/figure><figure class='gallery-item'>\n\t\t\t<div class='gallery-icon landscape'>\n\t\t\t\t<a href='https:\/\/agora.xtec.cat\/ceipsantjaume\/general\/25n-dia-internacional-per-a-leliminacio-de-la-violencia-envers-les-dones\/attachment\/25n-8\/'><img loading=\"lazy\" decoding=\"async\" width=\"150\" height=\"150\" src=\"https:\/\/agora.xtec.cat\/ceipsantjaume\/wp-content\/uploads\/usu1815\/2023\/11\/25N-8-150x150.jpeg\" class=\"attachment-thumbnail size-thumbnail\" alt=\"\" \/><\/a>\n\t\t\t<\/div><\/figure><figure class='gallery-item'>\n\t\t\t<div class='gallery-icon landscape'>\n\t\t\t\t<a href='https:\/\/agora.xtec.cat\/ceipsantjaume\/general\/25n-dia-internacional-per-a-leliminacio-de-la-violencia-envers-les-dones\/attachment\/25n-9\/'><img loading=\"lazy\" decoding=\"async\" width=\"150\" height=\"150\" src=\"https:\/\/agora.xtec.cat\/ceipsantjaume\/wp-content\/uploads\/usu1815\/2023\/11\/25N-9-150x150.jpeg\" class=\"attachment-thumbnail size-thumbnail\" alt=\"\" \/><\/a>\n\t\t\t<\/div><\/figure>\n\t\t<\/div>\n\n","protected":false},"excerpt":{"rendered":"<p>Des de la nostra Escola, a prop\u00f2sit del Dia Internacional per a l\u2019Eliminaci\u00f3 de la Viol\u00e8ncia envers les Dones, mostrem el rebuig vers la viol\u00e8ncia que colpeja dones, infants i adolescents i manifestem la necessitat de donar una resposta a la viol\u00e8ncia estructural que s\u00f3n les viol\u00e8ncies masclistes. Visibilitzem les viol\u00e8ncies masclistes en l\u2019\u00e0mbit educatiu. [&hellip;]<\/p>\n","protected":false},"author":1,"featured_media":4409,"comment_status":"open","ping_status":"closed","sticky":false,"template":"","format":"standard","meta":{"_bbp_topic_count":0,"_bbp_reply_count":0,"_bbp_total_topic_count":0,"_bbp_total_reply_count":0,"_bbp_voice_count":0,"_bbp_anonymous_reply_count":0,"_bbp_topic_count_hidden":0,"_bbp_reply_count_hidden":0,"_bbp_forum_subforum_count":0,"site-sidebar-layout":"default","site-content-layout":"","ast-site-content-layout":"","site-content-style":"default","site-sidebar-style":"default","ast-global-header-display":"","ast-banner-title-visibility":"","ast-main-header-display":"","ast-hfb-above-header-display":"","ast-hfb-below-header-display":"","ast-hfb-mobile-header-display":"","site-post-title":"","ast-breadcrumbs-content":"","ast-featured-img":"","footer-sml-layout":"","theme-transparent-header-meta":"","adv-header-id-meta":"","stick-header-meta":"","header-above-stick-meta":"","header-main-stick-meta":"","header-below-stick-meta":"","astra-migrate-meta-layouts":"default","ast-page-background-enabled":"default","ast-page-background-meta":{"desktop":{"background-color":"var(--ast-global-color-4)","background-image":"","background-repeat":"repeat","background-position":"center center","background-size":"auto","background-attachment":"scroll","background-type":"","background-media":"","overlay-type":"","overlay-color":"","overlay-opacity":"","overlay-gradient":""},"tablet":{"background-color":"","background-image":"","background-repeat":"repeat","background-position":"center center","background-size":"auto","background-attachment":"scroll","background-type":"","background-media":"","overlay-type":"","overlay-color":"","overlay-opacity":"","overlay-gradient":""},"mobile":{"background-color":"","background-image":"","background-repeat":"repeat","background-position":"center center","background-size":"auto","background-attachment":"scroll","background-type":"","background-media":"","overlay-type":"","overlay-color":"","overlay-opacity":"","overlay-gradient":""}},"ast-content-background-meta":{"desktop":{"background-color":"var(--ast-global-color-5)","background-image":"","background-repeat":"repeat","background-position":"center center","background-size":"auto","background-attachment":"scroll","background-type":"","background-media":"","overlay-type":"","overlay-color":"","overlay-opacity":"","overlay-gradient":""},"tablet":{"background-color":"var(--ast-global-color-5)","background-image":"","background-repeat":"repeat","background-position":"center center","background-size":"auto","background-attachment":"scroll","background-type":"","background-media":"","overlay-type":"","overlay-color":"","overlay-opacity":"","overlay-gradient":""},"mobile":{"background-color":"var(--ast-global-color-5)","background-image":"","background-repeat":"repeat","background-position":"center center","background-size":"auto","background-attachment":"scroll","background-type":"","background-media":"","overlay-type":"","overlay-color":"","overlay-opacity":"","overlay-gradient":""}},"footnotes":""},"categories":[1],"tags":[],"class_list":["post-4406","post","type-post","status-publish","format-standard","has-post-thumbnail","hentry","category-general"],"post_mailing_queue_ids":[],"_links":{"self":[{"href":"https:\/\/agora.xtec.cat\/ceipsantjaume\/wp-json\/wp\/v2\/posts\/4406","targetHints":{"allow":["GET"]}}],"collection":[{"href":"https:\/\/agora.xtec.cat\/ceipsantjaume\/wp-json\/wp\/v2\/posts"}],"about":[{"href":"https:\/\/agora.xtec.cat\/ceipsantjaume\/wp-json\/wp\/v2\/types\/post"}],"author":[{"embeddable":true,"href":"https:\/\/agora.xtec.cat\/ceipsantjaume\/wp-json\/wp\/v2\/users\/1"}],"replies":[{"embeddable":true,"href":"https:\/\/agora.xtec.cat\/ceipsantjaume\/wp-json\/wp\/v2\/comments?post=4406"}],"version-history":[{"count":1,"href":"https:\/\/agora.xtec.cat\/ceipsantjaume\/wp-json\/wp\/v2\/posts\/4406\/revisions"}],"predecessor-version":[{"id":4416,"href":"https:\/\/agora.xtec.cat\/ceipsantjaume\/wp-json\/wp\/v2\/posts\/4406\/revisions\/4416"}],"wp:featuredmedia":[{"embeddable":true,"href":"https:\/\/agora.xtec.cat\/ceipsantjaume\/wp-json\/wp\/v2\/media\/4409"}],"wp:attachment":[{"href":"https:\/\/agora.xtec.cat\/ceipsantjaume\/wp-json\/wp\/v2\/media?parent=4406"}],"wp:term":[{"taxonomy":"category","embeddable":true,"href":"https:\/\/agora.xtec.cat\/ceipsantjaume\/wp-json\/wp\/v2\/categories?post=4406"},{"taxonomy":"post_tag","embeddable":true,"href":"https:\/\/agora.xtec.cat\/ceipsantjaume\/wp-json\/wp\/v2\/tags?post=4406"}],"curies":[{"name":"wp","href":"https:\/\/api.w.org\/{rel}","templated":true}]}}