{"id":4283,"date":"2023-10-03T13:41:16","date_gmt":"2023-10-03T11:41:16","guid":{"rendered":"https:\/\/agora.xtec.cat\/ceipsantjaume\/?p=4283"},"modified":"2023-10-03T16:07:17","modified_gmt":"2023-10-03T14:07:17","slug":"dia-internacional-de-la-no-violencia","status":"publish","type":"post","link":"https:\/\/agora.xtec.cat\/ceipsantjaume\/general\/dia-internacional-de-la-no-violencia\/","title":{"rendered":"Dia internacional de la NO VIOL\u00c8NCIA"},"content":{"rendered":"<p><span style=\"font-size: large;\"><span style=\"color: #444444;\"><span style=\"font-family: Open Sans, Arial, Helvetica, sans-serif;\">Ahir, <\/span><\/span><span style=\"color: #444444;\"><span style=\"font-family: Open Sans, Arial, Helvetica, sans-serif;\">2 d\u2019octubre<\/span><\/span><span style=\"color: #444444;\"><span style=\"font-family: Open Sans, Arial, Helvetica, sans-serif;\"> vam celebrar el <\/span><\/span><span style=\"color: #444444;\"><span style=\"font-family: Open Sans, Arial, Helvetica, sans-serif;\">D<\/span><\/span><span style=\"color: #444444;\"><span style=\"font-family: Open Sans, Arial, Helvetica, sans-serif;\">ia <\/span><\/span><span style=\"color: #444444;\"><span style=\"font-family: Open Sans, Arial, Helvetica, sans-serif;\">I<\/span><\/span><span style=\"color: #444444;\"><span style=\"font-family: Open Sans, Arial, Helvetica, sans-serif;\">nternacional de la NO VIOL\u00c8NCIA, amb l\u2019actuaci\u00f3 del nostre mestre de m\u00fasica Miquel Rullo. <\/span><\/span><\/span><\/p>\n<p><span style=\"color: #444444;\"><span style=\"font-family: Open Sans, Arial, Helvetica, sans-serif;\"><span style=\"font-size: large;\"><span lang=\"ca-ES\">En la celebraci\u00f3 d&#8217;<\/span><\/span><\/span><\/span><span style=\"color: #444444;\"><span style=\"font-family: Open Sans, Arial, Helvetica, sans-serif;\"><span style=\"font-size: large;\"><span lang=\"ca-ES\">aquesta diada<\/span><\/span><\/span><\/span><span style=\"color: #444444;\"><span style=\"font-family: Open Sans, Arial, Helvetica, sans-serif;\"><span style=\"font-size: large;\"><span lang=\"ca-ES\"> es pret\u00e9n inculcar i refermar valors <\/span><\/span><\/span><\/span><span style=\"color: #444444;\"><span style=\"font-family: Open Sans, Arial, Helvetica, sans-serif;\"><span style=\"font-size: large;\"><span lang=\"ca-ES\">al<\/span><\/span><\/span><\/span><span style=\"color: #444444;\"><span style=\"font-family: Open Sans, Arial, Helvetica, sans-serif;\"><span style=\"font-size: large;\"><span lang=\"ca-ES\"> nostre alumnat en l\u2019objectiu de formar homes i dones que prefereixin parlar en lloc de colpejar, conciliar en comptes de cridar i unir-se enlloc de competir ferament els uns contra els altres. <\/span><\/span><\/span><\/span><\/p>\n<p><span style=\"color: #202124;\"><span style=\"font-family: inherit;\"><span style=\"font-size: large;\"><span style=\"color: #444444;\"><span style=\"font-family: Open Sans, Arial, Helvetica, sans-serif;\">Aix\u00ed pretenem fomentar la toler\u00e0ncia, l&#8217;entesa i el respecte mutu entre persones de proced\u00e8ncia i modes de pensaments diferents.<\/span><\/span><\/span><\/span><\/span><\/p>\n<p><span style=\"color: #202124;\"><span style=\"font-family: inherit;\"><span style=\"font-size: large;\"><span style=\"color: #444444;\"><span style=\"font-family: Open Sans, Arial, Helvetica, sans-serif;\">El nostre comprom\u00eds \u00e9s treballar per una educaci\u00f3 per a la toler\u00e0ncia, la solidaritat, la conc\u00f2rdia i el respecte entre totes i tots per igual. Defensem la NO VIOL\u00c8NCIA!<\/span><\/span><\/span><\/span><\/span><\/p>\n<p><a href=\"https:\/\/agora.xtec.cat\/ceipsantjaume\/wp-content\/uploads\/usu1815\/2023\/10\/foto-miquel1.jpg\"><img loading=\"lazy\" decoding=\"async\" class=\"wp-image-4284 alignleft\" src=\"https:\/\/agora.xtec.cat\/ceipsantjaume\/wp-content\/uploads\/usu1815\/2023\/10\/foto-miquel1.jpg\" alt=\"\" width=\"365\" height=\"365\" \/><\/a> <a href=\"https:\/\/agora.xtec.cat\/ceipsantjaume\/wp-content\/uploads\/usu1815\/2023\/10\/foto-miquel2.jpg\"><img loading=\"lazy\" decoding=\"async\" class=\"wp-image-4285 alignleft\" src=\"https:\/\/agora.xtec.cat\/ceipsantjaume\/wp-content\/uploads\/usu1815\/2023\/10\/foto-miquel2.jpg\" alt=\"\" width=\"361\" height=\"361\" srcset=\"https:\/\/agora.xtec.cat\/ceipsantjaume\/wp-content\/uploads\/usu1815\/2023\/10\/foto-miquel2.jpg 640w, https:\/\/agora.xtec.cat\/ceipsantjaume\/wp-content\/uploads\/usu1815\/2023\/10\/foto-miquel2-300x300.jpg 300w, https:\/\/agora.xtec.cat\/ceipsantjaume\/wp-content\/uploads\/usu1815\/2023\/10\/foto-miquel2-150x150.jpg 150w\" sizes=\"auto, (max-width: 361px) 100vw, 361px\" \/><\/a><\/p>\n","protected":false},"excerpt":{"rendered":"<p>Ahir, 2 d\u2019octubre vam celebrar el Dia Internacional de la NO VIOL\u00c8NCIA, amb l\u2019actuaci\u00f3 del nostre mestre de m\u00fasica Miquel Rullo. En la celebraci\u00f3 d&#8217;aquesta diada es pret\u00e9n inculcar i refermar valors al nostre alumnat en l\u2019objectiu de formar homes i dones que prefereixin parlar en lloc de colpejar, conciliar en comptes de cridar i [&hellip;]<\/p>\n","protected":false},"author":1,"featured_media":4284,"comment_status":"open","ping_status":"closed","sticky":false,"template":"","format":"standard","meta":{"_bbp_topic_count":0,"_bbp_reply_count":0,"_bbp_total_topic_count":0,"_bbp_total_reply_count":0,"_bbp_voice_count":0,"_bbp_anonymous_reply_count":0,"_bbp_topic_count_hidden":0,"_bbp_reply_count_hidden":0,"_bbp_forum_subforum_count":0,"site-sidebar-layout":"default","site-content-layout":"","ast-site-content-layout":"","site-content-style":"default","site-sidebar-style":"default","ast-global-header-display":"","ast-banner-title-visibility":"","ast-main-header-display":"","ast-hfb-above-header-display":"","ast-hfb-below-header-display":"","ast-hfb-mobile-header-display":"","site-post-title":"","ast-breadcrumbs-content":"","ast-featured-img":"","footer-sml-layout":"","theme-transparent-header-meta":"","adv-header-id-meta":"","stick-header-meta":"","header-above-stick-meta":"","header-main-stick-meta":"","header-below-stick-meta":"","astra-migrate-meta-layouts":"default","ast-page-background-enabled":"default","ast-page-background-meta":{"desktop":{"background-color":"var(--ast-global-color-4)","background-image":"","background-repeat":"repeat","background-position":"center center","background-size":"auto","background-attachment":"scroll","background-type":"","background-media":"","overlay-type":"","overlay-color":"","overlay-opacity":"","overlay-gradient":""},"tablet":{"background-color":"","background-image":"","background-repeat":"repeat","background-position":"center center","background-size":"auto","background-attachment":"scroll","background-type":"","background-media":"","overlay-type":"","overlay-color":"","overlay-opacity":"","overlay-gradient":""},"mobile":{"background-color":"","background-image":"","background-repeat":"repeat","background-position":"center center","background-size":"auto","background-attachment":"scroll","background-type":"","background-media":"","overlay-type":"","overlay-color":"","overlay-opacity":"","overlay-gradient":""}},"ast-content-background-meta":{"desktop":{"background-color":"var(--ast-global-color-5)","background-image":"","background-repeat":"repeat","background-position":"center center","background-size":"auto","background-attachment":"scroll","background-type":"","background-media":"","overlay-type":"","overlay-color":"","overlay-opacity":"","overlay-gradient":""},"tablet":{"background-color":"var(--ast-global-color-5)","background-image":"","background-repeat":"repeat","background-position":"center center","background-size":"auto","background-attachment":"scroll","background-type":"","background-media":"","overlay-type":"","overlay-color":"","overlay-opacity":"","overlay-gradient":""},"mobile":{"background-color":"var(--ast-global-color-5)","background-image":"","background-repeat":"repeat","background-position":"center center","background-size":"auto","background-attachment":"scroll","background-type":"","background-media":"","overlay-type":"","overlay-color":"","overlay-opacity":"","overlay-gradient":""}},"footnotes":""},"categories":[1],"tags":[],"class_list":["post-4283","post","type-post","status-publish","format-standard","has-post-thumbnail","hentry","category-general"],"post_mailing_queue_ids":[],"_links":{"self":[{"href":"https:\/\/agora.xtec.cat\/ceipsantjaume\/wp-json\/wp\/v2\/posts\/4283","targetHints":{"allow":["GET"]}}],"collection":[{"href":"https:\/\/agora.xtec.cat\/ceipsantjaume\/wp-json\/wp\/v2\/posts"}],"about":[{"href":"https:\/\/agora.xtec.cat\/ceipsantjaume\/wp-json\/wp\/v2\/types\/post"}],"author":[{"embeddable":true,"href":"https:\/\/agora.xtec.cat\/ceipsantjaume\/wp-json\/wp\/v2\/users\/1"}],"replies":[{"embeddable":true,"href":"https:\/\/agora.xtec.cat\/ceipsantjaume\/wp-json\/wp\/v2\/comments?post=4283"}],"version-history":[{"count":6,"href":"https:\/\/agora.xtec.cat\/ceipsantjaume\/wp-json\/wp\/v2\/posts\/4283\/revisions"}],"predecessor-version":[{"id":4294,"href":"https:\/\/agora.xtec.cat\/ceipsantjaume\/wp-json\/wp\/v2\/posts\/4283\/revisions\/4294"}],"wp:featuredmedia":[{"embeddable":true,"href":"https:\/\/agora.xtec.cat\/ceipsantjaume\/wp-json\/wp\/v2\/media\/4284"}],"wp:attachment":[{"href":"https:\/\/agora.xtec.cat\/ceipsantjaume\/wp-json\/wp\/v2\/media?parent=4283"}],"wp:term":[{"taxonomy":"category","embeddable":true,"href":"https:\/\/agora.xtec.cat\/ceipsantjaume\/wp-json\/wp\/v2\/categories?post=4283"},{"taxonomy":"post_tag","embeddable":true,"href":"https:\/\/agora.xtec.cat\/ceipsantjaume\/wp-json\/wp\/v2\/tags?post=4283"}],"curies":[{"name":"wp","href":"https:\/\/api.w.org\/{rel}","templated":true}]}}