{"id":4070,"date":"2023-02-10T15:07:50","date_gmt":"2023-02-10T14:07:50","guid":{"rendered":"https:\/\/agora.xtec.cat\/ceipsantjaume\/?p=4070"},"modified":"2023-03-31T12:34:33","modified_gmt":"2023-03-31T10:34:33","slug":"jornada-de-portes-obertes","status":"publish","type":"post","link":"https:\/\/agora.xtec.cat\/ceipsantjaume\/general\/jornada-de-portes-obertes\/","title":{"rendered":"Portes obertes"},"content":{"rendered":"<p>La jornada de portes obertes ser\u00e0 el dia 28 de febrer a les 15:15h. La visita es fa en horari lectiu per poder veure el funcionament de l&#8217;escola.<\/p>\n<p>Per fer la preinscripci\u00f3 s&#8217;ha d&#8217;accedir a la p\u00e0gina web\u00a0<a href=\"https:\/\/preinscripcio.gencat.cat\/ca\/inici\" target=\"_blank\" rel=\"noopener\">https:\/\/preinscripcio.gencat.cat\/ca\/inici<\/a><\/p>\n<p>DATES:<\/p>\n<p>Presentaci\u00f3 de sol\u00b7licituds:<\/p>\n<ul>\n<li>Educaci\u00f3 infantil (3-6 anys) i educaci\u00f3 prim\u00e0ria:\u00a0<strong>del 6 al 20 de mar\u00e7<\/strong><\/li>\n<\/ul>\n<p>Matr\u00edcula:<\/p>\n<ul>\n<li>Educaci\u00f3 infantil, educaci\u00f3 prim\u00e0ria i educaci\u00f3 secund\u00e0ria obligat\u00f2ria:\u00a0<strong>del 20 al 28 de juny<\/strong><\/li>\n<\/ul>\n<p>&nbsp;<\/p>\n<p><a href=\"https:\/\/agora.xtec.cat\/ceipsantjaume\/wp-content\/uploads\/usu1815\/2023\/02\/9290C518-DC0C-450A-A531-59D308CE2DB9.jpeg\"><img loading=\"lazy\" decoding=\"async\" class=\"aligncenter wp-image-4079\" src=\"https:\/\/agora.xtec.cat\/ceipsantjaume\/wp-content\/uploads\/usu1815\/2023\/02\/9290C518-DC0C-450A-A531-59D308CE2DB9-749x1024.jpeg\" alt=\"\" width=\"301\" height=\"411\" srcset=\"https:\/\/agora.xtec.cat\/ceipsantjaume\/wp-content\/uploads\/usu1815\/2023\/02\/9290C518-DC0C-450A-A531-59D308CE2DB9-749x1024.jpeg 749w, https:\/\/agora.xtec.cat\/ceipsantjaume\/wp-content\/uploads\/usu1815\/2023\/02\/9290C518-DC0C-450A-A531-59D308CE2DB9-219x300.jpeg 219w, https:\/\/agora.xtec.cat\/ceipsantjaume\/wp-content\/uploads\/usu1815\/2023\/02\/9290C518-DC0C-450A-A531-59D308CE2DB9-768x1050.jpeg 768w, https:\/\/agora.xtec.cat\/ceipsantjaume\/wp-content\/uploads\/usu1815\/2023\/02\/9290C518-DC0C-450A-A531-59D308CE2DB9-1123x1536.jpeg 1123w, https:\/\/agora.xtec.cat\/ceipsantjaume\/wp-content\/uploads\/usu1815\/2023\/02\/9290C518-DC0C-450A-A531-59D308CE2DB9.jpeg 1284w\" sizes=\"auto, (max-width: 301px) 100vw, 301px\" \/><\/a><\/p>\n","protected":false},"excerpt":{"rendered":"<p>La jornada de portes obertes ser\u00e0 el dia 28 de febrer a les 15:15h. La visita es fa en horari lectiu per poder veure el funcionament de l&#8217;escola. Per fer la preinscripci\u00f3 s&#8217;ha d&#8217;accedir a la p\u00e0gina web\u00a0https:\/\/preinscripcio.gencat.cat\/ca\/inici DATES: Presentaci\u00f3 de sol\u00b7licituds: Educaci\u00f3 infantil (3-6 anys) i educaci\u00f3 prim\u00e0ria:\u00a0del 6 al 20 de mar\u00e7 Matr\u00edcula: [&hellip;]<\/p>\n","protected":false},"author":1,"featured_media":4079,"comment_status":"open","ping_status":"closed","sticky":false,"template":"","format":"standard","meta":{"_bbp_topic_count":0,"_bbp_reply_count":0,"_bbp_total_topic_count":0,"_bbp_total_reply_count":0,"_bbp_voice_count":0,"_bbp_anonymous_reply_count":0,"_bbp_topic_count_hidden":0,"_bbp_reply_count_hidden":0,"_bbp_forum_subforum_count":0,"site-sidebar-layout":"default","site-content-layout":"","ast-site-content-layout":"","site-content-style":"default","site-sidebar-style":"default","ast-global-header-display":"","ast-banner-title-visibility":"","ast-main-header-display":"","ast-hfb-above-header-display":"","ast-hfb-below-header-display":"","ast-hfb-mobile-header-display":"","site-post-title":"","ast-breadcrumbs-content":"","ast-featured-img":"","footer-sml-layout":"","theme-transparent-header-meta":"","adv-header-id-meta":"","stick-header-meta":"","header-above-stick-meta":"","header-main-stick-meta":"","header-below-stick-meta":"","astra-migrate-meta-layouts":"default","ast-page-background-enabled":"default","ast-page-background-meta":{"desktop":{"background-color":"var(--ast-global-color-4)","background-image":"","background-repeat":"repeat","background-position":"center center","background-size":"auto","background-attachment":"scroll","background-type":"","background-media":"","overlay-type":"","overlay-color":"","overlay-opacity":"","overlay-gradient":""},"tablet":{"background-color":"","background-image":"","background-repeat":"repeat","background-position":"center center","background-size":"auto","background-attachment":"scroll","background-type":"","background-media":"","overlay-type":"","overlay-color":"","overlay-opacity":"","overlay-gradient":""},"mobile":{"background-color":"","background-image":"","background-repeat":"repeat","background-position":"center center","background-size":"auto","background-attachment":"scroll","background-type":"","background-media":"","overlay-type":"","overlay-color":"","overlay-opacity":"","overlay-gradient":""}},"ast-content-background-meta":{"desktop":{"background-color":"var(--ast-global-color-5)","background-image":"","background-repeat":"repeat","background-position":"center center","background-size":"auto","background-attachment":"scroll","background-type":"","background-media":"","overlay-type":"","overlay-color":"","overlay-opacity":"","overlay-gradient":""},"tablet":{"background-color":"var(--ast-global-color-5)","background-image":"","background-repeat":"repeat","background-position":"center center","background-size":"auto","background-attachment":"scroll","background-type":"","background-media":"","overlay-type":"","overlay-color":"","overlay-opacity":"","overlay-gradient":""},"mobile":{"background-color":"var(--ast-global-color-5)","background-image":"","background-repeat":"repeat","background-position":"center center","background-size":"auto","background-attachment":"scroll","background-type":"","background-media":"","overlay-type":"","overlay-color":"","overlay-opacity":"","overlay-gradient":""}},"footnotes":""},"categories":[1,4],"tags":[],"class_list":["post-4070","post","type-post","status-publish","format-standard","has-post-thumbnail","hentry","category-general","category-portada"],"post_mailing_queue_ids":[],"_links":{"self":[{"href":"https:\/\/agora.xtec.cat\/ceipsantjaume\/wp-json\/wp\/v2\/posts\/4070","targetHints":{"allow":["GET"]}}],"collection":[{"href":"https:\/\/agora.xtec.cat\/ceipsantjaume\/wp-json\/wp\/v2\/posts"}],"about":[{"href":"https:\/\/agora.xtec.cat\/ceipsantjaume\/wp-json\/wp\/v2\/types\/post"}],"author":[{"embeddable":true,"href":"https:\/\/agora.xtec.cat\/ceipsantjaume\/wp-json\/wp\/v2\/users\/1"}],"replies":[{"embeddable":true,"href":"https:\/\/agora.xtec.cat\/ceipsantjaume\/wp-json\/wp\/v2\/comments?post=4070"}],"version-history":[{"count":4,"href":"https:\/\/agora.xtec.cat\/ceipsantjaume\/wp-json\/wp\/v2\/posts\/4070\/revisions"}],"predecessor-version":[{"id":4082,"href":"https:\/\/agora.xtec.cat\/ceipsantjaume\/wp-json\/wp\/v2\/posts\/4070\/revisions\/4082"}],"wp:featuredmedia":[{"embeddable":true,"href":"https:\/\/agora.xtec.cat\/ceipsantjaume\/wp-json\/wp\/v2\/media\/4079"}],"wp:attachment":[{"href":"https:\/\/agora.xtec.cat\/ceipsantjaume\/wp-json\/wp\/v2\/media?parent=4070"}],"wp:term":[{"taxonomy":"category","embeddable":true,"href":"https:\/\/agora.xtec.cat\/ceipsantjaume\/wp-json\/wp\/v2\/categories?post=4070"},{"taxonomy":"post_tag","embeddable":true,"href":"https:\/\/agora.xtec.cat\/ceipsantjaume\/wp-json\/wp\/v2\/tags?post=4070"}],"curies":[{"name":"wp","href":"https:\/\/api.w.org\/{rel}","templated":true}]}}