{"id":3821,"date":"2022-05-13T15:34:14","date_gmt":"2022-05-13T13:34:14","guid":{"rendered":"https:\/\/agora.xtec.cat\/ceipsantjaume\/?p=3821"},"modified":"2022-05-13T15:34:14","modified_gmt":"2022-05-13T13:34:14","slug":"segon-a-descobrir","status":"publish","type":"post","link":"https:\/\/agora.xtec.cat\/ceipsantjaume\/general\/segon-a-descobrir\/","title":{"rendered":"Segon a descobrir!"},"content":{"rendered":"<p>El 27 d&#8217;abril l&#8217;alumnat de 2n va realitar una sortida dins del projecte que estan treballant sobre el nostre entorn, animals i fauna. Moltes gr\u00e0cies als alumnes de l\u2019Institut d&#8217;Estudis Professionals Aq\u00fc\u00edcoles i Ambientals de La R\u00e0pita que han organitzart les diferents activitats i la sortida.<\/p>\n<p>&nbsp;<\/p>\n<p><a href=\"https:\/\/agora.xtec.cat\/ceipsantjaume\/wp-content\/uploads\/usu1815\/2022\/05\/816fb88f-c3a5-4b95-acd6-88aba4182ce1.jpg\"><img loading=\"lazy\" decoding=\"async\" class=\"wp-image-3822 alignleft\" src=\"https:\/\/agora.xtec.cat\/ceipsantjaume\/wp-content\/uploads\/usu1815\/2022\/05\/816fb88f-c3a5-4b95-acd6-88aba4182ce1.jpg\" alt=\"\" width=\"506\" height=\"379\" srcset=\"https:\/\/agora.xtec.cat\/ceipsantjaume\/wp-content\/uploads\/usu1815\/2022\/05\/816fb88f-c3a5-4b95-acd6-88aba4182ce1.jpg 1024w, https:\/\/agora.xtec.cat\/ceipsantjaume\/wp-content\/uploads\/usu1815\/2022\/05\/816fb88f-c3a5-4b95-acd6-88aba4182ce1-300x225.jpg 300w, https:\/\/agora.xtec.cat\/ceipsantjaume\/wp-content\/uploads\/usu1815\/2022\/05\/816fb88f-c3a5-4b95-acd6-88aba4182ce1-768x576.jpg 768w, https:\/\/agora.xtec.cat\/ceipsantjaume\/wp-content\/uploads\/usu1815\/2022\/05\/816fb88f-c3a5-4b95-acd6-88aba4182ce1-200x150.jpg 200w\" sizes=\"auto, (max-width: 506px) 100vw, 506px\" \/><\/a> <a href=\"https:\/\/agora.xtec.cat\/ceipsantjaume\/wp-content\/uploads\/usu1815\/2022\/05\/2747b1ac-3798-44bb-bb39-7674f240d83e.jpg\"><img loading=\"lazy\" decoding=\"async\" class=\" wp-image-3823 alignleft\" src=\"https:\/\/agora.xtec.cat\/ceipsantjaume\/wp-content\/uploads\/usu1815\/2022\/05\/2747b1ac-3798-44bb-bb39-7674f240d83e.jpg\" alt=\"\" width=\"499\" height=\"375\" srcset=\"https:\/\/agora.xtec.cat\/ceipsantjaume\/wp-content\/uploads\/usu1815\/2022\/05\/2747b1ac-3798-44bb-bb39-7674f240d83e.jpg 1024w, https:\/\/agora.xtec.cat\/ceipsantjaume\/wp-content\/uploads\/usu1815\/2022\/05\/2747b1ac-3798-44bb-bb39-7674f240d83e-300x225.jpg 300w, https:\/\/agora.xtec.cat\/ceipsantjaume\/wp-content\/uploads\/usu1815\/2022\/05\/2747b1ac-3798-44bb-bb39-7674f240d83e-768x576.jpg 768w, https:\/\/agora.xtec.cat\/ceipsantjaume\/wp-content\/uploads\/usu1815\/2022\/05\/2747b1ac-3798-44bb-bb39-7674f240d83e-200x150.jpg 200w\" sizes=\"auto, (max-width: 499px) 100vw, 499px\" \/><\/a> <a href=\"https:\/\/agora.xtec.cat\/ceipsantjaume\/wp-content\/uploads\/usu1815\/2022\/05\/3512faf5-5a67-46fe-9719-4d224a9b2e08.jpg\"><img loading=\"lazy\" decoding=\"async\" class=\"wp-image-3824 alignleft\" src=\"https:\/\/agora.xtec.cat\/ceipsantjaume\/wp-content\/uploads\/usu1815\/2022\/05\/3512faf5-5a67-46fe-9719-4d224a9b2e08.jpg\" alt=\"\" width=\"488\" height=\"366\" srcset=\"https:\/\/agora.xtec.cat\/ceipsantjaume\/wp-content\/uploads\/usu1815\/2022\/05\/3512faf5-5a67-46fe-9719-4d224a9b2e08.jpg 1024w, https:\/\/agora.xtec.cat\/ceipsantjaume\/wp-content\/uploads\/usu1815\/2022\/05\/3512faf5-5a67-46fe-9719-4d224a9b2e08-300x225.jpg 300w, https:\/\/agora.xtec.cat\/ceipsantjaume\/wp-content\/uploads\/usu1815\/2022\/05\/3512faf5-5a67-46fe-9719-4d224a9b2e08-768x576.jpg 768w, https:\/\/agora.xtec.cat\/ceipsantjaume\/wp-content\/uploads\/usu1815\/2022\/05\/3512faf5-5a67-46fe-9719-4d224a9b2e08-200x150.jpg 200w\" sizes=\"auto, (max-width: 488px) 100vw, 488px\" \/><br \/>\n<\/a><a href=\"https:\/\/agora.xtec.cat\/ceipsantjaume\/wp-content\/uploads\/usu1815\/2022\/05\/c9cbd0b5-42c8-4096-865a-903baec50635.jpg\"><img loading=\"lazy\" decoding=\"async\" class=\" wp-image-3826 alignleft\" src=\"https:\/\/agora.xtec.cat\/ceipsantjaume\/wp-content\/uploads\/usu1815\/2022\/05\/c9cbd0b5-42c8-4096-865a-903baec50635.jpg\" alt=\"\" width=\"483\" height=\"362\" srcset=\"https:\/\/agora.xtec.cat\/ceipsantjaume\/wp-content\/uploads\/usu1815\/2022\/05\/c9cbd0b5-42c8-4096-865a-903baec50635.jpg 1024w, https:\/\/agora.xtec.cat\/ceipsantjaume\/wp-content\/uploads\/usu1815\/2022\/05\/c9cbd0b5-42c8-4096-865a-903baec50635-300x225.jpg 300w, https:\/\/agora.xtec.cat\/ceipsantjaume\/wp-content\/uploads\/usu1815\/2022\/05\/c9cbd0b5-42c8-4096-865a-903baec50635-768x576.jpg 768w, https:\/\/agora.xtec.cat\/ceipsantjaume\/wp-content\/uploads\/usu1815\/2022\/05\/c9cbd0b5-42c8-4096-865a-903baec50635-200x150.jpg 200w\" sizes=\"auto, (max-width: 483px) 100vw, 483px\" \/><\/a><a href=\"https:\/\/agora.xtec.cat\/ceipsantjaume\/wp-content\/uploads\/usu1815\/2022\/05\/5964d83f-b41e-424c-9af2-f09c7849589c.jpg\"><img loading=\"lazy\" decoding=\"async\" class=\" wp-image-3825 alignleft\" src=\"https:\/\/agora.xtec.cat\/ceipsantjaume\/wp-content\/uploads\/usu1815\/2022\/05\/5964d83f-b41e-424c-9af2-f09c7849589c-576x1024.jpg\" alt=\"\" width=\"352\" height=\"625\" srcset=\"https:\/\/agora.xtec.cat\/ceipsantjaume\/wp-content\/uploads\/usu1815\/2022\/05\/5964d83f-b41e-424c-9af2-f09c7849589c-576x1024.jpg 576w, https:\/\/agora.xtec.cat\/ceipsantjaume\/wp-content\/uploads\/usu1815\/2022\/05\/5964d83f-b41e-424c-9af2-f09c7849589c-169x300.jpg 169w, https:\/\/agora.xtec.cat\/ceipsantjaume\/wp-content\/uploads\/usu1815\/2022\/05\/5964d83f-b41e-424c-9af2-f09c7849589c-768x1365.jpg 768w, https:\/\/agora.xtec.cat\/ceipsantjaume\/wp-content\/uploads\/usu1815\/2022\/05\/5964d83f-b41e-424c-9af2-f09c7849589c-864x1536.jpg 864w, https:\/\/agora.xtec.cat\/ceipsantjaume\/wp-content\/uploads\/usu1815\/2022\/05\/5964d83f-b41e-424c-9af2-f09c7849589c.jpg 900w\" sizes=\"auto, (max-width: 352px) 100vw, 352px\" \/><\/a><\/p>\n","protected":false},"excerpt":{"rendered":"<p>El 27 d&#8217;abril l&#8217;alumnat de 2n va realitar una sortida dins del projecte que estan treballant sobre el nostre entorn, animals i fauna. Moltes gr\u00e0cies als alumnes de l\u2019Institut d&#8217;Estudis Professionals Aq\u00fc\u00edcoles i Ambientals de La R\u00e0pita que han organitzart les diferents activitats i la sortida. &nbsp;<\/p>\n","protected":false},"author":1,"featured_media":3822,"comment_status":"open","ping_status":"closed","sticky":false,"template":"","format":"standard","meta":{"_bbp_topic_count":0,"_bbp_reply_count":0,"_bbp_total_topic_count":0,"_bbp_total_reply_count":0,"_bbp_voice_count":0,"_bbp_anonymous_reply_count":0,"_bbp_topic_count_hidden":0,"_bbp_reply_count_hidden":0,"_bbp_forum_subforum_count":0,"site-sidebar-layout":"default","site-content-layout":"","ast-site-content-layout":"","site-content-style":"default","site-sidebar-style":"default","ast-global-header-display":"","ast-banner-title-visibility":"","ast-main-header-display":"","ast-hfb-above-header-display":"","ast-hfb-below-header-display":"","ast-hfb-mobile-header-display":"","site-post-title":"","ast-breadcrumbs-content":"","ast-featured-img":"","footer-sml-layout":"","theme-transparent-header-meta":"","adv-header-id-meta":"","stick-header-meta":"","header-above-stick-meta":"","header-main-stick-meta":"","header-below-stick-meta":"","astra-migrate-meta-layouts":"default","ast-page-background-enabled":"default","ast-page-background-meta":{"desktop":{"background-color":"var(--ast-global-color-4)","background-image":"","background-repeat":"repeat","background-position":"center center","background-size":"auto","background-attachment":"scroll","background-type":"","background-media":"","overlay-type":"","overlay-color":"","overlay-opacity":"","overlay-gradient":""},"tablet":{"background-color":"","background-image":"","background-repeat":"repeat","background-position":"center center","background-size":"auto","background-attachment":"scroll","background-type":"","background-media":"","overlay-type":"","overlay-color":"","overlay-opacity":"","overlay-gradient":""},"mobile":{"background-color":"","background-image":"","background-repeat":"repeat","background-position":"center center","background-size":"auto","background-attachment":"scroll","background-type":"","background-media":"","overlay-type":"","overlay-color":"","overlay-opacity":"","overlay-gradient":""}},"ast-content-background-meta":{"desktop":{"background-color":"var(--ast-global-color-5)","background-image":"","background-repeat":"repeat","background-position":"center center","background-size":"auto","background-attachment":"scroll","background-type":"","background-media":"","overlay-type":"","overlay-color":"","overlay-opacity":"","overlay-gradient":""},"tablet":{"background-color":"var(--ast-global-color-5)","background-image":"","background-repeat":"repeat","background-position":"center center","background-size":"auto","background-attachment":"scroll","background-type":"","background-media":"","overlay-type":"","overlay-color":"","overlay-opacity":"","overlay-gradient":""},"mobile":{"background-color":"var(--ast-global-color-5)","background-image":"","background-repeat":"repeat","background-position":"center center","background-size":"auto","background-attachment":"scroll","background-type":"","background-media":"","overlay-type":"","overlay-color":"","overlay-opacity":"","overlay-gradient":""}},"footnotes":""},"categories":[11,1],"tags":[],"class_list":["post-3821","post","type-post","status-publish","format-standard","has-post-thumbnail","hentry","category-2n","category-general"],"post_mailing_queue_ids":[],"_links":{"self":[{"href":"https:\/\/agora.xtec.cat\/ceipsantjaume\/wp-json\/wp\/v2\/posts\/3821","targetHints":{"allow":["GET"]}}],"collection":[{"href":"https:\/\/agora.xtec.cat\/ceipsantjaume\/wp-json\/wp\/v2\/posts"}],"about":[{"href":"https:\/\/agora.xtec.cat\/ceipsantjaume\/wp-json\/wp\/v2\/types\/post"}],"author":[{"embeddable":true,"href":"https:\/\/agora.xtec.cat\/ceipsantjaume\/wp-json\/wp\/v2\/users\/1"}],"replies":[{"embeddable":true,"href":"https:\/\/agora.xtec.cat\/ceipsantjaume\/wp-json\/wp\/v2\/comments?post=3821"}],"version-history":[{"count":3,"href":"https:\/\/agora.xtec.cat\/ceipsantjaume\/wp-json\/wp\/v2\/posts\/3821\/revisions"}],"predecessor-version":[{"id":3831,"href":"https:\/\/agora.xtec.cat\/ceipsantjaume\/wp-json\/wp\/v2\/posts\/3821\/revisions\/3831"}],"wp:featuredmedia":[{"embeddable":true,"href":"https:\/\/agora.xtec.cat\/ceipsantjaume\/wp-json\/wp\/v2\/media\/3822"}],"wp:attachment":[{"href":"https:\/\/agora.xtec.cat\/ceipsantjaume\/wp-json\/wp\/v2\/media?parent=3821"}],"wp:term":[{"taxonomy":"category","embeddable":true,"href":"https:\/\/agora.xtec.cat\/ceipsantjaume\/wp-json\/wp\/v2\/categories?post=3821"},{"taxonomy":"post_tag","embeddable":true,"href":"https:\/\/agora.xtec.cat\/ceipsantjaume\/wp-json\/wp\/v2\/tags?post=3821"}],"curies":[{"name":"wp","href":"https:\/\/api.w.org\/{rel}","templated":true}]}}