{"id":3453,"date":"2022-01-20T15:55:38","date_gmt":"2022-01-20T14:55:38","guid":{"rendered":"https:\/\/agora.xtec.cat\/ceipsantjaume\/?p=3453"},"modified":"2022-01-20T15:57:28","modified_gmt":"2022-01-20T14:57:28","slug":"els-7-principis-daprenetatge","status":"publish","type":"post","link":"https:\/\/agora.xtec.cat\/ceipsantjaume\/general\/els-7-principis-daprenetatge\/","title":{"rendered":"Els 7 principis d&#8217;aprenetatge"},"content":{"rendered":"<p>I, nosaltres quina escola volem? Reflexionem als primers claustres pedag\u00f2gics i arribem a acords sobre l&#8217;escola que volem, quin \u00e9s el nostre objectiu, quin \u00e9s el nostre lema,&#8230;<\/p>\n<p>Durant aquest proc\u00e9s l&#8217;equip impulsor ha de tenir present l&#8217;objectiu, la motivaci\u00f3 dels alumnes i el nostre lema: ESCOLTEM, EMPATITZEM, PARLEM I ACTUEM CAP A LA TRANSFORMACI\u00d3.<\/p>\n<p>Al claustre tamb\u00e9 parlem sobre els 7 principis d&#8217;aprenentatge, que fem a l&#8217;escola segons els 7 principis. Diferents reflexions que ens fan veure en quin punt ens trobem per comen\u00e7ar a fer una transformaci\u00f3 educativa.<\/p>\n<p><a href=\"https:\/\/agora.xtec.cat\/ceipsantjaume\/wp-content\/uploads\/usu1815\/2022\/01\/claustre-pedagogic.jpg\"><img loading=\"lazy\" decoding=\"async\" class=\" wp-image-3454 alignnone\" src=\"https:\/\/agora.xtec.cat\/ceipsantjaume\/wp-content\/uploads\/usu1815\/2022\/01\/claustre-pedagogic-150x150.jpg\" alt=\"\" width=\"188\" height=\"188\" \/><\/a> <a href=\"https:\/\/agora.xtec.cat\/ceipsantjaume\/wp-content\/uploads\/usu1815\/2022\/01\/clasutre-pedagogic.jpg\"><img loading=\"lazy\" decoding=\"async\" class=\" wp-image-3455 alignleft\" src=\"https:\/\/agora.xtec.cat\/ceipsantjaume\/wp-content\/uploads\/usu1815\/2022\/01\/clasutre-pedagogic-150x150.jpg\" alt=\"\" width=\"183\" height=\"183\" \/><\/a><\/p>\n","protected":false},"excerpt":{"rendered":"<p>I, nosaltres quina escola volem? Reflexionem als primers claustres pedag\u00f2gics i arribem a acords sobre l&#8217;escola que volem, quin \u00e9s el nostre objectiu, quin \u00e9s el nostre lema,&#8230; Durant aquest proc\u00e9s l&#8217;equip impulsor ha de tenir present l&#8217;objectiu, la motivaci\u00f3 dels alumnes i el nostre lema: ESCOLTEM, EMPATITZEM, PARLEM I ACTUEM CAP A LA TRANSFORMACI\u00d3. [&hellip;]<\/p>\n","protected":false},"author":1,"featured_media":3455,"comment_status":"open","ping_status":"closed","sticky":false,"template":"","format":"standard","meta":{"_bbp_topic_count":0,"_bbp_reply_count":0,"_bbp_total_topic_count":0,"_bbp_total_reply_count":0,"_bbp_voice_count":0,"_bbp_anonymous_reply_count":0,"_bbp_topic_count_hidden":0,"_bbp_reply_count_hidden":0,"_bbp_forum_subforum_count":0,"site-sidebar-layout":"default","site-content-layout":"","ast-site-content-layout":"","site-content-style":"default","site-sidebar-style":"default","ast-global-header-display":"","ast-banner-title-visibility":"","ast-main-header-display":"","ast-hfb-above-header-display":"","ast-hfb-below-header-display":"","ast-hfb-mobile-header-display":"","site-post-title":"","ast-breadcrumbs-content":"","ast-featured-img":"","footer-sml-layout":"","theme-transparent-header-meta":"","adv-header-id-meta":"","stick-header-meta":"","header-above-stick-meta":"","header-main-stick-meta":"","header-below-stick-meta":"","astra-migrate-meta-layouts":"default","ast-page-background-enabled":"default","ast-page-background-meta":{"desktop":{"background-color":"var(--ast-global-color-4)","background-image":"","background-repeat":"repeat","background-position":"center center","background-size":"auto","background-attachment":"scroll","background-type":"","background-media":"","overlay-type":"","overlay-color":"","overlay-opacity":"","overlay-gradient":""},"tablet":{"background-color":"","background-image":"","background-repeat":"repeat","background-position":"center center","background-size":"auto","background-attachment":"scroll","background-type":"","background-media":"","overlay-type":"","overlay-color":"","overlay-opacity":"","overlay-gradient":""},"mobile":{"background-color":"","background-image":"","background-repeat":"repeat","background-position":"center center","background-size":"auto","background-attachment":"scroll","background-type":"","background-media":"","overlay-type":"","overlay-color":"","overlay-opacity":"","overlay-gradient":""}},"ast-content-background-meta":{"desktop":{"background-color":"var(--ast-global-color-5)","background-image":"","background-repeat":"repeat","background-position":"center center","background-size":"auto","background-attachment":"scroll","background-type":"","background-media":"","overlay-type":"","overlay-color":"","overlay-opacity":"","overlay-gradient":""},"tablet":{"background-color":"var(--ast-global-color-5)","background-image":"","background-repeat":"repeat","background-position":"center center","background-size":"auto","background-attachment":"scroll","background-type":"","background-media":"","overlay-type":"","overlay-color":"","overlay-opacity":"","overlay-gradient":""},"mobile":{"background-color":"var(--ast-global-color-5)","background-image":"","background-repeat":"repeat","background-position":"center center","background-size":"auto","background-attachment":"scroll","background-type":"","background-media":"","overlay-type":"","overlay-color":"","overlay-opacity":"","overlay-gradient":""}},"footnotes":""},"categories":[1,83],"tags":[],"class_list":["post-3453","post","type-post","status-publish","format-standard","has-post-thumbnail","hentry","category-general","category-programa-dacceleracio-de-la-transformacio-educativa-pacte"],"post_mailing_queue_ids":[],"_links":{"self":[{"href":"https:\/\/agora.xtec.cat\/ceipsantjaume\/wp-json\/wp\/v2\/posts\/3453","targetHints":{"allow":["GET"]}}],"collection":[{"href":"https:\/\/agora.xtec.cat\/ceipsantjaume\/wp-json\/wp\/v2\/posts"}],"about":[{"href":"https:\/\/agora.xtec.cat\/ceipsantjaume\/wp-json\/wp\/v2\/types\/post"}],"author":[{"embeddable":true,"href":"https:\/\/agora.xtec.cat\/ceipsantjaume\/wp-json\/wp\/v2\/users\/1"}],"replies":[{"embeddable":true,"href":"https:\/\/agora.xtec.cat\/ceipsantjaume\/wp-json\/wp\/v2\/comments?post=3453"}],"version-history":[{"count":1,"href":"https:\/\/agora.xtec.cat\/ceipsantjaume\/wp-json\/wp\/v2\/posts\/3453\/revisions"}],"predecessor-version":[{"id":3456,"href":"https:\/\/agora.xtec.cat\/ceipsantjaume\/wp-json\/wp\/v2\/posts\/3453\/revisions\/3456"}],"wp:featuredmedia":[{"embeddable":true,"href":"https:\/\/agora.xtec.cat\/ceipsantjaume\/wp-json\/wp\/v2\/media\/3455"}],"wp:attachment":[{"href":"https:\/\/agora.xtec.cat\/ceipsantjaume\/wp-json\/wp\/v2\/media?parent=3453"}],"wp:term":[{"taxonomy":"category","embeddable":true,"href":"https:\/\/agora.xtec.cat\/ceipsantjaume\/wp-json\/wp\/v2\/categories?post=3453"},{"taxonomy":"post_tag","embeddable":true,"href":"https:\/\/agora.xtec.cat\/ceipsantjaume\/wp-json\/wp\/v2\/tags?post=3453"}],"curies":[{"name":"wp","href":"https:\/\/api.w.org\/{rel}","templated":true}]}}