{"id":83,"count":6,"description":"L'escola inicia el Programa d'innovaci\u00f3 pedag\u00f2gica d\u2019acceleraci\u00f3 de la transformaci\u00f3 educativa amb la finalitat d'obtenir recursos i eines necess\u00e0ries per impulsar la transformaci\u00f3 del centre a trav\u00e9s de l\u2019actualitzaci\u00f3 del projecte educatiu de centre amb una revisi\u00f3 del prop\u00f2sit institucional, l\u2019organitzaci\u00f3 del centre, les metodologies de treball, la cultura de l\u2019avaluaci\u00f3 i la incorporaci\u00f3 de mesures d\u2019inclusi\u00f3 i equitat educatives, per esdevenir una organitzaci\u00f3 escolar aut\u00f2noma, centrada en l\u2019alumne\/a, amb capacitat d\u2019interactuar amb l\u2019entorn.\r\n\r\nOBJECTIU DE L'ESCOLA:\r\n<p style=\"text-align: center;\"><strong>ACONSEGUIR UNA ESCOLA M\u00c9SPARTICIPATIVA QUE FOMENTI L'AUTON\u00d2MIA I ESPERIT CR\u00cdTIC DE L'ALUMNAT, FENT-LOS CONSCIENTS DEL SEU ENTORN M\u00c9S PROPER PER AFRONAT ELS NOUS REPTES DE LA SOCIETAT.\u00a0<\/strong><\/p>\r\n&nbsp;","link":"https:\/\/agora.xtec.cat\/ceipsantjaume\/categoria\/programa-dacceleracio-de-la-transformacio-educativa-pacte\/","name":"Programa d'Acceleraci\u00f3 de la Transformaci\u00f3 Educativa (PAcTE)","slug":"programa-dacceleracio-de-la-transformacio-educativa-pacte","taxonomy":"category","parent":0,"meta":[],"_links":{"self":[{"href":"https:\/\/agora.xtec.cat\/ceipsantjaume\/wp-json\/wp\/v2\/categories\/83","targetHints":{"allow":["GET"]}}],"collection":[{"href":"https:\/\/agora.xtec.cat\/ceipsantjaume\/wp-json\/wp\/v2\/categories"}],"about":[{"href":"https:\/\/agora.xtec.cat\/ceipsantjaume\/wp-json\/wp\/v2\/taxonomies\/category"}],"wp:post_type":[{"href":"https:\/\/agora.xtec.cat\/ceipsantjaume\/wp-json\/wp\/v2\/posts?categories=83"}],"curies":[{"name":"wp","href":"https:\/\/api.w.org\/{rel}","templated":true}]}}