{"id":5528,"date":"2023-02-27T14:57:13","date_gmt":"2023-02-27T13:57:13","guid":{"rendered":"https:\/\/agora.xtec.cat\/ceipsantcristofol\/?p=5528"},"modified":"2023-02-27T14:57:13","modified_gmt":"2023-02-27T13:57:13","slug":"6e-les-families-participen-explicant-les-seves-vivencies","status":"publish","type":"post","link":"https:\/\/agora.xtec.cat\/ceipsantcristofol\/general\/6e-les-families-participen-explicant-les-seves-vivencies\/","title":{"rendered":"6\u00e8:  LES FAM\u00cdLIES PARTICIPEN EXPLICANT LES SEVES VIV\u00c8NCIES"},"content":{"rendered":"<p>A sis\u00e8 estem treballant l&#8217;Edat Contempor\u00e0nia i com a producte final vam demanar la col\u00b7laboraci\u00f3 dels avis i les \u00e0vies i dels pares i les mares dels alumnes per explicar les seves viv\u00e8ncies viscudes durant el franquisme i l&#8217;entrada de la democr\u00e0cia. La Maria, mare de l&#8217;<span class=\"hiddenSpellError\">Asier<\/span>\u00a0de\u00a0<span class=\"hiddenSpellError\">6\u00e8b<\/span>, ens explica com ho va viure la seva fam\u00edlia. L&#8217;alumnat estava molt interessat i des de l&#8217;escola us volem agrair la vostra participaci\u00f3.<\/p>\n<p><a href=\"https:\/\/agora.xtec.cat\/ceipsantcristofol\/wp-content\/uploads\/usu472\/2023\/02\/IMG-20230224-WA0023.jpg\"><img loading=\"lazy\" decoding=\"async\" class=\"alignleft size-full wp-image-5531\" src=\"https:\/\/agora.xtec.cat\/ceipsantcristofol\/wp-content\/uploads\/usu472\/2023\/02\/IMG-20230224-WA0023.jpg\" alt=\"\" width=\"1200\" height=\"1600\" srcset=\"https:\/\/agora.xtec.cat\/ceipsantcristofol\/wp-content\/uploads\/usu472\/2023\/02\/IMG-20230224-WA0023.jpg 1200w, https:\/\/agora.xtec.cat\/ceipsantcristofol\/wp-content\/uploads\/usu472\/2023\/02\/IMG-20230224-WA0023-225x300.jpg 225w, https:\/\/agora.xtec.cat\/ceipsantcristofol\/wp-content\/uploads\/usu472\/2023\/02\/IMG-20230224-WA0023-768x1024.jpg 768w, https:\/\/agora.xtec.cat\/ceipsantcristofol\/wp-content\/uploads\/usu472\/2023\/02\/IMG-20230224-WA0023-1152x1536.jpg 1152w\" sizes=\"auto, (max-width: 1200px) 100vw, 1200px\" \/><\/a><\/p>\n","protected":false},"excerpt":{"rendered":"<p>A sis\u00e8 estem treballant l&#8217;Edat Contempor\u00e0nia i com a producte final vam demanar la col\u00b7laboraci\u00f3 dels avis i les \u00e0vies i dels pares i les mares dels alumnes per explicar les seves viv\u00e8ncies viscudes durant el franquisme i l&#8217;entrada de la democr\u00e0cia. La Maria, mare de l&#8217;Asier\u00a0de\u00a06\u00e8b, ens explica com ho va viure la seva [&hellip;]<\/p>\n","protected":false},"author":1,"featured_media":5530,"comment_status":"open","ping_status":"closed","sticky":false,"template":"","format":"standard","meta":{"_bbp_topic_count":0,"_bbp_reply_count":0,"_bbp_total_topic_count":0,"_bbp_total_reply_count":0,"_bbp_voice_count":0,"_bbp_anonymous_reply_count":0,"_bbp_topic_count_hidden":0,"_bbp_reply_count_hidden":0,"_bbp_forum_subforum_count":0,"site-sidebar-layout":"default","site-content-layout":"","ast-site-content-layout":"","site-content-style":"default","site-sidebar-style":"default","ast-global-header-display":"","ast-banner-title-visibility":"","ast-main-header-display":"","ast-hfb-above-header-display":"","ast-hfb-below-header-display":"","ast-hfb-mobile-header-display":"","site-post-title":"","ast-breadcrumbs-content":"","ast-featured-img":"","footer-sml-layout":"","theme-transparent-header-meta":"","adv-header-id-meta":"","stick-header-meta":"","header-above-stick-meta":"","header-main-stick-meta":"","header-below-stick-meta":"","astra-migrate-meta-layouts":"default","ast-page-background-enabled":"default","ast-page-background-meta":{"desktop":{"background-color":"var(--ast-global-color-4)","background-image":"","background-repeat":"repeat","background-position":"center center","background-size":"auto","background-attachment":"scroll","background-type":"","background-media":"","overlay-type":"","overlay-color":"","overlay-opacity":"","overlay-gradient":""},"tablet":{"background-color":"","background-image":"","background-repeat":"repeat","background-position":"center center","background-size":"auto","background-attachment":"scroll","background-type":"","background-media":"","overlay-type":"","overlay-color":"","overlay-opacity":"","overlay-gradient":""},"mobile":{"background-color":"","background-image":"","background-repeat":"repeat","background-position":"center center","background-size":"auto","background-attachment":"scroll","background-type":"","background-media":"","overlay-type":"","overlay-color":"","overlay-opacity":"","overlay-gradient":""}},"ast-content-background-meta":{"desktop":{"background-color":"var(--ast-global-color-5)","background-image":"","background-repeat":"repeat","background-position":"center center","background-size":"auto","background-attachment":"scroll","background-type":"","background-media":"","overlay-type":"","overlay-color":"","overlay-opacity":"","overlay-gradient":""},"tablet":{"background-color":"var(--ast-global-color-5)","background-image":"","background-repeat":"repeat","background-position":"center center","background-size":"auto","background-attachment":"scroll","background-type":"","background-media":"","overlay-type":"","overlay-color":"","overlay-opacity":"","overlay-gradient":""},"mobile":{"background-color":"var(--ast-global-color-5)","background-image":"","background-repeat":"repeat","background-position":"center center","background-size":"auto","background-attachment":"scroll","background-type":"","background-media":"","overlay-type":"","overlay-color":"","overlay-opacity":"","overlay-gradient":""}},"footnotes":""},"categories":[14,1,4,5],"tags":[132,236],"class_list":["post-5528","post","type-post","status-publish","format-standard","has-post-thumbnail","hentry","category-superior","category-general","category-portada","category-primaria","tag-6e","tag-curs-22-23"],"post_mailing_queue_ids":[],"_links":{"self":[{"href":"https:\/\/agora.xtec.cat\/ceipsantcristofol\/wp-json\/wp\/v2\/posts\/5528","targetHints":{"allow":["GET"]}}],"collection":[{"href":"https:\/\/agora.xtec.cat\/ceipsantcristofol\/wp-json\/wp\/v2\/posts"}],"about":[{"href":"https:\/\/agora.xtec.cat\/ceipsantcristofol\/wp-json\/wp\/v2\/types\/post"}],"author":[{"embeddable":true,"href":"https:\/\/agora.xtec.cat\/ceipsantcristofol\/wp-json\/wp\/v2\/users\/1"}],"replies":[{"embeddable":true,"href":"https:\/\/agora.xtec.cat\/ceipsantcristofol\/wp-json\/wp\/v2\/comments?post=5528"}],"version-history":[{"count":3,"href":"https:\/\/agora.xtec.cat\/ceipsantcristofol\/wp-json\/wp\/v2\/posts\/5528\/revisions"}],"predecessor-version":[{"id":5534,"href":"https:\/\/agora.xtec.cat\/ceipsantcristofol\/wp-json\/wp\/v2\/posts\/5528\/revisions\/5534"}],"wp:featuredmedia":[{"embeddable":true,"href":"https:\/\/agora.xtec.cat\/ceipsantcristofol\/wp-json\/wp\/v2\/media\/5530"}],"wp:attachment":[{"href":"https:\/\/agora.xtec.cat\/ceipsantcristofol\/wp-json\/wp\/v2\/media?parent=5528"}],"wp:term":[{"taxonomy":"category","embeddable":true,"href":"https:\/\/agora.xtec.cat\/ceipsantcristofol\/wp-json\/wp\/v2\/categories?post=5528"},{"taxonomy":"post_tag","embeddable":true,"href":"https:\/\/agora.xtec.cat\/ceipsantcristofol\/wp-json\/wp\/v2\/tags?post=5528"}],"curies":[{"name":"wp","href":"https:\/\/api.w.org\/{rel}","templated":true}]}}