{"id":8052,"date":"2026-04-24T20:45:52","date_gmt":"2026-04-24T18:45:52","guid":{"rendered":"https:\/\/agora.xtec.cat\/ceipsantaeulalia-berga\/?p=8052"},"modified":"2026-04-24T21:06:37","modified_gmt":"2026-04-24T19:06:37","slug":"taller-de-castellers-i5-i-p1","status":"publish","type":"post","link":"https:\/\/agora.xtec.cat\/ceipsantaeulalia-berga\/general\/taller-de-castellers-i5-i-p1\/","title":{"rendered":"Taller de castellers I5 i P1"},"content":{"rendered":"\n<p>Aquest divendres 24 d\u2019abril els nens i nenes d\u2019I5 i P1 hem tingut l\u2019oportunitat d\u2019acostar-nos m\u00e9s a una tradici\u00f3 catalana i tamb\u00e9 de la ciutat de Berga com s\u00f3n els castellers. La colla castellera de Berga, juntament amb alguns dels\/les alumnes de l\u2019escola que en formen part, ens ha fet un taller molt interessant. Primer ens han explicat els aspectes m\u00e9s importants a l\u2019hora de fer un castell i seguidament ho hem posat en pr\u00e0ctica, enfaixant-nos per comen\u00e7ar, aprenent com es puja per fer un pilar i per acabar fent una pinya entre tots. Sense dubte una activitat molt inclusiva i plena de valors. Moltes gr\u00e0cies per l&#8217;experi\u00e8ncia!<br><\/p>\n\n\n\n<figure class=\"wp-block-image aligncenter size-large is-resized\"><a href=\"https:\/\/agora.xtec.cat\/ceipsantaeulalia-berga\/wp-content\/uploads\/usu104\/2026\/04\/a4c7f24a-3841-4047-b2fc-24c8c0827687_source-aspect-ratio_default_0.webp\"><img loading=\"lazy\" decoding=\"async\" width=\"682\" height=\"1024\" src=\"https:\/\/agora.xtec.cat\/ceipsantaeulalia-berga\/wp-content\/uploads\/usu104\/2026\/04\/a4c7f24a-3841-4047-b2fc-24c8c0827687_source-aspect-ratio_default_0-682x1024.webp\" alt=\"\" class=\"wp-image-8053\" style=\"width:217px;height:auto\" srcset=\"https:\/\/agora.xtec.cat\/ceipsantaeulalia-berga\/wp-content\/uploads\/usu104\/2026\/04\/a4c7f24a-3841-4047-b2fc-24c8c0827687_source-aspect-ratio_default_0-682x1024.webp 682w, https:\/\/agora.xtec.cat\/ceipsantaeulalia-berga\/wp-content\/uploads\/usu104\/2026\/04\/a4c7f24a-3841-4047-b2fc-24c8c0827687_source-aspect-ratio_default_0-200x300.webp 200w, https:\/\/agora.xtec.cat\/ceipsantaeulalia-berga\/wp-content\/uploads\/usu104\/2026\/04\/a4c7f24a-3841-4047-b2fc-24c8c0827687_source-aspect-ratio_default_0-768x1152.webp 768w, https:\/\/agora.xtec.cat\/ceipsantaeulalia-berga\/wp-content\/uploads\/usu104\/2026\/04\/a4c7f24a-3841-4047-b2fc-24c8c0827687_source-aspect-ratio_default_0-1024x1536.webp 1024w, https:\/\/agora.xtec.cat\/ceipsantaeulalia-berga\/wp-content\/uploads\/usu104\/2026\/04\/a4c7f24a-3841-4047-b2fc-24c8c0827687_source-aspect-ratio_default_0.webp 1333w\" sizes=\"auto, (max-width: 682px) 100vw, 682px\" \/><\/a><\/figure>\n\n\n\n<p class=\"has-text-align-center\"><a href=\"https:\/\/agora.xtec.cat\/ceipsantaeulalia-berga\/fotos-escola-santa-eulalia\/\" data-type=\"page\" data-id=\"7257\" target=\"_blank\" rel=\"noreferrer noopener\">FOTOS I5<\/a><\/p>\n\n\n\n<p class=\"has-text-align-center\"><a href=\"https:\/\/agora.xtec.cat\/ceipsantaeulalia-berga\/fotos-escola-santa-eulalia\/\" data-type=\"page\" data-id=\"7257\" target=\"_blank\" rel=\"noreferrer noopener\">FOTOS P1<\/a><\/p>\n\n\n\n<p><\/p>\n","protected":false},"excerpt":{"rendered":"<p>Aquest divendres 24 d\u2019abril els nens i nenes d\u2019I5 i P1 hem tingut l\u2019oportunitat d\u2019acostar-nos m\u00e9s a una tradici\u00f3 catalana i tamb\u00e9 de la ciutat de Berga com s\u00f3n els castellers. La colla castellera de Berga, juntament amb alguns dels\/les alumnes de l\u2019escola que en formen part, ens ha fet un taller molt interessant. Primer [&hellip;]<\/p>\n","protected":false},"author":5,"featured_media":8054,"comment_status":"closed","ping_status":"open","sticky":false,"template":"","format":"standard","meta":{"_bbp_topic_count":0,"_bbp_reply_count":0,"_bbp_total_topic_count":0,"_bbp_total_reply_count":0,"_bbp_voice_count":0,"_bbp_anonymous_reply_count":0,"_bbp_topic_count_hidden":0,"_bbp_reply_count_hidden":0,"_bbp_forum_subforum_count":0,"site-sidebar-layout":"default","site-content-layout":"","ast-site-content-layout":"default","site-content-style":"default","site-sidebar-style":"default","ast-global-header-display":"","ast-banner-title-visibility":"","ast-main-header-display":"","ast-hfb-above-header-display":"","ast-hfb-below-header-display":"","ast-hfb-mobile-header-display":"","site-post-title":"","ast-breadcrumbs-content":"","ast-featured-img":"","footer-sml-layout":"","theme-transparent-header-meta":"","adv-header-id-meta":"","stick-header-meta":"","header-above-stick-meta":"","header-main-stick-meta":"","header-below-stick-meta":"","astra-migrate-meta-layouts":"set","ast-page-background-enabled":"default","ast-page-background-meta":{"desktop":{"background-color":"var(--ast-global-color-4)","background-image":"","background-repeat":"repeat","background-position":"center center","background-size":"auto","background-attachment":"scroll","background-type":"","background-media":"","overlay-type":"","overlay-color":"","overlay-opacity":"","overlay-gradient":""},"tablet":{"background-color":"","background-image":"","background-repeat":"repeat","background-position":"center center","background-size":"auto","background-attachment":"scroll","background-type":"","background-media":"","overlay-type":"","overlay-color":"","overlay-opacity":"","overlay-gradient":""},"mobile":{"background-color":"","background-image":"","background-repeat":"repeat","background-position":"center center","background-size":"auto","background-attachment":"scroll","background-type":"","background-media":"","overlay-type":"","overlay-color":"","overlay-opacity":"","overlay-gradient":""}},"ast-content-background-meta":{"desktop":{"background-color":"var(--ast-global-color-5)","background-image":"","background-repeat":"repeat","background-position":"center center","background-size":"auto","background-attachment":"scroll","background-type":"","background-media":"","overlay-type":"","overlay-color":"","overlay-opacity":"","overlay-gradient":""},"tablet":{"background-color":"var(--ast-global-color-5)","background-image":"","background-repeat":"repeat","background-position":"center center","background-size":"auto","background-attachment":"scroll","background-type":"","background-media":"","overlay-type":"","overlay-color":"","overlay-opacity":"","overlay-gradient":""},"mobile":{"background-color":"var(--ast-global-color-5)","background-image":"","background-repeat":"repeat","background-position":"center center","background-size":"auto","background-attachment":"scroll","background-type":"","background-media":"","overlay-type":"","overlay-color":"","overlay-opacity":"","overlay-gradient":""}},"footnotes":""},"categories":[2,5,1,37,38,4],"tags":[848,793,776,676,679],"class_list":["post-8052","post","type-post","status-publish","format-standard","has-post-thumbnail","hentry","category-infantil","category-primaria","category-general","category-i5","category-p1","category-portada","tag-castellers","tag-curs-25-26","tag-escola-santa-eulalia","tag-i5","tag-p1"],"post_mailing_queue_ids":[],"_links":{"self":[{"href":"https:\/\/agora.xtec.cat\/ceipsantaeulalia-berga\/wp-json\/wp\/v2\/posts\/8052","targetHints":{"allow":["GET"]}}],"collection":[{"href":"https:\/\/agora.xtec.cat\/ceipsantaeulalia-berga\/wp-json\/wp\/v2\/posts"}],"about":[{"href":"https:\/\/agora.xtec.cat\/ceipsantaeulalia-berga\/wp-json\/wp\/v2\/types\/post"}],"author":[{"embeddable":true,"href":"https:\/\/agora.xtec.cat\/ceipsantaeulalia-berga\/wp-json\/wp\/v2\/users\/5"}],"replies":[{"embeddable":true,"href":"https:\/\/agora.xtec.cat\/ceipsantaeulalia-berga\/wp-json\/wp\/v2\/comments?post=8052"}],"version-history":[{"count":1,"href":"https:\/\/agora.xtec.cat\/ceipsantaeulalia-berga\/wp-json\/wp\/v2\/posts\/8052\/revisions"}],"predecessor-version":[{"id":8055,"href":"https:\/\/agora.xtec.cat\/ceipsantaeulalia-berga\/wp-json\/wp\/v2\/posts\/8052\/revisions\/8055"}],"wp:featuredmedia":[{"embeddable":true,"href":"https:\/\/agora.xtec.cat\/ceipsantaeulalia-berga\/wp-json\/wp\/v2\/media\/8054"}],"wp:attachment":[{"href":"https:\/\/agora.xtec.cat\/ceipsantaeulalia-berga\/wp-json\/wp\/v2\/media?parent=8052"}],"wp:term":[{"taxonomy":"category","embeddable":true,"href":"https:\/\/agora.xtec.cat\/ceipsantaeulalia-berga\/wp-json\/wp\/v2\/categories?post=8052"},{"taxonomy":"post_tag","embeddable":true,"href":"https:\/\/agora.xtec.cat\/ceipsantaeulalia-berga\/wp-json\/wp\/v2\/tags?post=8052"}],"curies":[{"name":"wp","href":"https:\/\/api.w.org\/{rel}","templated":true}]}}