{"id":7738,"date":"2026-01-21T13:35:19","date_gmt":"2026-01-21T12:35:19","guid":{"rendered":"https:\/\/agora.xtec.cat\/ceipsantaeulalia-berga\/?p=7738"},"modified":"2026-01-25T12:54:35","modified_gmt":"2026-01-25T11:54:35","slug":"el-cavaller-que-no-volia-lluitar-taller-de-coeducacio-p5","status":"publish","type":"post","link":"https:\/\/agora.xtec.cat\/ceipsantaeulalia-berga\/general\/el-cavaller-que-no-volia-lluitar-taller-de-coeducacio-p5\/","title":{"rendered":"El cavaller que no volia lluitar &#8211; Taller de coeducaci\u00f3 &#8211; P5 &#8211;"},"content":{"rendered":"\n<figure class=\"wp-block-image aligncenter size-large is-resized\"><a href=\"https:\/\/agora.xtec.cat\/ceipsantaeulalia-berga\/fotos-escola-santa-eulalia\/\" target=\"_blank\" rel=\" noreferrer noopener\"><img loading=\"lazy\" decoding=\"async\" width=\"724\" height=\"1024\" src=\"https:\/\/agora.xtec.cat\/ceipsantaeulalia-berga\/wp-content\/uploads\/usu104\/2026\/01\/Taller-de-coeducacio-EL-CAVALLER-QUE-NO-VOLIA-LLUITAR-724x1024.jpg\" alt=\"\" class=\"wp-image-7739\" style=\"width:567px;height:auto\" srcset=\"https:\/\/agora.xtec.cat\/ceipsantaeulalia-berga\/wp-content\/uploads\/usu104\/2026\/01\/Taller-de-coeducacio-EL-CAVALLER-QUE-NO-VOLIA-LLUITAR-724x1024.jpg 724w, https:\/\/agora.xtec.cat\/ceipsantaeulalia-berga\/wp-content\/uploads\/usu104\/2026\/01\/Taller-de-coeducacio-EL-CAVALLER-QUE-NO-VOLIA-LLUITAR-212x300.jpg 212w, https:\/\/agora.xtec.cat\/ceipsantaeulalia-berga\/wp-content\/uploads\/usu104\/2026\/01\/Taller-de-coeducacio-EL-CAVALLER-QUE-NO-VOLIA-LLUITAR-768x1086.jpg 768w, https:\/\/agora.xtec.cat\/ceipsantaeulalia-berga\/wp-content\/uploads\/usu104\/2026\/01\/Taller-de-coeducacio-EL-CAVALLER-QUE-NO-VOLIA-LLUITAR-1086x1536.jpg 1086w, https:\/\/agora.xtec.cat\/ceipsantaeulalia-berga\/wp-content\/uploads\/usu104\/2026\/01\/Taller-de-coeducacio-EL-CAVALLER-QUE-NO-VOLIA-LLUITAR.jpg 1414w\" sizes=\"auto, (max-width: 724px) 100vw, 724px\" \/><\/a><\/figure>\n","protected":false},"excerpt":{"rendered":"<p>Sovint pensem que la igualtat a l&#8217;escola ja est\u00e0 assolida pel simple fet que nens i nenes comparteixen la mateixa aula, els mateixos llibres i els mateixos mestres. Per\u00f2 la coeducaci\u00f3 va molt m\u00e9s enll\u00e0 de l&#8217;escola mixta; \u00e9s la dist\u00e0ncia que hi ha entre estar junts i ser, realment, iguals.<br \/>\nLa coeducaci\u00f3 no \u00e9s una &#8220;assignatura&#8221; m\u00e9s; \u00e9s la mirada amb la qual hem d&#8217;entendre el m\u00f3n. \u00c9s el comprom\u00eds ferm de fam\u00edlies i docents per regalar als nostres infants el b\u00e9 m\u00e9s preuat: la llibertat real d&#8217;escollir el seu propi futur.<\/p>\n","protected":false},"author":1,"featured_media":7740,"comment_status":"closed","ping_status":"open","sticky":false,"template":"","format":"standard","meta":{"_bbp_topic_count":0,"_bbp_reply_count":0,"_bbp_total_topic_count":0,"_bbp_total_reply_count":0,"_bbp_voice_count":0,"_bbp_anonymous_reply_count":0,"_bbp_topic_count_hidden":0,"_bbp_reply_count_hidden":0,"_bbp_forum_subforum_count":0,"site-sidebar-layout":"default","site-content-layout":"","ast-site-content-layout":"default","site-content-style":"default","site-sidebar-style":"default","ast-global-header-display":"","ast-banner-title-visibility":"","ast-main-header-display":"","ast-hfb-above-header-display":"","ast-hfb-below-header-display":"","ast-hfb-mobile-header-display":"","site-post-title":"","ast-breadcrumbs-content":"","ast-featured-img":"","footer-sml-layout":"","theme-transparent-header-meta":"","adv-header-id-meta":"","stick-header-meta":"","header-above-stick-meta":"","header-main-stick-meta":"","header-below-stick-meta":"","astra-migrate-meta-layouts":"set","ast-page-background-enabled":"default","ast-page-background-meta":{"desktop":{"background-color":"var(--ast-global-color-4)","background-image":"","background-repeat":"repeat","background-position":"center center","background-size":"auto","background-attachment":"scroll","background-type":"","background-media":"","overlay-type":"","overlay-color":"","overlay-opacity":"","overlay-gradient":""},"tablet":{"background-color":"","background-image":"","background-repeat":"repeat","background-position":"center center","background-size":"auto","background-attachment":"scroll","background-type":"","background-media":"","overlay-type":"","overlay-color":"","overlay-opacity":"","overlay-gradient":""},"mobile":{"background-color":"","background-image":"","background-repeat":"repeat","background-position":"center center","background-size":"auto","background-attachment":"scroll","background-type":"","background-media":"","overlay-type":"","overlay-color":"","overlay-opacity":"","overlay-gradient":""}},"ast-content-background-meta":{"desktop":{"background-color":"var(--ast-global-color-5)","background-image":"","background-repeat":"repeat","background-position":"center center","background-size":"auto","background-attachment":"scroll","background-type":"","background-media":"","overlay-type":"","overlay-color":"","overlay-opacity":"","overlay-gradient":""},"tablet":{"background-color":"var(--ast-global-color-5)","background-image":"","background-repeat":"repeat","background-position":"center center","background-size":"auto","background-attachment":"scroll","background-type":"","background-media":"","overlay-type":"","overlay-color":"","overlay-opacity":"","overlay-gradient":""},"mobile":{"background-color":"var(--ast-global-color-5)","background-image":"","background-repeat":"repeat","background-position":"center center","background-size":"auto","background-attachment":"scroll","background-type":"","background-media":"","overlay-type":"","overlay-color":"","overlay-opacity":"","overlay-gradient":""}},"footnotes":""},"categories":[15,5,1,27,44,4],"tags":[61,69,317,793,52,72],"class_list":["post-7738","post","type-post","status-publish","format-standard","has-post-thumbnail","hentry","category-cicle-superior","category-primaria","category-general","category-nivells","category-p5","category-portada","tag-5e","tag-cicle-superior","tag-coeducacio","tag-curs-25-26","tag-p5","tag-primaria"],"post_mailing_queue_ids":[],"_links":{"self":[{"href":"https:\/\/agora.xtec.cat\/ceipsantaeulalia-berga\/wp-json\/wp\/v2\/posts\/7738","targetHints":{"allow":["GET"]}}],"collection":[{"href":"https:\/\/agora.xtec.cat\/ceipsantaeulalia-berga\/wp-json\/wp\/v2\/posts"}],"about":[{"href":"https:\/\/agora.xtec.cat\/ceipsantaeulalia-berga\/wp-json\/wp\/v2\/types\/post"}],"author":[{"embeddable":true,"href":"https:\/\/agora.xtec.cat\/ceipsantaeulalia-berga\/wp-json\/wp\/v2\/users\/1"}],"replies":[{"embeddable":true,"href":"https:\/\/agora.xtec.cat\/ceipsantaeulalia-berga\/wp-json\/wp\/v2\/comments?post=7738"}],"version-history":[{"count":3,"href":"https:\/\/agora.xtec.cat\/ceipsantaeulalia-berga\/wp-json\/wp\/v2\/posts\/7738\/revisions"}],"predecessor-version":[{"id":7804,"href":"https:\/\/agora.xtec.cat\/ceipsantaeulalia-berga\/wp-json\/wp\/v2\/posts\/7738\/revisions\/7804"}],"wp:featuredmedia":[{"embeddable":true,"href":"https:\/\/agora.xtec.cat\/ceipsantaeulalia-berga\/wp-json\/wp\/v2\/media\/7740"}],"wp:attachment":[{"href":"https:\/\/agora.xtec.cat\/ceipsantaeulalia-berga\/wp-json\/wp\/v2\/media?parent=7738"}],"wp:term":[{"taxonomy":"category","embeddable":true,"href":"https:\/\/agora.xtec.cat\/ceipsantaeulalia-berga\/wp-json\/wp\/v2\/categories?post=7738"},{"taxonomy":"post_tag","embeddable":true,"href":"https:\/\/agora.xtec.cat\/ceipsantaeulalia-berga\/wp-json\/wp\/v2\/tags?post=7738"}],"curies":[{"name":"wp","href":"https:\/\/api.w.org\/{rel}","templated":true}]}}