{"id":7249,"date":"2025-02-24T14:31:00","date_gmt":"2025-02-24T13:31:00","guid":{"rendered":"https:\/\/agora.xtec.cat\/ceipsantaeulalia-berga\/?p=7249"},"modified":"2026-01-16T17:10:38","modified_gmt":"2026-01-16T16:10:38","slug":"la-dona-i-la-nena-en-la-ciencia","status":"publish","type":"post","link":"https:\/\/agora.xtec.cat\/ceipsantaeulalia-berga\/general\/la-dona-i-la-nena-en-la-ciencia\/","title":{"rendered":"La dona i la nena en la ci\u00e8ncia"},"content":{"rendered":"\n<p>Dins de la setmana de la dona i la nena en la ci\u00e8ncia, a l&#8217;escola hem tingut la sort de poder tornar a comptar amb la pres\u00e8ncia de la Rut Fad\u00f3, mare del Mag\u00ed i de la Rita. La Rut \u00e9s contractada  doctora del Deptartament de Ci\u00e8ncies Biom\u00e8diques de la Facultat de Medicina i Ci\u00e8ncies de la Salut de la Universitat Internacional de Catalunya i ens ha fet unes xerrades a I5, P2, P4 i P6 molt interessants sobre quin efectes t\u00e9 l&#8217;alimentaci\u00f3 en l&#8217;aprenentatge i la mem\u00f2ria.<\/p>\n\n\n\n<p>Moltes gr\u00e0cies Rut!<\/p>\n\n\n\n<figure class=\"wp-block-image aligncenter size-large is-resized\"><a href=\"https:\/\/drive.google.com\/drive\/folders\/1ZR5p-2J469dKLmFuIEP6WClYrFY5SMJc?usp=drive_link\" target=\"_blank\" rel=\"noreferrer noopener\"><img loading=\"lazy\" decoding=\"async\" width=\"1024\" height=\"1024\" src=\"https:\/\/agora.xtec.cat\/ceipsantaeulalia-berga\/wp-content\/uploads\/usu104\/2025\/03\/la-dona-i-la-nena-en-la-1024x1024.jpg\" alt=\"\" class=\"wp-image-7250\" style=\"width:367px;height:auto\" srcset=\"https:\/\/agora.xtec.cat\/ceipsantaeulalia-berga\/wp-content\/uploads\/usu104\/2025\/03\/la-dona-i-la-nena-en-la-1024x1024.jpg 1024w, https:\/\/agora.xtec.cat\/ceipsantaeulalia-berga\/wp-content\/uploads\/usu104\/2025\/03\/la-dona-i-la-nena-en-la-300x300.jpg 300w, https:\/\/agora.xtec.cat\/ceipsantaeulalia-berga\/wp-content\/uploads\/usu104\/2025\/03\/la-dona-i-la-nena-en-la-150x150.jpg 150w, https:\/\/agora.xtec.cat\/ceipsantaeulalia-berga\/wp-content\/uploads\/usu104\/2025\/03\/la-dona-i-la-nena-en-la-768x768.jpg 768w, https:\/\/agora.xtec.cat\/ceipsantaeulalia-berga\/wp-content\/uploads\/usu104\/2025\/03\/la-dona-i-la-nena-en-la.jpg 1080w\" sizes=\"auto, (max-width: 1024px) 100vw, 1024px\" \/><\/a><\/figure>\n","protected":false},"excerpt":{"rendered":"<p>Dins de la setmana de la dona i la nena en la ci\u00e8ncia, a l&#8217;escola hem tingut la sort de poder tornar a comptar amb la pres\u00e8ncia de la Rut Fad\u00f3, mare del Mag\u00ed i de la Rita. La Rut \u00e9s contractada doctora del Deptartament de Ci\u00e8ncies Biom\u00e8diques de la Facultat de Medicina i Ci\u00e8ncies [&hellip;]<\/p>\n","protected":false},"author":1,"featured_media":0,"comment_status":"closed","ping_status":"open","sticky":false,"template":"","format":"standard","meta":{"_bbp_topic_count":0,"_bbp_reply_count":0,"_bbp_total_topic_count":0,"_bbp_total_reply_count":0,"_bbp_voice_count":0,"_bbp_anonymous_reply_count":0,"_bbp_topic_count_hidden":0,"_bbp_reply_count_hidden":0,"_bbp_forum_subforum_count":0,"site-sidebar-layout":"default","site-content-layout":"","ast-site-content-layout":"","site-content-style":"default","site-sidebar-style":"default","ast-global-header-display":"","ast-banner-title-visibility":"","ast-main-header-display":"","ast-hfb-above-header-display":"","ast-hfb-below-header-display":"","ast-hfb-mobile-header-display":"","site-post-title":"","ast-breadcrumbs-content":"","ast-featured-img":"","footer-sml-layout":"","theme-transparent-header-meta":"","adv-header-id-meta":"","stick-header-meta":"","header-above-stick-meta":"","header-main-stick-meta":"","header-below-stick-meta":"","astra-migrate-meta-layouts":"default","ast-page-background-enabled":"default","ast-page-background-meta":{"desktop":{"background-color":"var(--ast-global-color-4)","background-image":"","background-repeat":"repeat","background-position":"center center","background-size":"auto","background-attachment":"scroll","background-type":"","background-media":"","overlay-type":"","overlay-color":"","overlay-opacity":"","overlay-gradient":""},"tablet":{"background-color":"","background-image":"","background-repeat":"repeat","background-position":"center center","background-size":"auto","background-attachment":"scroll","background-type":"","background-media":"","overlay-type":"","overlay-color":"","overlay-opacity":"","overlay-gradient":""},"mobile":{"background-color":"","background-image":"","background-repeat":"repeat","background-position":"center center","background-size":"auto","background-attachment":"scroll","background-type":"","background-media":"","overlay-type":"","overlay-color":"","overlay-opacity":"","overlay-gradient":""}},"ast-content-background-meta":{"desktop":{"background-color":"var(--ast-global-color-5)","background-image":"","background-repeat":"repeat","background-position":"center center","background-size":"auto","background-attachment":"scroll","background-type":"","background-media":"","overlay-type":"","overlay-color":"","overlay-opacity":"","overlay-gradient":""},"tablet":{"background-color":"var(--ast-global-color-5)","background-image":"","background-repeat":"repeat","background-position":"center center","background-size":"auto","background-attachment":"scroll","background-type":"","background-media":"","overlay-type":"","overlay-color":"","overlay-opacity":"","overlay-gradient":""},"mobile":{"background-color":"var(--ast-global-color-5)","background-image":"","background-repeat":"repeat","background-position":"center center","background-size":"auto","background-attachment":"scroll","background-type":"","background-media":"","overlay-type":"","overlay-color":"","overlay-opacity":"","overlay-gradient":""}},"footnotes":""},"categories":[11,13,15,2,5,1,37,27,39,41,43,4],"tags":[78,76,79,69,770,773,799,486,50,72],"class_list":["post-7249","post","type-post","status-publish","format-standard","hentry","category-cicle-inicial","category-cicle-mitja","category-cicle-superior","category-infantil","category-primaria","category-general","category-i5","category-nivells","category-p2","category-p4","category-p6","category-portada","tag-alimentacio","tag-cicle-inicial","tag-cicle-mitja","tag-cicle-superior","tag-curs-2024-2025","tag-curs-24-25","tag-dona-i-nena-en-la-ciencia","tag-educacio-infantil","tag-infantil","tag-primaria"],"post_mailing_queue_ids":[],"_links":{"self":[{"href":"https:\/\/agora.xtec.cat\/ceipsantaeulalia-berga\/wp-json\/wp\/v2\/posts\/7249","targetHints":{"allow":["GET"]}}],"collection":[{"href":"https:\/\/agora.xtec.cat\/ceipsantaeulalia-berga\/wp-json\/wp\/v2\/posts"}],"about":[{"href":"https:\/\/agora.xtec.cat\/ceipsantaeulalia-berga\/wp-json\/wp\/v2\/types\/post"}],"author":[{"embeddable":true,"href":"https:\/\/agora.xtec.cat\/ceipsantaeulalia-berga\/wp-json\/wp\/v2\/users\/1"}],"replies":[{"embeddable":true,"href":"https:\/\/agora.xtec.cat\/ceipsantaeulalia-berga\/wp-json\/wp\/v2\/comments?post=7249"}],"version-history":[{"count":1,"href":"https:\/\/agora.xtec.cat\/ceipsantaeulalia-berga\/wp-json\/wp\/v2\/posts\/7249\/revisions"}],"predecessor-version":[{"id":7251,"href":"https:\/\/agora.xtec.cat\/ceipsantaeulalia-berga\/wp-json\/wp\/v2\/posts\/7249\/revisions\/7251"}],"wp:attachment":[{"href":"https:\/\/agora.xtec.cat\/ceipsantaeulalia-berga\/wp-json\/wp\/v2\/media?parent=7249"}],"wp:term":[{"taxonomy":"category","embeddable":true,"href":"https:\/\/agora.xtec.cat\/ceipsantaeulalia-berga\/wp-json\/wp\/v2\/categories?post=7249"},{"taxonomy":"post_tag","embeddable":true,"href":"https:\/\/agora.xtec.cat\/ceipsantaeulalia-berga\/wp-json\/wp\/v2\/tags?post=7249"}],"curies":[{"name":"wp","href":"https:\/\/api.w.org\/{rel}","templated":true}]}}