{"id":4938,"date":"2021-05-25T17:10:53","date_gmt":"2021-05-25T15:10:53","guid":{"rendered":"https:\/\/agora.xtec.cat\/ceipsantaeulalia-berga\/?p=4938"},"modified":"2026-01-16T17:04:07","modified_gmt":"2026-01-16T16:04:07","slug":"malabars-nivell-avancat-alumnes-4t-a-i-b","status":"publish","type":"post","link":"https:\/\/agora.xtec.cat\/ceipsantaeulalia-berga\/portada\/malabars-nivell-avancat-alumnes-4t-a-i-b\/","title":{"rendered":"Malabars (nivell avan\u00e7at) alumnes 4t A i B"},"content":{"rendered":"<p style=\"text-align: justify;\">Aquesta tarda, i comptant amb la col\u00b7laboraci\u00f3 d&#8217;un referent del m\u00f3n del circ, el Jordi Torrabadella, hem pogut aprofundir amb la pr\u00e0ctica dels malabars, introduint-ne de nous, com ara:<\/p>\n<ul style=\"text-align: justify;\">\n<li>Slackline<\/li>\n<li>monocicle<\/li>\n<li>tela \u00e0erea<\/li>\n<li>pilotes malabars<\/li>\n<\/ul>\n<p style=\"text-align: justify;\">A banda dels materials ja coneguts i que hem tornat a practicar:<\/p>\n<ul style=\"text-align: justify;\">\n<li>Pal del diable<\/li>\n<li>Di\u00e0bolo<\/li>\n<li>Maces<\/li>\n<li>Plats xinesos<\/li>\n<li>Cercles<\/li>\n<\/ul>\n<p style=\"text-align: justify;\">En finalitzar la sessi\u00f3, el Jordi ens he deleitat amb un espectacle amb maces de foc que ens ha deixat a totes i tots ben bocabadats. Moltes gr\u00e0cies!<\/p>\n<p style=\"text-align: center;\"><a href=\"https:\/\/photos.app.goo.gl\/V6DMQdsEnArhUrKd7\" target=\"_blank\" rel=\"noopener noreferrer\"><img loading=\"lazy\" decoding=\"async\" class=\"alignnone size-full wp-image-4939\" src=\"https:\/\/agora.xtec.cat\/ceipsantaeulalia-berga\/wp-content\/uploads\/usu104\/2021\/05\/IMG_20210525_151140_opt.jpg\" alt=\"\" width=\"400\" height=\"300\" srcset=\"https:\/\/agora.xtec.cat\/ceipsantaeulalia-berga\/wp-content\/uploads\/usu104\/2021\/05\/IMG_20210525_151140_opt.jpg 400w, https:\/\/agora.xtec.cat\/ceipsantaeulalia-berga\/wp-content\/uploads\/usu104\/2021\/05\/IMG_20210525_151140_opt-300x225.jpg 300w, https:\/\/agora.xtec.cat\/ceipsantaeulalia-berga\/wp-content\/uploads\/usu104\/2021\/05\/IMG_20210525_151140_opt-200x150.jpg 200w\" sizes=\"auto, (max-width: 400px) 100vw, 400px\" \/><\/a><\/p>\n","protected":false},"excerpt":{"rendered":"<p>Aquesta tarda, i comptant amb la col\u00b7laboraci\u00f3 d&#8217;un referent del m\u00f3n del circ, el Jordi Torrabadella, hem pogut aprofundir amb la pr\u00e0ctica dels malabars, introduint-ne de nous, com ara: Slackline monocicle tela \u00e0erea pilotes malabars A banda dels materials ja coneguts i que hem tornat a practicar: Pal del diable Di\u00e0bolo Maces Plats xinesos Cercles [&hellip;]<\/p>\n","protected":false},"author":4,"featured_media":0,"comment_status":"closed","ping_status":"closed","sticky":false,"template":"","format":"standard","meta":{"_bbp_topic_count":0,"_bbp_reply_count":0,"_bbp_total_topic_count":0,"_bbp_total_reply_count":0,"_bbp_voice_count":0,"_bbp_anonymous_reply_count":0,"_bbp_topic_count_hidden":0,"_bbp_reply_count_hidden":0,"_bbp_forum_subforum_count":0,"site-sidebar-layout":"default","site-content-layout":"","ast-site-content-layout":"","site-content-style":"default","site-sidebar-style":"default","ast-global-header-display":"","ast-banner-title-visibility":"","ast-main-header-display":"","ast-hfb-above-header-display":"","ast-hfb-below-header-display":"","ast-hfb-mobile-header-display":"","site-post-title":"","ast-breadcrumbs-content":"","ast-featured-img":"","footer-sml-layout":"","theme-transparent-header-meta":"","adv-header-id-meta":"","stick-header-meta":"","header-above-stick-meta":"","header-main-stick-meta":"","header-below-stick-meta":"","astra-migrate-meta-layouts":"default","ast-page-background-enabled":"default","ast-page-background-meta":{"desktop":{"background-color":"var(--ast-global-color-4)","background-image":"","background-repeat":"repeat","background-position":"center center","background-size":"auto","background-attachment":"scroll","background-type":"","background-media":"","overlay-type":"","overlay-color":"","overlay-opacity":"","overlay-gradient":""},"tablet":{"background-color":"","background-image":"","background-repeat":"repeat","background-position":"center center","background-size":"auto","background-attachment":"scroll","background-type":"","background-media":"","overlay-type":"","overlay-color":"","overlay-opacity":"","overlay-gradient":""},"mobile":{"background-color":"","background-image":"","background-repeat":"repeat","background-position":"center center","background-size":"auto","background-attachment":"scroll","background-type":"","background-media":"","overlay-type":"","overlay-color":"","overlay-opacity":"","overlay-gradient":""}},"ast-content-background-meta":{"desktop":{"background-color":"var(--ast-global-color-5)","background-image":"","background-repeat":"repeat","background-position":"center center","background-size":"auto","background-attachment":"scroll","background-type":"","background-media":"","overlay-type":"","overlay-color":"","overlay-opacity":"","overlay-gradient":""},"tablet":{"background-color":"var(--ast-global-color-5)","background-image":"","background-repeat":"repeat","background-position":"center center","background-size":"auto","background-attachment":"scroll","background-type":"","background-media":"","overlay-type":"","overlay-color":"","overlay-opacity":"","overlay-gradient":""},"mobile":{"background-color":"var(--ast-global-color-5)","background-image":"","background-repeat":"repeat","background-position":"center center","background-size":"auto","background-attachment":"scroll","background-type":"","background-media":"","overlay-type":"","overlay-color":"","overlay-opacity":"","overlay-gradient":""}},"footnotes":""},"categories":[13,22,5,21,41,4],"tags":[60,79,401,563,68,400,593],"class_list":["post-4938","post","type-post","status-publish","format-standard","hentry","category-cicle-mitja","category-educacio-fisica","category-primaria","category-especialitats","category-p4","category-portada","tag-4t","tag-cicle-mitja","tag-circ","tag-curs-2020-2021","tag-ed-fisica","tag-malabars","tag-referent"],"post_mailing_queue_ids":[],"_links":{"self":[{"href":"https:\/\/agora.xtec.cat\/ceipsantaeulalia-berga\/wp-json\/wp\/v2\/posts\/4938","targetHints":{"allow":["GET"]}}],"collection":[{"href":"https:\/\/agora.xtec.cat\/ceipsantaeulalia-berga\/wp-json\/wp\/v2\/posts"}],"about":[{"href":"https:\/\/agora.xtec.cat\/ceipsantaeulalia-berga\/wp-json\/wp\/v2\/types\/post"}],"author":[{"embeddable":true,"href":"https:\/\/agora.xtec.cat\/ceipsantaeulalia-berga\/wp-json\/wp\/v2\/users\/4"}],"replies":[{"embeddable":true,"href":"https:\/\/agora.xtec.cat\/ceipsantaeulalia-berga\/wp-json\/wp\/v2\/comments?post=4938"}],"version-history":[{"count":1,"href":"https:\/\/agora.xtec.cat\/ceipsantaeulalia-berga\/wp-json\/wp\/v2\/posts\/4938\/revisions"}],"predecessor-version":[{"id":4940,"href":"https:\/\/agora.xtec.cat\/ceipsantaeulalia-berga\/wp-json\/wp\/v2\/posts\/4938\/revisions\/4940"}],"wp:attachment":[{"href":"https:\/\/agora.xtec.cat\/ceipsantaeulalia-berga\/wp-json\/wp\/v2\/media?parent=4938"}],"wp:term":[{"taxonomy":"category","embeddable":true,"href":"https:\/\/agora.xtec.cat\/ceipsantaeulalia-berga\/wp-json\/wp\/v2\/categories?post=4938"},{"taxonomy":"post_tag","embeddable":true,"href":"https:\/\/agora.xtec.cat\/ceipsantaeulalia-berga\/wp-json\/wp\/v2\/tags?post=4938"}],"curies":[{"name":"wp","href":"https:\/\/api.w.org\/{rel}","templated":true}]}}