{"id":3654,"date":"2019-03-06T13:25:29","date_gmt":"2019-03-06T12:25:29","guid":{"rendered":"http:\/\/agora.xtec.cat\/ceipsantaeulalia-berga\/?p=3654"},"modified":"2026-01-16T17:00:43","modified_gmt":"2026-01-16T16:00:43","slug":"3a-sessio-esqui-de-fons-aransa-cicle-mitja","status":"publish","type":"post","link":"https:\/\/agora.xtec.cat\/ceipsantaeulalia-berga\/portada\/3a-sessio-esqui-de-fons-aransa-cicle-mitja\/","title":{"rendered":"3a sessi\u00f3 esqu\u00ed de fons Aransa (Cicle Mitj\u00e0)"},"content":{"rendered":"<p style=\"text-align: justify;\">Dimarts 5 de mar\u00e7, els alumnes de cicle mitj\u00e0 que participen al programa &#8220;Esport Blanc Escolar&#8221; van realitzar la darrera de les sessions d&#8217;esqu\u00ed n\u00f2rdic a l&#8217;estaci\u00f3 d&#8217;Aransa. Amb un dia assolellat ,per\u00f2 amb una neu ja molt justeta, van poder fer el curset d&#8217;esqu\u00ed durant 2 hores i van realitzar tamb\u00e9 un mini circuit d&#8217;orientaci\u00f3 pel bosc proper a l&#8217;estaci\u00f3 i copsar quines esp\u00e8cies animals s&#8217;hi poden trobar. Des de l&#8217;escola, volem agrair la tasca de la Cristina Saiz, t\u00e8cnica esportiva del Consell Esportiu del Bergued\u00e0, que va ser l&#8217;encarregada d&#8217;aquesta activitat de coneixement de l&#8217;entorn i que va resultar molt interessant per als alumnes.<\/p>\n<p><a href=\"https:\/\/photos.google.com\/u\/1\/share\/AF1QipMBo1py9Zh7hdxLHCnxzV9lP2JStMMWnuxc4BC0E1WAUhjM8CsB77VeNcItesFIag?key=VkJqUDRPSUl4V3pneE8xcXlZeTRaU0VHR1dPTjFn\" target=\"_blank\" rel=\"noopener\"><img loading=\"lazy\" decoding=\"async\" class=\"size-full wp-image-3655 aligncenter\" src=\"https:\/\/agora.xtec.cat\/ceipsantaeulalia-berga\/wp-content\/uploads\/usu104\/2019\/03\/IMG_20190305_111800_opt.jpg\" alt=\"\" width=\"400\" height=\"300\" srcset=\"https:\/\/agora.xtec.cat\/ceipsantaeulalia-berga\/wp-content\/uploads\/usu104\/2019\/03\/IMG_20190305_111800_opt.jpg 400w, https:\/\/agora.xtec.cat\/ceipsantaeulalia-berga\/wp-content\/uploads\/usu104\/2019\/03\/IMG_20190305_111800_opt-300x225.jpg 300w, https:\/\/agora.xtec.cat\/ceipsantaeulalia-berga\/wp-content\/uploads\/usu104\/2019\/03\/IMG_20190305_111800_opt-200x150.jpg 200w\" sizes=\"auto, (max-width: 400px) 100vw, 400px\" \/><\/a><\/p>\n","protected":false},"excerpt":{"rendered":"<p>Dimarts 5 de mar\u00e7, els alumnes de cicle mitj\u00e0 que participen al programa &#8220;Esport Blanc Escolar&#8221; van realitzar la darrera de les sessions d&#8217;esqu\u00ed n\u00f2rdic a l&#8217;estaci\u00f3 d&#8217;Aransa. Amb un dia assolellat ,per\u00f2 amb una neu ja molt justeta, van poder fer el curset d&#8217;esqu\u00ed durant 2 hores i van realitzar tamb\u00e9 un mini circuit [&hellip;]<\/p>\n","protected":false},"author":4,"featured_media":0,"comment_status":"closed","ping_status":"closed","sticky":false,"template":"","format":"standard","meta":{"_bbp_topic_count":0,"_bbp_reply_count":0,"_bbp_total_topic_count":0,"_bbp_total_reply_count":0,"_bbp_voice_count":0,"_bbp_anonymous_reply_count":0,"_bbp_topic_count_hidden":0,"_bbp_reply_count_hidden":0,"_bbp_forum_subforum_count":0,"site-sidebar-layout":"default","site-content-layout":"","ast-site-content-layout":"","site-content-style":"default","site-sidebar-style":"default","ast-global-header-display":"","ast-banner-title-visibility":"","ast-main-header-display":"","ast-hfb-above-header-display":"","ast-hfb-below-header-display":"","ast-hfb-mobile-header-display":"","site-post-title":"","ast-breadcrumbs-content":"","ast-featured-img":"","footer-sml-layout":"","theme-transparent-header-meta":"","adv-header-id-meta":"","stick-header-meta":"","header-above-stick-meta":"","header-main-stick-meta":"","header-below-stick-meta":"","astra-migrate-meta-layouts":"default","ast-page-background-enabled":"default","ast-page-background-meta":{"desktop":{"background-color":"var(--ast-global-color-4)","background-image":"","background-repeat":"repeat","background-position":"center center","background-size":"auto","background-attachment":"scroll","background-type":"","background-media":"","overlay-type":"","overlay-color":"","overlay-opacity":"","overlay-gradient":""},"tablet":{"background-color":"","background-image":"","background-repeat":"repeat","background-position":"center center","background-size":"auto","background-attachment":"scroll","background-type":"","background-media":"","overlay-type":"","overlay-color":"","overlay-opacity":"","overlay-gradient":""},"mobile":{"background-color":"","background-image":"","background-repeat":"repeat","background-position":"center center","background-size":"auto","background-attachment":"scroll","background-type":"","background-media":"","overlay-type":"","overlay-color":"","overlay-opacity":"","overlay-gradient":""}},"ast-content-background-meta":{"desktop":{"background-color":"var(--ast-global-color-5)","background-image":"","background-repeat":"repeat","background-position":"center center","background-size":"auto","background-attachment":"scroll","background-type":"","background-media":"","overlay-type":"","overlay-color":"","overlay-opacity":"","overlay-gradient":""},"tablet":{"background-color":"var(--ast-global-color-5)","background-image":"","background-repeat":"repeat","background-position":"center center","background-size":"auto","background-attachment":"scroll","background-type":"","background-media":"","overlay-type":"","overlay-color":"","overlay-opacity":"","overlay-gradient":""},"mobile":{"background-color":"var(--ast-global-color-5)","background-image":"","background-repeat":"repeat","background-position":"center center","background-size":"auto","background-attachment":"scroll","background-type":"","background-media":"","overlay-type":"","overlay-color":"","overlay-opacity":"","overlay-gradient":""}},"footnotes":""},"categories":[13,22,5,40,41,4],"tags":[82,60,464,79,475,424,68,179,474,146],"class_list":["post-3654","post","type-post","status-publish","format-standard","hentry","category-cicle-mitja","category-educacio-fisica","category-primaria","category-p3","category-p4","category-portada","tag-3r","tag-4t","tag-aransa","tag-cicle-mitja","tag-coneixement-del-medi","tag-curs-2018-2019","tag-ed-fisica","tag-esport-blanc-escolar","tag-esqui-nordic","tag-orientacio"],"post_mailing_queue_ids":[],"_links":{"self":[{"href":"https:\/\/agora.xtec.cat\/ceipsantaeulalia-berga\/wp-json\/wp\/v2\/posts\/3654","targetHints":{"allow":["GET"]}}],"collection":[{"href":"https:\/\/agora.xtec.cat\/ceipsantaeulalia-berga\/wp-json\/wp\/v2\/posts"}],"about":[{"href":"https:\/\/agora.xtec.cat\/ceipsantaeulalia-berga\/wp-json\/wp\/v2\/types\/post"}],"author":[{"embeddable":true,"href":"https:\/\/agora.xtec.cat\/ceipsantaeulalia-berga\/wp-json\/wp\/v2\/users\/4"}],"replies":[{"embeddable":true,"href":"https:\/\/agora.xtec.cat\/ceipsantaeulalia-berga\/wp-json\/wp\/v2\/comments?post=3654"}],"version-history":[{"count":1,"href":"https:\/\/agora.xtec.cat\/ceipsantaeulalia-berga\/wp-json\/wp\/v2\/posts\/3654\/revisions"}],"predecessor-version":[{"id":3656,"href":"https:\/\/agora.xtec.cat\/ceipsantaeulalia-berga\/wp-json\/wp\/v2\/posts\/3654\/revisions\/3656"}],"wp:attachment":[{"href":"https:\/\/agora.xtec.cat\/ceipsantaeulalia-berga\/wp-json\/wp\/v2\/media?parent=3654"}],"wp:term":[{"taxonomy":"category","embeddable":true,"href":"https:\/\/agora.xtec.cat\/ceipsantaeulalia-berga\/wp-json\/wp\/v2\/categories?post=3654"},{"taxonomy":"post_tag","embeddable":true,"href":"https:\/\/agora.xtec.cat\/ceipsantaeulalia-berga\/wp-json\/wp\/v2\/tags?post=3654"}],"curies":[{"name":"wp","href":"https:\/\/api.w.org\/{rel}","templated":true}]}}