{"id":3640,"date":"2019-03-01T11:15:58","date_gmt":"2019-03-01T10:15:58","guid":{"rendered":"http:\/\/agora.xtec.cat\/ceipsantaeulalia-berga\/?p=3640"},"modified":"2026-01-16T17:00:43","modified_gmt":"2026-01-16T16:00:43","slug":"2a-sessio-esqui-fons-lles-i-aransa-cm","status":"publish","type":"post","link":"https:\/\/agora.xtec.cat\/ceipsantaeulalia-berga\/portada\/2a-sessio-esqui-fons-lles-i-aransa-cm\/","title":{"rendered":"2a sessi\u00f3 esqu\u00ed fons Lles i Aransa (CM)"},"content":{"rendered":"<p style=\"text-align: justify;\">Dijous 28 de febrer, els alumnes de cicle mitj\u00e0 van realitzar la segona sessi\u00f3 d&#8217;esqu\u00ed de fons a les estacions de Lles de Cerdanya i Aransa. Malgrat la poca neu, arran de les altes temperatures de les darreres setmanes, van poder tirar endavant l&#8217;activitat amb normalitat i gaudir d&#8217;un dia espl\u00e8ndid.<\/p>\n<p style=\"text-align: justify;\">A continuaci\u00f3 podeu veure un recull d&#8217;imatges i v\u00eddeos de la jornada.<\/p>\n<p><a href=\"https:\/\/photos.google.com\/share\/AF1QipNHGYR5pFBGhNojLIHEWBc4gSe372YnYoek8IlGIXD8XIfMD_ZUP40zwLp84elR3w?key=X1N6WjA3UkhsSG1WRHpQNVRYVTFYbm9iU0N1aXJn\" target=\"_blank\" rel=\"noopener\"><img loading=\"lazy\" decoding=\"async\" class=\"size-full wp-image-3641 aligncenter\" src=\"https:\/\/agora.xtec.cat\/ceipsantaeulalia-berga\/wp-content\/uploads\/usu104\/2019\/03\/IMG_20190228_132128_opt.jpg\" alt=\"\" width=\"400\" height=\"300\" srcset=\"https:\/\/agora.xtec.cat\/ceipsantaeulalia-berga\/wp-content\/uploads\/usu104\/2019\/03\/IMG_20190228_132128_opt.jpg 400w, https:\/\/agora.xtec.cat\/ceipsantaeulalia-berga\/wp-content\/uploads\/usu104\/2019\/03\/IMG_20190228_132128_opt-300x225.jpg 300w, https:\/\/agora.xtec.cat\/ceipsantaeulalia-berga\/wp-content\/uploads\/usu104\/2019\/03\/IMG_20190228_132128_opt-200x150.jpg 200w\" sizes=\"auto, (max-width: 400px) 100vw, 400px\" \/><\/a><\/p>\n","protected":false},"excerpt":{"rendered":"<p>Dijous 28 de febrer, els alumnes de cicle mitj\u00e0 van realitzar la segona sessi\u00f3 d&#8217;esqu\u00ed de fons a les estacions de Lles de Cerdanya i Aransa. Malgrat la poca neu, arran de les altes temperatures de les darreres setmanes, van poder tirar endavant l&#8217;activitat amb normalitat i gaudir d&#8217;un dia espl\u00e8ndid. A continuaci\u00f3 podeu veure [&hellip;]<\/p>\n","protected":false},"author":4,"featured_media":0,"comment_status":"closed","ping_status":"closed","sticky":false,"template":"","format":"standard","meta":{"_bbp_topic_count":0,"_bbp_reply_count":0,"_bbp_total_topic_count":0,"_bbp_total_reply_count":0,"_bbp_voice_count":0,"_bbp_anonymous_reply_count":0,"_bbp_topic_count_hidden":0,"_bbp_reply_count_hidden":0,"_bbp_forum_subforum_count":0,"site-sidebar-layout":"default","site-content-layout":"","ast-site-content-layout":"","site-content-style":"default","site-sidebar-style":"default","ast-global-header-display":"","ast-banner-title-visibility":"","ast-main-header-display":"","ast-hfb-above-header-display":"","ast-hfb-below-header-display":"","ast-hfb-mobile-header-display":"","site-post-title":"","ast-breadcrumbs-content":"","ast-featured-img":"","footer-sml-layout":"","theme-transparent-header-meta":"","adv-header-id-meta":"","stick-header-meta":"","header-above-stick-meta":"","header-main-stick-meta":"","header-below-stick-meta":"","astra-migrate-meta-layouts":"default","ast-page-background-enabled":"default","ast-page-background-meta":{"desktop":{"background-color":"var(--ast-global-color-4)","background-image":"","background-repeat":"repeat","background-position":"center center","background-size":"auto","background-attachment":"scroll","background-type":"","background-media":"","overlay-type":"","overlay-color":"","overlay-opacity":"","overlay-gradient":""},"tablet":{"background-color":"","background-image":"","background-repeat":"repeat","background-position":"center center","background-size":"auto","background-attachment":"scroll","background-type":"","background-media":"","overlay-type":"","overlay-color":"","overlay-opacity":"","overlay-gradient":""},"mobile":{"background-color":"","background-image":"","background-repeat":"repeat","background-position":"center center","background-size":"auto","background-attachment":"scroll","background-type":"","background-media":"","overlay-type":"","overlay-color":"","overlay-opacity":"","overlay-gradient":""}},"ast-content-background-meta":{"desktop":{"background-color":"var(--ast-global-color-5)","background-image":"","background-repeat":"repeat","background-position":"center center","background-size":"auto","background-attachment":"scroll","background-type":"","background-media":"","overlay-type":"","overlay-color":"","overlay-opacity":"","overlay-gradient":""},"tablet":{"background-color":"var(--ast-global-color-5)","background-image":"","background-repeat":"repeat","background-position":"center center","background-size":"auto","background-attachment":"scroll","background-type":"","background-media":"","overlay-type":"","overlay-color":"","overlay-opacity":"","overlay-gradient":""},"mobile":{"background-color":"var(--ast-global-color-5)","background-image":"","background-repeat":"repeat","background-position":"center center","background-size":"auto","background-attachment":"scroll","background-type":"","background-media":"","overlay-type":"","overlay-color":"","overlay-opacity":"","overlay-gradient":""}},"footnotes":""},"categories":[13,22,5,21,40,41,4],"tags":[82,60,464,79,424,179,322,323],"class_list":["post-3640","post","type-post","status-publish","format-standard","hentry","category-cicle-mitja","category-educacio-fisica","category-primaria","category-especialitats","category-p3","category-p4","category-portada","tag-3r","tag-4t","tag-aransa","tag-cicle-mitja","tag-curs-2018-2019","tag-esport-blanc-escolar","tag-esqui-de-fons","tag-lles-de-cerdanya"],"post_mailing_queue_ids":[],"_links":{"self":[{"href":"https:\/\/agora.xtec.cat\/ceipsantaeulalia-berga\/wp-json\/wp\/v2\/posts\/3640","targetHints":{"allow":["GET"]}}],"collection":[{"href":"https:\/\/agora.xtec.cat\/ceipsantaeulalia-berga\/wp-json\/wp\/v2\/posts"}],"about":[{"href":"https:\/\/agora.xtec.cat\/ceipsantaeulalia-berga\/wp-json\/wp\/v2\/types\/post"}],"author":[{"embeddable":true,"href":"https:\/\/agora.xtec.cat\/ceipsantaeulalia-berga\/wp-json\/wp\/v2\/users\/4"}],"replies":[{"embeddable":true,"href":"https:\/\/agora.xtec.cat\/ceipsantaeulalia-berga\/wp-json\/wp\/v2\/comments?post=3640"}],"version-history":[{"count":1,"href":"https:\/\/agora.xtec.cat\/ceipsantaeulalia-berga\/wp-json\/wp\/v2\/posts\/3640\/revisions"}],"predecessor-version":[{"id":3642,"href":"https:\/\/agora.xtec.cat\/ceipsantaeulalia-berga\/wp-json\/wp\/v2\/posts\/3640\/revisions\/3642"}],"wp:attachment":[{"href":"https:\/\/agora.xtec.cat\/ceipsantaeulalia-berga\/wp-json\/wp\/v2\/media?parent=3640"}],"wp:term":[{"taxonomy":"category","embeddable":true,"href":"https:\/\/agora.xtec.cat\/ceipsantaeulalia-berga\/wp-json\/wp\/v2\/categories?post=3640"},{"taxonomy":"post_tag","embeddable":true,"href":"https:\/\/agora.xtec.cat\/ceipsantaeulalia-berga\/wp-json\/wp\/v2\/tags?post=3640"}],"curies":[{"name":"wp","href":"https:\/\/api.w.org\/{rel}","templated":true}]}}