{"id":3526,"date":"2018-12-20T13:02:34","date_gmt":"2018-12-20T12:02:34","guid":{"rendered":"http:\/\/agora.xtec.cat\/ceipsantaeulalia-berga\/?p=3526"},"modified":"2026-01-16T17:00:24","modified_gmt":"2026-01-16T16:00:24","slug":"cantada-de-nadales-a-la-residencia-lonada","status":"publish","type":"post","link":"https:\/\/agora.xtec.cat\/ceipsantaeulalia-berga\/portada\/cantada-de-nadales-a-la-residencia-lonada\/","title":{"rendered":"Cantada de nadales a la resid\u00e8ncia l&#8217;Onada"},"content":{"rendered":"<p style=\"text-align: justify;\">Les alumnes i els alumnes de cicle superior han anat a la resid\u00e8ncia l&#8217;Onada a cantar nadales per als avis i \u00e0vies. Cada curs ha cantat 4 nadales i al final, tots plegats, alumnes, avis i \u00e0vies han cantat la nadala del &#8220;25 de desembre&#8221; i ha estat una experi\u00e8ncia molt engrescadora per a totes i tots. A m\u00e9s, des de la resid\u00e8ncia s&#8217;ha ofert als alumnes un petit refrigeri.<\/p>\n<p><a href=\"https:\/\/photos.google.com\/u\/1\/share\/AF1QipPdphJ4wzHv3CfWN3lDn1Vz71KJPQkGt7iEj-o7Ax4sHopDnaZk-0UC4Lcw5LR37Q?key=dGktVHdFR0ZYbzJGSm4wYnRFOGY1dG92NVZxX0x3\" target=\"_blank\" rel=\"noopener\"><img loading=\"lazy\" decoding=\"async\" class=\"size-full wp-image-3527\" src=\"https:\/\/agora.xtec.cat\/ceipsantaeulalia-berga\/wp-content\/uploads\/usu104\/2018\/12\/IMG_20181220_115304_opt.jpg\" alt=\"\" width=\"400\" height=\"225\" srcset=\"https:\/\/agora.xtec.cat\/ceipsantaeulalia-berga\/wp-content\/uploads\/usu104\/2018\/12\/IMG_20181220_115304_opt.jpg 400w, https:\/\/agora.xtec.cat\/ceipsantaeulalia-berga\/wp-content\/uploads\/usu104\/2018\/12\/IMG_20181220_115304_opt-300x169.jpg 300w\" sizes=\"auto, (max-width: 400px) 100vw, 400px\" \/><\/a><\/p>\n<p>&nbsp;<\/p>\n","protected":false},"excerpt":{"rendered":"<p>Les alumnes i els alumnes de cicle superior han anat a la resid\u00e8ncia l&#8217;Onada a cantar nadales per als avis i \u00e0vies. Cada curs ha cantat 4 nadales i al final, tots plegats, alumnes, avis i \u00e0vies han cantat la nadala del &#8220;25 de desembre&#8221; i ha estat una experi\u00e8ncia molt engrescadora per a totes [&hellip;]<\/p>\n","protected":false},"author":7,"featured_media":0,"comment_status":"closed","ping_status":"closed","sticky":false,"template":"","format":"standard","meta":{"_bbp_topic_count":0,"_bbp_reply_count":0,"_bbp_total_topic_count":0,"_bbp_total_reply_count":0,"_bbp_voice_count":0,"_bbp_anonymous_reply_count":0,"_bbp_topic_count_hidden":0,"_bbp_reply_count_hidden":0,"_bbp_forum_subforum_count":0,"site-sidebar-layout":"default","site-content-layout":"","ast-site-content-layout":"","site-content-style":"default","site-sidebar-style":"default","ast-global-header-display":"","ast-banner-title-visibility":"","ast-main-header-display":"","ast-hfb-above-header-display":"","ast-hfb-below-header-display":"","ast-hfb-mobile-header-display":"","site-post-title":"","ast-breadcrumbs-content":"","ast-featured-img":"","footer-sml-layout":"","theme-transparent-header-meta":"","adv-header-id-meta":"","stick-header-meta":"","header-above-stick-meta":"","header-main-stick-meta":"","header-below-stick-meta":"","astra-migrate-meta-layouts":"default","ast-page-background-enabled":"default","ast-page-background-meta":{"desktop":{"background-color":"var(--ast-global-color-4)","background-image":"","background-repeat":"repeat","background-position":"center center","background-size":"auto","background-attachment":"scroll","background-type":"","background-media":"","overlay-type":"","overlay-color":"","overlay-opacity":"","overlay-gradient":""},"tablet":{"background-color":"","background-image":"","background-repeat":"repeat","background-position":"center center","background-size":"auto","background-attachment":"scroll","background-type":"","background-media":"","overlay-type":"","overlay-color":"","overlay-opacity":"","overlay-gradient":""},"mobile":{"background-color":"","background-image":"","background-repeat":"repeat","background-position":"center center","background-size":"auto","background-attachment":"scroll","background-type":"","background-media":"","overlay-type":"","overlay-color":"","overlay-opacity":"","overlay-gradient":""}},"ast-content-background-meta":{"desktop":{"background-color":"var(--ast-global-color-5)","background-image":"","background-repeat":"repeat","background-position":"center center","background-size":"auto","background-attachment":"scroll","background-type":"","background-media":"","overlay-type":"","overlay-color":"","overlay-opacity":"","overlay-gradient":""},"tablet":{"background-color":"var(--ast-global-color-5)","background-image":"","background-repeat":"repeat","background-position":"center center","background-size":"auto","background-attachment":"scroll","background-type":"","background-media":"","overlay-type":"","overlay-color":"","overlay-opacity":"","overlay-gradient":""},"mobile":{"background-color":"var(--ast-global-color-5)","background-image":"","background-repeat":"repeat","background-position":"center center","background-size":"auto","background-attachment":"scroll","background-type":"","background-media":"","overlay-type":"","overlay-color":"","overlay-opacity":"","overlay-gradient":""}},"footnotes":""},"categories":[15,5,28,24,29,44,43,4],"tags":[454,452,424,155,453,59,451],"class_list":["post-3526","post","type-post","status-publish","format-standard","hentry","category-cicle-superior","category-primaria","category-festes","category-musica","category-nadal","category-p5","category-p6","category-portada","tag-alumnes-i-avis","tag-cantem","tag-curs-2018-2019","tag-festes","tag-lonada","tag-nadal","tag-nadales"],"post_mailing_queue_ids":[],"_links":{"self":[{"href":"https:\/\/agora.xtec.cat\/ceipsantaeulalia-berga\/wp-json\/wp\/v2\/posts\/3526","targetHints":{"allow":["GET"]}}],"collection":[{"href":"https:\/\/agora.xtec.cat\/ceipsantaeulalia-berga\/wp-json\/wp\/v2\/posts"}],"about":[{"href":"https:\/\/agora.xtec.cat\/ceipsantaeulalia-berga\/wp-json\/wp\/v2\/types\/post"}],"author":[{"embeddable":true,"href":"https:\/\/agora.xtec.cat\/ceipsantaeulalia-berga\/wp-json\/wp\/v2\/users\/7"}],"replies":[{"embeddable":true,"href":"https:\/\/agora.xtec.cat\/ceipsantaeulalia-berga\/wp-json\/wp\/v2\/comments?post=3526"}],"version-history":[{"count":1,"href":"https:\/\/agora.xtec.cat\/ceipsantaeulalia-berga\/wp-json\/wp\/v2\/posts\/3526\/revisions"}],"predecessor-version":[{"id":3528,"href":"https:\/\/agora.xtec.cat\/ceipsantaeulalia-berga\/wp-json\/wp\/v2\/posts\/3526\/revisions\/3528"}],"wp:attachment":[{"href":"https:\/\/agora.xtec.cat\/ceipsantaeulalia-berga\/wp-json\/wp\/v2\/media?parent=3526"}],"wp:term":[{"taxonomy":"category","embeddable":true,"href":"https:\/\/agora.xtec.cat\/ceipsantaeulalia-berga\/wp-json\/wp\/v2\/categories?post=3526"},{"taxonomy":"post_tag","embeddable":true,"href":"https:\/\/agora.xtec.cat\/ceipsantaeulalia-berga\/wp-json\/wp\/v2\/tags?post=3526"}],"curies":[{"name":"wp","href":"https:\/\/api.w.org\/{rel}","templated":true}]}}