{"id":2576,"date":"2017-11-24T11:18:31","date_gmt":"2017-11-24T10:18:31","guid":{"rendered":"http:\/\/agora.xtec.cat\/ceipsantaeulalia-berga\/?p=2576"},"modified":"2026-01-16T16:57:52","modified_gmt":"2026-01-16T15:57:52","slug":"noticiari-de-cicle-superior-5e-b-la-castanyada","status":"publish","type":"post","link":"https:\/\/agora.xtec.cat\/ceipsantaeulalia-berga\/portada\/noticiari-de-cicle-superior-5e-b-la-castanyada\/","title":{"rendered":"Noticiari de Cicle Superior 5\u00e8 B (La Castanyada)"},"content":{"rendered":"<h1 style=\"text-align: center;\">LA CASTANYADA A L\u2019ESCOLA<\/h1>\n<p style=\"text-align: center;\"><strong>\u00a0<\/strong><\/p>\n<p style=\"text-align: justify;\">El dia 31 d\u2019Octubre es va celebrar la castanyada a l\u2019escola Sta. Eul\u00e0lia de Berga perqu\u00e8 \u00e9s una tradici\u00f3 a Catalunya.<\/p>\n<p style=\"text-align: justify;\">Al mat\u00ed els alumnes de sis\u00e8 van anar a explicar contes a Educaci\u00f3 Infantil. Els nens\/nenes de segon van anar a explicar als alumnes de primer que el curs passat van guanyar un prem\u00ed en un concurs de \u201cUna m\u00e0 de Contes\u201d i els de tercer van fer el mateix amb els nens i nenes de quart i cinqu\u00e8.<\/p>\n<p style=\"text-align: justify;\">Llavors van anar al teatre i els protagonistes de P5 van fer l\u2019obra\u00a0 \u201cBenvinguda Tardor\u201d. Va agradar molt a tothom.<\/p>\n<p style=\"text-align: justify;\">A la tarda tots van fer les paperines i van baixar al pati a menjar castanyes que repartien les castanyeres, van jugar una mica i van marxar cap casa molt contents.<\/p>\n<p style=\"text-align: justify;\">L\u2019organitzaci\u00f3 de la festa va anar a c\u00e0rrec de l\u2019AMPA de l\u2019escola.<\/p>\n<p style=\"text-align: justify;\"><a href=\"http:\/\/agora.xtec.cat\/ceipsantaeulalia-berga\/wp-content\/uploads\/usu104\/2017\/11\/castanyada-3.jpg\"><img loading=\"lazy\" decoding=\"async\" class=\"wp-image-2577 aligncenter\" src=\"http:\/\/agora.xtec.cat\/ceipsantaeulalia-berga\/wp-content\/uploads\/usu104\/2017\/11\/castanyada-3-1024x720.jpg\" alt=\"\" width=\"488\" height=\"343\" srcset=\"https:\/\/agora.xtec.cat\/ceipsantaeulalia-berga\/wp-content\/uploads\/usu104\/2017\/11\/castanyada-3-1024x720.jpg 1024w, https:\/\/agora.xtec.cat\/ceipsantaeulalia-berga\/wp-content\/uploads\/usu104\/2017\/11\/castanyada-3-300x211.jpg 300w, https:\/\/agora.xtec.cat\/ceipsantaeulalia-berga\/wp-content\/uploads\/usu104\/2017\/11\/castanyada-3-768x540.jpg 768w, https:\/\/agora.xtec.cat\/ceipsantaeulalia-berga\/wp-content\/uploads\/usu104\/2017\/11\/castanyada-3.jpg 1153w\" sizes=\"auto, (max-width: 488px) 100vw, 488px\" \/><\/a><\/p>\n<p style=\"text-align: center;\"><strong><em>Les castanyeres repartint les castanyes als nens i nenes de l\u2019escola<\/em><\/strong><\/p>\n","protected":false},"excerpt":{"rendered":"<p>LA CASTANYADA A L\u2019ESCOLA \u00a0 El dia 31 d\u2019Octubre es va celebrar la castanyada a l\u2019escola Sta. Eul\u00e0lia de Berga perqu\u00e8 \u00e9s una tradici\u00f3 a Catalunya. Al mat\u00ed els alumnes de sis\u00e8 van anar a explicar contes a Educaci\u00f3 Infantil. Els nens\/nenes de segon van anar a explicar als alumnes de primer que el curs [&hellip;]<\/p>\n","protected":false},"author":7,"featured_media":0,"comment_status":"closed","ping_status":"closed","sticky":false,"template":"","format":"standard","meta":{"_bbp_topic_count":0,"_bbp_reply_count":0,"_bbp_total_topic_count":0,"_bbp_total_reply_count":0,"_bbp_voice_count":0,"_bbp_anonymous_reply_count":0,"_bbp_topic_count_hidden":0,"_bbp_reply_count_hidden":0,"_bbp_forum_subforum_count":0,"site-sidebar-layout":"default","site-content-layout":"","ast-site-content-layout":"","site-content-style":"default","site-sidebar-style":"default","ast-global-header-display":"","ast-banner-title-visibility":"","ast-main-header-display":"","ast-hfb-above-header-display":"","ast-hfb-below-header-display":"","ast-hfb-mobile-header-display":"","site-post-title":"","ast-breadcrumbs-content":"","ast-featured-img":"","footer-sml-layout":"","theme-transparent-header-meta":"","adv-header-id-meta":"","stick-header-meta":"","header-above-stick-meta":"","header-main-stick-meta":"","header-below-stick-meta":"","astra-migrate-meta-layouts":"default","ast-page-background-enabled":"default","ast-page-background-meta":{"desktop":{"background-color":"var(--ast-global-color-4)","background-image":"","background-repeat":"repeat","background-position":"center center","background-size":"auto","background-attachment":"scroll","background-type":"","background-media":"","overlay-type":"","overlay-color":"","overlay-opacity":"","overlay-gradient":""},"tablet":{"background-color":"","background-image":"","background-repeat":"repeat","background-position":"center center","background-size":"auto","background-attachment":"scroll","background-type":"","background-media":"","overlay-type":"","overlay-color":"","overlay-opacity":"","overlay-gradient":""},"mobile":{"background-color":"","background-image":"","background-repeat":"repeat","background-position":"center center","background-size":"auto","background-attachment":"scroll","background-type":"","background-media":"","overlay-type":"","overlay-color":"","overlay-opacity":"","overlay-gradient":""}},"ast-content-background-meta":{"desktop":{"background-color":"var(--ast-global-color-5)","background-image":"","background-repeat":"repeat","background-position":"center center","background-size":"auto","background-attachment":"scroll","background-type":"","background-media":"","overlay-type":"","overlay-color":"","overlay-opacity":"","overlay-gradient":""},"tablet":{"background-color":"var(--ast-global-color-5)","background-image":"","background-repeat":"repeat","background-position":"center center","background-size":"auto","background-attachment":"scroll","background-type":"","background-media":"","overlay-type":"","overlay-color":"","overlay-opacity":"","overlay-gradient":""},"mobile":{"background-color":"var(--ast-global-color-5)","background-image":"","background-repeat":"repeat","background-position":"center center","background-size":"auto","background-attachment":"scroll","background-type":"","background-media":"","overlay-type":"","overlay-color":"","overlay-opacity":"","overlay-gradient":""}},"footnotes":""},"categories":[15,5,30,44,4],"tags":[61,152,69,277,296],"class_list":["post-2576","post","type-post","status-publish","format-standard","hentry","category-cicle-superior","category-primaria","category-la-castanyada","category-p5","category-portada","tag-5e","tag-castanyada","tag-cicle-superior","tag-curs-2017-2018","tag-noticiari"],"post_mailing_queue_ids":[],"_links":{"self":[{"href":"https:\/\/agora.xtec.cat\/ceipsantaeulalia-berga\/wp-json\/wp\/v2\/posts\/2576","targetHints":{"allow":["GET"]}}],"collection":[{"href":"https:\/\/agora.xtec.cat\/ceipsantaeulalia-berga\/wp-json\/wp\/v2\/posts"}],"about":[{"href":"https:\/\/agora.xtec.cat\/ceipsantaeulalia-berga\/wp-json\/wp\/v2\/types\/post"}],"author":[{"embeddable":true,"href":"https:\/\/agora.xtec.cat\/ceipsantaeulalia-berga\/wp-json\/wp\/v2\/users\/7"}],"replies":[{"embeddable":true,"href":"https:\/\/agora.xtec.cat\/ceipsantaeulalia-berga\/wp-json\/wp\/v2\/comments?post=2576"}],"version-history":[{"count":1,"href":"https:\/\/agora.xtec.cat\/ceipsantaeulalia-berga\/wp-json\/wp\/v2\/posts\/2576\/revisions"}],"predecessor-version":[{"id":2578,"href":"https:\/\/agora.xtec.cat\/ceipsantaeulalia-berga\/wp-json\/wp\/v2\/posts\/2576\/revisions\/2578"}],"wp:attachment":[{"href":"https:\/\/agora.xtec.cat\/ceipsantaeulalia-berga\/wp-json\/wp\/v2\/media?parent=2576"}],"wp:term":[{"taxonomy":"category","embeddable":true,"href":"https:\/\/agora.xtec.cat\/ceipsantaeulalia-berga\/wp-json\/wp\/v2\/categories?post=2576"},{"taxonomy":"post_tag","embeddable":true,"href":"https:\/\/agora.xtec.cat\/ceipsantaeulalia-berga\/wp-json\/wp\/v2\/tags?post=2576"}],"curies":[{"name":"wp","href":"https:\/\/api.w.org\/{rel}","templated":true}]}}