{"id":976,"date":"2018-03-08T15:50:29","date_gmt":"2018-03-08T14:50:29","guid":{"rendered":"http:\/\/agora.xtec.cat\/ceipsantacreudecalafell\/?p=976"},"modified":"2019-02-08T14:46:15","modified_gmt":"2019-02-08T13:46:15","slug":"dona-la-nota-amb-persones-iguals","status":"publish","type":"post","link":"https:\/\/agora.xtec.cat\/ceipsantacreudecalafell\/general\/dona-la-nota-amb-persones-iguals\/","title":{"rendered":"D\u00f3na la Nota amb persones iguals"},"content":{"rendered":"<p><a href=\"http:\/\/agora.xtec.cat\/ceipsantacreudecalafell\/wp-content\/uploads\/usu1567\/2018\/03\/donalanota.jpg\"><img loading=\"lazy\" decoding=\"async\" class=\"wp-image-987 aligncenter\" src=\"http:\/\/agora.xtec.cat\/ceipsantacreudecalafell\/wp-content\/uploads\/usu1567\/2018\/03\/donalanota.jpg\" alt=\"\" width=\"147\" height=\"136\" \/><\/a><\/p>\n<div style=\"text-align: justify;\">\n<p>A l<b>&#8216;Escola Sta Creu de Calafell\u00a0<\/b>hem celebrat el\u00a0<b>Dia de la Dona<\/b>\u00a0unint-nos a la campanya\u00a0<b>D\u00f3na la Nota<\/b>, promoguda pel\u00a0<b>Camp d&#8217;Aprenentatge Pau Casals<\/b>.<\/p>\n<\/div>\n<div style=\"text-align: justify;\">\n<p>Hem sortit\u00a0al pati de l&#8217;escola a celebrar aquest acte unes 500 persones,entre alumnes i mestres. All\u00e0 hem escoltat el conte\u00a0<i>La Petita Ciutat de la Igualtat<\/i>, llegit per unes alumnes de sis\u00e8 i despr\u00e9s hem cantat la can\u00e7\u00f3\u00a0<b>Persones Iguals<\/b>. Amb aquesta can\u00e7\u00f3 reivindiquem la\u00a0<b>igualtat de g\u00e8nere,\u00a0<\/b>com han fet a les m\u00e9s de 130 escoles que han participat a la campanya.<\/p>\n<\/div>\n<div style=\"text-align: justify;\">\n<p>Tamb\u00e9 hem pogut llegir una pancarta que han preparat els alumnes de l&#8217;escola explicant perqu\u00e8 es celebra el Dia de la Dona el 8 de mar\u00e7.<\/p>\n<p><span style=\"color: #515151;\"><b>#donalanota #personesiguals<\/b><\/span><\/p>\n<\/div>\n<div style=\"text-align: justify;\"><\/div>\n<!--[if lt IE 9]><script>document.createElement('audio');<\/script><![endif]-->\n<audio class=\"wp-audio-shortcode\" id=\"audio-976-1\" preload=\"none\" style=\"width: 100%;\" controls=\"controls\"><source type=\"audio\/mpeg\" src=\"http:\/\/agora.xtec.cat\/ceipsantacreudecalafell\/wp-content\/uploads\/usu1567\/2018\/03\/AUD-20180307-WA00081.mp3?_=1\" \/><a href=\"http:\/\/agora.xtec.cat\/ceipsantacreudecalafell\/wp-content\/uploads\/usu1567\/2018\/03\/AUD-20180307-WA00081.mp3\">http:\/\/agora.xtec.cat\/ceipsantacreudecalafell\/wp-content\/uploads\/usu1567\/2018\/03\/AUD-20180307-WA00081.mp3<\/a><\/audio>\n<p><a href=\"http:\/\/agora.xtec.cat\/ceipsantacreudecalafell\/wp-content\/uploads\/usu1567\/2018\/03\/20180308_105028.jpg\"><img loading=\"lazy\" decoding=\"async\" class=\"wp-image-985 aligncenter\" src=\"http:\/\/agora.xtec.cat\/ceipsantacreudecalafell\/wp-content\/uploads\/usu1567\/2018\/03\/20180308_105028-1024x614.jpg\" alt=\"\" width=\"305\" height=\"183\" \/><\/a><\/p>\n<p><a href=\"http:\/\/agora.xtec.cat\/ceipsantacreudecalafell\/wp-content\/uploads\/usu1567\/2018\/03\/20180308_104944.jpg\"><img loading=\"lazy\" decoding=\"async\" class=\"wp-image-984 aligncenter\" src=\"http:\/\/agora.xtec.cat\/ceipsantacreudecalafell\/wp-content\/uploads\/usu1567\/2018\/03\/20180308_104944-614x1024.jpg\" alt=\"\" width=\"249\" height=\"416\" \/><\/a><br \/>\n<a href=\"http:\/\/agora.xtec.cat\/ceipsantacreudecalafell\/wp-content\/uploads\/usu1567\/2018\/03\/20180307_093616.jpg\"><img loading=\"lazy\" decoding=\"async\" class=\"wp-image-983 aligncenter\" src=\"http:\/\/agora.xtec.cat\/ceipsantacreudecalafell\/wp-content\/uploads\/usu1567\/2018\/03\/20180307_093616-1024x614.jpg\" alt=\"\" width=\"300\" height=\"180\" \/><\/a><\/p>\n<p><a href=\"http:\/\/agora.xtec.cat\/ceipsantacreudecalafell\/wp-content\/uploads\/usu1567\/2018\/03\/20180307_093012.jpg\"><img loading=\"lazy\" decoding=\"async\" class=\"wp-image-980 aligncenter\" src=\"http:\/\/agora.xtec.cat\/ceipsantacreudecalafell\/wp-content\/uploads\/usu1567\/2018\/03\/20180307_093012-1024x614.jpg\" alt=\"\" width=\"301\" height=\"181\" \/><\/a><\/p>\n<p><a href=\"http:\/\/agora.xtec.cat\/ceipsantacreudecalafell\/wp-content\/uploads\/usu1567\/2018\/03\/20180307_093005.jpg\"><img loading=\"lazy\" decoding=\"async\" class=\"wp-image-979 aligncenter\" src=\"http:\/\/agora.xtec.cat\/ceipsantacreudecalafell\/wp-content\/uploads\/usu1567\/2018\/03\/20180307_093005-1024x614.jpg\" alt=\"\" width=\"294\" height=\"176\" \/><\/a><\/p>\n<p><a href=\"http:\/\/agora.xtec.cat\/ceipsantacreudecalafell\/wp-content\/uploads\/usu1567\/2018\/03\/IMG-20180308-WA00131.jpg\"><img loading=\"lazy\" decoding=\"async\" class=\" wp-image-992 aligncenter\" src=\"http:\/\/agora.xtec.cat\/ceipsantacreudecalafell\/wp-content\/uploads\/usu1567\/2018\/03\/IMG-20180308-WA00131-1024x847.jpg\" alt=\"\" width=\"292\" height=\"241\" \/><\/a><\/p>\n<h3><\/h3>\n","protected":false},"excerpt":{"rendered":"<p>A l&#8216;Escola Sta Creu de Calafell\u00a0hem celebrat el\u00a0Dia de la Dona\u00a0unint-nos a la campanya\u00a0D\u00f3na la Nota, promoguda pel\u00a0Camp d&#8217;Aprenentatge Pau Casals. Hem sortit\u00a0al pati de l&#8217;escola a celebrar aquest acte unes 500 persones,entre alumnes i mestres. All\u00e0 hem escoltat el conte\u00a0La Petita Ciutat de la Igualtat, llegit per unes alumnes de sis\u00e8 i despr\u00e9s hem [&hellip;]<\/p>\n","protected":false},"author":1,"featured_media":0,"comment_status":"open","ping_status":"closed","sticky":true,"template":"","format":"standard","meta":{"_bbp_topic_count":0,"_bbp_reply_count":0,"_bbp_total_topic_count":0,"_bbp_total_reply_count":0,"_bbp_voice_count":0,"_bbp_anonymous_reply_count":0,"_bbp_topic_count_hidden":0,"_bbp_reply_count_hidden":0,"_bbp_forum_subforum_count":0,"site-sidebar-layout":"default","site-content-layout":"","ast-site-content-layout":"","site-content-style":"default","site-sidebar-style":"default","ast-global-header-display":"","ast-banner-title-visibility":"","ast-main-header-display":"","ast-hfb-above-header-display":"","ast-hfb-below-header-display":"","ast-hfb-mobile-header-display":"","site-post-title":"","ast-breadcrumbs-content":"","ast-featured-img":"","footer-sml-layout":"","theme-transparent-header-meta":"","adv-header-id-meta":"","stick-header-meta":"","header-above-stick-meta":"","header-main-stick-meta":"","header-below-stick-meta":"","astra-migrate-meta-layouts":"default","ast-page-background-enabled":"default","ast-page-background-meta":{"desktop":{"background-color":"var(--ast-global-color-4)","background-image":"","background-repeat":"repeat","background-position":"center center","background-size":"auto","background-attachment":"scroll","background-type":"","background-media":"","overlay-type":"","overlay-color":"","overlay-opacity":"","overlay-gradient":""},"tablet":{"background-color":"","background-image":"","background-repeat":"repeat","background-position":"center center","background-size":"auto","background-attachment":"scroll","background-type":"","background-media":"","overlay-type":"","overlay-color":"","overlay-opacity":"","overlay-gradient":""},"mobile":{"background-color":"","background-image":"","background-repeat":"repeat","background-position":"center center","background-size":"auto","background-attachment":"scroll","background-type":"","background-media":"","overlay-type":"","overlay-color":"","overlay-opacity":"","overlay-gradient":""}},"ast-content-background-meta":{"desktop":{"background-color":"var(--ast-global-color-5)","background-image":"","background-repeat":"repeat","background-position":"center center","background-size":"auto","background-attachment":"scroll","background-type":"","background-media":"","overlay-type":"","overlay-color":"","overlay-opacity":"","overlay-gradient":""},"tablet":{"background-color":"var(--ast-global-color-5)","background-image":"","background-repeat":"repeat","background-position":"center center","background-size":"auto","background-attachment":"scroll","background-type":"","background-media":"","overlay-type":"","overlay-color":"","overlay-opacity":"","overlay-gradient":""},"mobile":{"background-color":"var(--ast-global-color-5)","background-image":"","background-repeat":"repeat","background-position":"center center","background-size":"auto","background-attachment":"scroll","background-type":"","background-media":"","overlay-type":"","overlay-color":"","overlay-opacity":"","overlay-gradient":""}},"footnotes":""},"categories":[1,2,4,5],"tags":[75,76],"class_list":["post-976","post","type-post","status-publish","format-standard","hentry","category-general","category-infantil","category-portada","category-primaria","tag-donalanota","tag-personesiguals"],"post_mailing_queue_ids":[],"_links":{"self":[{"href":"https:\/\/agora.xtec.cat\/ceipsantacreudecalafell\/wp-json\/wp\/v2\/posts\/976","targetHints":{"allow":["GET"]}}],"collection":[{"href":"https:\/\/agora.xtec.cat\/ceipsantacreudecalafell\/wp-json\/wp\/v2\/posts"}],"about":[{"href":"https:\/\/agora.xtec.cat\/ceipsantacreudecalafell\/wp-json\/wp\/v2\/types\/post"}],"author":[{"embeddable":true,"href":"https:\/\/agora.xtec.cat\/ceipsantacreudecalafell\/wp-json\/wp\/v2\/users\/1"}],"replies":[{"embeddable":true,"href":"https:\/\/agora.xtec.cat\/ceipsantacreudecalafell\/wp-json\/wp\/v2\/comments?post=976"}],"version-history":[{"count":4,"href":"https:\/\/agora.xtec.cat\/ceipsantacreudecalafell\/wp-json\/wp\/v2\/posts\/976\/revisions"}],"predecessor-version":[{"id":993,"href":"https:\/\/agora.xtec.cat\/ceipsantacreudecalafell\/wp-json\/wp\/v2\/posts\/976\/revisions\/993"}],"wp:attachment":[{"href":"https:\/\/agora.xtec.cat\/ceipsantacreudecalafell\/wp-json\/wp\/v2\/media?parent=976"}],"wp:term":[{"taxonomy":"category","embeddable":true,"href":"https:\/\/agora.xtec.cat\/ceipsantacreudecalafell\/wp-json\/wp\/v2\/categories?post=976"},{"taxonomy":"post_tag","embeddable":true,"href":"https:\/\/agora.xtec.cat\/ceipsantacreudecalafell\/wp-json\/wp\/v2\/tags?post=976"}],"curies":[{"name":"wp","href":"https:\/\/api.w.org\/{rel}","templated":true}]}}