{"id":861,"date":"2021-06-03T09:15:11","date_gmt":"2021-06-03T07:15:11","guid":{"rendered":"http:\/\/agora.xtec.cat\/ceipsantacreudecalafell\/?p=861"},"modified":"2021-06-03T16:11:37","modified_gmt":"2021-06-03T14:11:37","slug":"activitats-de-reforc-destiu-6e-de-primaria","status":"publish","type":"post","link":"https:\/\/agora.xtec.cat\/ceipsantacreudecalafell\/portada\/activitats-de-reforc-destiu-6e-de-primaria\/","title":{"rendered":"Activitats de refor\u00e7 d&#8217;estiu 6\u00e8 de Prim\u00e0ria"},"content":{"rendered":"<p>Aqu\u00ed teniu les feines de refor\u00e7 d&#8217;estiu per descarregar, dirigit als alumnes que acaben 6\u00e8 de Prim\u00e0ria.<\/p>\n<p><a href=\"https:\/\/drive.google.com\/file\/d\/0B4dvzCrqc7ljNW9vYkljbE9Bamc\/view?usp=sharing\">Matem\u00e0tiques<\/a><\/p>\n<p><a href=\"https:\/\/drive.google.com\/file\/d\/0B4dvzCrqc7ljMXBZZ2hMT29HdDg\/view?usp=sharing\">Catal\u00e0<\/a><\/p>\n<p><a href=\"https:\/\/drive.google.com\/file\/d\/0B4dvzCrqc7ljeHZfS2owbWM1TTQ\/view?usp=sharing\">Castell\u00e0<\/a><\/p>\n<p>Tamb\u00e9 si voleu repassar les mat\u00e8ries (Matem\u00e0tiques, Catal\u00e0, Castell\u00e0 i Angl\u00e8s) d&#8217;una manera m\u00e9s divertida podeu entrar <a href=\"http:\/\/www.edu365.cat\/\">en aquest link<\/a> i teniu un munt de jocs i activitats.<\/p>\n<p>Des del Departament tamb\u00e9 s&#8217;ofereix un enlla\u00e7 amb o<span style=\"font-family: inherit; font-size: 1em;\">rientacions, propostes i models d&#8217;activitats i recursos adre\u00e7ades als centres per a la realitzaci\u00f3 de les activitats de refor\u00e7 d&#8217;estiu per a l&#8217;alumnat de 6\u00e8 d&#8217;educaci\u00f3 prim\u00e0ria. En <a href=\"http:\/\/xtec.gencat.cat\/ca\/curriculum\/primaria\/orientacions\/activitatsestiu\/index.html\">aquest enlla\u00e7<\/a> teniu m\u00e9s informaci\u00f3.<\/span><\/p>\n<div id=\"8c72649f-4026-11e5-8cca-000c291c997a\" class=\"fpca_article pd-15\">\n<div class=\"llistat_collapse\">\n<div id=\"acordio_distribuidora\" class=\"panel-group llistat_collapse_cont\"><\/div>\n<\/div>\n<\/div>\n<div id=\"8c9ef2e9-4026-11e5-8cca-000c291c997a\" class=\"fpca_article pd-15\">\n<div>\n<div>\n<div class=\"row\">\n<div class=\"basic_text col-xs-12 pd-30 off-margin-bottom pd-15\"><\/div>\n<div class=\"basic_text_peq col-xs-12\">\n<div class=\"pd-15x\">\n<div class=\"nav-menu nav-menu-style-1\"><\/div>\n<\/div>\n<\/div>\n<\/div>\n<\/div>\n<\/div>\n<\/div>\n","protected":false},"excerpt":{"rendered":"<p>Aqu\u00ed teniu les feines de refor\u00e7 d&#8217;estiu per descarregar, dirigit als alumnes que acaben 6\u00e8 de Prim\u00e0ria. Matem\u00e0tiques Catal\u00e0 Castell\u00e0 Tamb\u00e9 si voleu repassar les mat\u00e8ries (Matem\u00e0tiques, Catal\u00e0, Castell\u00e0 i Angl\u00e8s) d&#8217;una manera m\u00e9s divertida podeu entrar en aquest link i teniu un munt de jocs i activitats. Des del Departament tamb\u00e9 s&#8217;ofereix un enlla\u00e7 [&hellip;]<\/p>\n","protected":false},"author":1,"featured_media":0,"comment_status":"open","ping_status":"closed","sticky":true,"template":"","format":"standard","meta":{"_bbp_topic_count":0,"_bbp_reply_count":0,"_bbp_total_topic_count":0,"_bbp_total_reply_count":0,"_bbp_voice_count":0,"_bbp_anonymous_reply_count":0,"_bbp_topic_count_hidden":0,"_bbp_reply_count_hidden":0,"_bbp_forum_subforum_count":0,"site-sidebar-layout":"default","site-content-layout":"","ast-site-content-layout":"","site-content-style":"default","site-sidebar-style":"default","ast-global-header-display":"","ast-banner-title-visibility":"","ast-main-header-display":"","ast-hfb-above-header-display":"","ast-hfb-below-header-display":"","ast-hfb-mobile-header-display":"","site-post-title":"","ast-breadcrumbs-content":"","ast-featured-img":"","footer-sml-layout":"","theme-transparent-header-meta":"","adv-header-id-meta":"","stick-header-meta":"","header-above-stick-meta":"","header-main-stick-meta":"","header-below-stick-meta":"","astra-migrate-meta-layouts":"default","ast-page-background-enabled":"default","ast-page-background-meta":{"desktop":{"background-color":"var(--ast-global-color-4)","background-image":"","background-repeat":"repeat","background-position":"center center","background-size":"auto","background-attachment":"scroll","background-type":"","background-media":"","overlay-type":"","overlay-color":"","overlay-opacity":"","overlay-gradient":""},"tablet":{"background-color":"","background-image":"","background-repeat":"repeat","background-position":"center center","background-size":"auto","background-attachment":"scroll","background-type":"","background-media":"","overlay-type":"","overlay-color":"","overlay-opacity":"","overlay-gradient":""},"mobile":{"background-color":"","background-image":"","background-repeat":"repeat","background-position":"center center","background-size":"auto","background-attachment":"scroll","background-type":"","background-media":"","overlay-type":"","overlay-color":"","overlay-opacity":"","overlay-gradient":""}},"ast-content-background-meta":{"desktop":{"background-color":"var(--ast-global-color-5)","background-image":"","background-repeat":"repeat","background-position":"center center","background-size":"auto","background-attachment":"scroll","background-type":"","background-media":"","overlay-type":"","overlay-color":"","overlay-opacity":"","overlay-gradient":""},"tablet":{"background-color":"var(--ast-global-color-5)","background-image":"","background-repeat":"repeat","background-position":"center center","background-size":"auto","background-attachment":"scroll","background-type":"","background-media":"","overlay-type":"","overlay-color":"","overlay-opacity":"","overlay-gradient":""},"mobile":{"background-color":"var(--ast-global-color-5)","background-image":"","background-repeat":"repeat","background-position":"center center","background-size":"auto","background-attachment":"scroll","background-type":"","background-media":"","overlay-type":"","overlay-color":"","overlay-opacity":"","overlay-gradient":""}},"footnotes":""},"categories":[15,4],"tags":[],"class_list":["post-861","post","type-post","status-publish","format-standard","hentry","category-6e","category-portada"],"post_mailing_queue_ids":[],"_links":{"self":[{"href":"https:\/\/agora.xtec.cat\/ceipsantacreudecalafell\/wp-json\/wp\/v2\/posts\/861","targetHints":{"allow":["GET"]}}],"collection":[{"href":"https:\/\/agora.xtec.cat\/ceipsantacreudecalafell\/wp-json\/wp\/v2\/posts"}],"about":[{"href":"https:\/\/agora.xtec.cat\/ceipsantacreudecalafell\/wp-json\/wp\/v2\/types\/post"}],"author":[{"embeddable":true,"href":"https:\/\/agora.xtec.cat\/ceipsantacreudecalafell\/wp-json\/wp\/v2\/users\/1"}],"replies":[{"embeddable":true,"href":"https:\/\/agora.xtec.cat\/ceipsantacreudecalafell\/wp-json\/wp\/v2\/comments?post=861"}],"version-history":[{"count":3,"href":"https:\/\/agora.xtec.cat\/ceipsantacreudecalafell\/wp-json\/wp\/v2\/posts\/861\/revisions"}],"predecessor-version":[{"id":2076,"href":"https:\/\/agora.xtec.cat\/ceipsantacreudecalafell\/wp-json\/wp\/v2\/posts\/861\/revisions\/2076"}],"wp:attachment":[{"href":"https:\/\/agora.xtec.cat\/ceipsantacreudecalafell\/wp-json\/wp\/v2\/media?parent=861"}],"wp:term":[{"taxonomy":"category","embeddable":true,"href":"https:\/\/agora.xtec.cat\/ceipsantacreudecalafell\/wp-json\/wp\/v2\/categories?post=861"},{"taxonomy":"post_tag","embeddable":true,"href":"https:\/\/agora.xtec.cat\/ceipsantacreudecalafell\/wp-json\/wp\/v2\/tags?post=861"}],"curies":[{"name":"wp","href":"https:\/\/api.w.org\/{rel}","templated":true}]}}