{"id":4502,"date":"2026-02-03T13:42:49","date_gmt":"2026-02-03T12:42:49","guid":{"rendered":"https:\/\/agora.xtec.cat\/ceipsantacreudecalafell\/?p=4502"},"modified":"2026-02-03T13:45:22","modified_gmt":"2026-02-03T12:45:22","slug":"espurneta-de-la-pau","status":"publish","type":"post","link":"https:\/\/agora.xtec.cat\/ceipsantacreudecalafell\/general\/espurneta-de-la-pau\/","title":{"rendered":"Espurneta de la Pau"},"content":{"rendered":"<p style=\"text-align: center;\"><span style=\"color: #0000ff;\"><strong>Espurneta de la Pau &#8220;Caladrac&#8221;<\/strong><\/span><a href=\"https:\/\/agora.xtec.cat\/ceipsantacreudecalafell\/wp-content\/uploads\/usu1567\/2026\/02\/espurneta-color.png\"><img loading=\"lazy\" decoding=\"async\" class=\"wp-image-4503 aligncenter\" src=\"https:\/\/agora.xtec.cat\/ceipsantacreudecalafell\/wp-content\/uploads\/usu1567\/2026\/02\/espurneta-color.png\" alt=\"\" width=\"277\" height=\"158\" srcset=\"https:\/\/agora.xtec.cat\/ceipsantacreudecalafell\/wp-content\/uploads\/usu1567\/2026\/02\/espurneta-color.png 1344w, https:\/\/agora.xtec.cat\/ceipsantacreudecalafell\/wp-content\/uploads\/usu1567\/2026\/02\/espurneta-color-300x171.png 300w, https:\/\/agora.xtec.cat\/ceipsantacreudecalafell\/wp-content\/uploads\/usu1567\/2026\/02\/espurneta-color-1024x585.png 1024w, https:\/\/agora.xtec.cat\/ceipsantacreudecalafell\/wp-content\/uploads\/usu1567\/2026\/02\/espurneta-color-768x439.png 768w\" sizes=\"auto, (max-width: 277px) 100vw, 277px\" \/><\/a><\/p>\n<p>El dia 30 de gener \u00e9s el <strong>Dia de la Pau i No Viol\u00e8ncia<\/strong>. Durant aquesta setmana a l&#8217;escola s&#8217;han realitzat diferents activitats (recitar poemes, cantar can\u00e7ons, ballar, pintar, retallar&#8230;)<\/p>\n<p>Avui divendres al mat\u00ed hem omplert aquest mural tan bonic amb tots els alumnes de l&#8217;escola!<\/p>\n<p><a href=\"https:\/\/agora.xtec.cat\/ceipsantacreudecalafell\/wp-content\/uploads\/usu1567\/2026\/02\/Mural-Espurneta-de-la-Pau.png\"><img loading=\"lazy\" decoding=\"async\" class=\"alignnone size-full wp-image-4508\" src=\"https:\/\/agora.xtec.cat\/ceipsantacreudecalafell\/wp-content\/uploads\/usu1567\/2026\/02\/Mural-Espurneta-de-la-Pau.png\" alt=\"\" width=\"788\" height=\"422\" srcset=\"https:\/\/agora.xtec.cat\/ceipsantacreudecalafell\/wp-content\/uploads\/usu1567\/2026\/02\/Mural-Espurneta-de-la-Pau.png 788w, https:\/\/agora.xtec.cat\/ceipsantacreudecalafell\/wp-content\/uploads\/usu1567\/2026\/02\/Mural-Espurneta-de-la-Pau-300x161.png 300w, https:\/\/agora.xtec.cat\/ceipsantacreudecalafell\/wp-content\/uploads\/usu1567\/2026\/02\/Mural-Espurneta-de-la-Pau-768x411.png 768w\" sizes=\"auto, (max-width: 788px) 100vw, 788px\" \/><\/a><\/p>\n<p><a href=\"https:\/\/agora.xtec.cat\/ceipsantacreudecalafell\/wp-content\/uploads\/usu1567\/2026\/02\/mural-3.png\"><img loading=\"lazy\" decoding=\"async\" class=\"alignnone wp-image-4510\" src=\"https:\/\/agora.xtec.cat\/ceipsantacreudecalafell\/wp-content\/uploads\/usu1567\/2026\/02\/mural-3.png\" alt=\"\" width=\"401\" height=\"228\" srcset=\"https:\/\/agora.xtec.cat\/ceipsantacreudecalafell\/wp-content\/uploads\/usu1567\/2026\/02\/mural-3.png 842w, https:\/\/agora.xtec.cat\/ceipsantacreudecalafell\/wp-content\/uploads\/usu1567\/2026\/02\/mural-3-300x171.png 300w, https:\/\/agora.xtec.cat\/ceipsantacreudecalafell\/wp-content\/uploads\/usu1567\/2026\/02\/mural-3-768x437.png 768w\" sizes=\"auto, (max-width: 401px) 100vw, 401px\" \/><\/a><\/p>\n<p><a href=\"https:\/\/agora.xtec.cat\/ceipsantacreudecalafell\/wp-content\/uploads\/usu1567\/2026\/02\/Mural_1.png\"><img loading=\"lazy\" decoding=\"async\" class=\"alignnone wp-image-4511\" src=\"https:\/\/agora.xtec.cat\/ceipsantacreudecalafell\/wp-content\/uploads\/usu1567\/2026\/02\/Mural_1.png\" alt=\"\" width=\"400\" height=\"385\" srcset=\"https:\/\/agora.xtec.cat\/ceipsantacreudecalafell\/wp-content\/uploads\/usu1567\/2026\/02\/Mural_1.png 474w, https:\/\/agora.xtec.cat\/ceipsantacreudecalafell\/wp-content\/uploads\/usu1567\/2026\/02\/Mural_1-300x289.png 300w\" sizes=\"auto, (max-width: 400px) 100vw, 400px\" \/><\/a><\/p>\n<p><a href=\"https:\/\/agora.xtec.cat\/ceipsantacreudecalafell\/wp-content\/uploads\/usu1567\/2026\/02\/mural_2.png\"><img loading=\"lazy\" decoding=\"async\" class=\"alignnone wp-image-4512\" src=\"https:\/\/agora.xtec.cat\/ceipsantacreudecalafell\/wp-content\/uploads\/usu1567\/2026\/02\/mural_2.png\" alt=\"\" width=\"399\" height=\"405\" srcset=\"https:\/\/agora.xtec.cat\/ceipsantacreudecalafell\/wp-content\/uploads\/usu1567\/2026\/02\/mural_2.png 433w, https:\/\/agora.xtec.cat\/ceipsantacreudecalafell\/wp-content\/uploads\/usu1567\/2026\/02\/mural_2-295x300.png 295w\" sizes=\"auto, (max-width: 399px) 100vw, 399px\" \/><\/a><\/p>\n<p>I per la tarda, hem rebut l&#8217;Associaci\u00f3 cultural de Calafell <strong><span style=\"color: #339966;\">&#8220;Espurna del drac de Calafell&#8221;<\/span><\/strong> i hem pogut veure de molt a prop la nostra Espurneta amb el so dels timbals. Entre tots els alumnes de l&#8217;escola hem triat el seu nom <strong><span style=\"color: #0000ff;\">CALADRAC<\/span><\/strong>!!<\/p>\n<p><a href=\"https:\/\/agora.xtec.cat\/ceipsantacreudecalafell\/wp-content\/uploads\/usu1567\/2026\/02\/Espurna-Caladrac.png\"><img loading=\"lazy\" decoding=\"async\" class=\"alignnone wp-image-4505\" src=\"https:\/\/agora.xtec.cat\/ceipsantacreudecalafell\/wp-content\/uploads\/usu1567\/2026\/02\/Espurna-Caladrac.png\" alt=\"\" width=\"400\" height=\"214\" srcset=\"https:\/\/agora.xtec.cat\/ceipsantacreudecalafell\/wp-content\/uploads\/usu1567\/2026\/02\/Espurna-Caladrac.png 811w, https:\/\/agora.xtec.cat\/ceipsantacreudecalafell\/wp-content\/uploads\/usu1567\/2026\/02\/Espurna-Caladrac-300x161.png 300w, https:\/\/agora.xtec.cat\/ceipsantacreudecalafell\/wp-content\/uploads\/usu1567\/2026\/02\/Espurna-Caladrac-768x411.png 768w\" sizes=\"auto, (max-width: 400px) 100vw, 400px\" \/><\/a>\u00a0 <a href=\"https:\/\/agora.xtec.cat\/ceipsantacreudecalafell\/wp-content\/uploads\/usu1567\/2026\/02\/Espurneta-Caladrac-2.png\"><img loading=\"lazy\" decoding=\"async\" class=\"alignnone wp-image-4506\" src=\"https:\/\/agora.xtec.cat\/ceipsantacreudecalafell\/wp-content\/uploads\/usu1567\/2026\/02\/Espurneta-Caladrac-2.png\" alt=\"\" width=\"400\" height=\"244\" srcset=\"https:\/\/agora.xtec.cat\/ceipsantacreudecalafell\/wp-content\/uploads\/usu1567\/2026\/02\/Espurneta-Caladrac-2.png 598w, https:\/\/agora.xtec.cat\/ceipsantacreudecalafell\/wp-content\/uploads\/usu1567\/2026\/02\/Espurneta-Caladrac-2-300x183.png 300w\" sizes=\"auto, (max-width: 400px) 100vw, 400px\" \/><\/a><\/p>\n<p>L&#8217;Associaci\u00f3 ens ha regalat la figureta que tindrem molt a prop a la nostra escola.<\/p>\n<p><a href=\"https:\/\/agora.xtec.cat\/ceipsantacreudecalafell\/wp-content\/uploads\/usu1567\/2026\/02\/IMG-20260130-WA0018.jpg\"><img loading=\"lazy\" decoding=\"async\" class=\"alignnone wp-image-4509\" src=\"https:\/\/agora.xtec.cat\/ceipsantacreudecalafell\/wp-content\/uploads\/usu1567\/2026\/02\/IMG-20260130-WA0018.jpg\" alt=\"\" width=\"400\" height=\"414\" srcset=\"https:\/\/agora.xtec.cat\/ceipsantacreudecalafell\/wp-content\/uploads\/usu1567\/2026\/02\/IMG-20260130-WA0018.jpg 780w, https:\/\/agora.xtec.cat\/ceipsantacreudecalafell\/wp-content\/uploads\/usu1567\/2026\/02\/IMG-20260130-WA0018-290x300.jpg 290w, https:\/\/agora.xtec.cat\/ceipsantacreudecalafell\/wp-content\/uploads\/usu1567\/2026\/02\/IMG-20260130-WA0018-768x796.jpg 768w\" sizes=\"auto, (max-width: 400px) 100vw, 400px\" \/><\/a><\/p>\n","protected":false},"excerpt":{"rendered":"<p>Espurneta de la Pau &#8220;Caladrac&#8221; El dia 30 de gener \u00e9s el Dia de la Pau i No Viol\u00e8ncia. Durant aquesta setmana a l&#8217;escola s&#8217;han realitzat diferents activitats (recitar poemes, cantar can\u00e7ons, ballar, pintar, retallar&#8230;) Avui divendres al mat\u00ed hem omplert aquest mural tan bonic amb tots els alumnes de l&#8217;escola! I per la tarda, [&hellip;]<\/p>\n","protected":false},"author":1,"featured_media":0,"comment_status":"open","ping_status":"open","sticky":true,"template":"","format":"standard","meta":{"_bbp_topic_count":0,"_bbp_reply_count":0,"_bbp_total_topic_count":0,"_bbp_total_reply_count":0,"_bbp_voice_count":0,"_bbp_anonymous_reply_count":0,"_bbp_topic_count_hidden":0,"_bbp_reply_count_hidden":0,"_bbp_forum_subforum_count":0,"site-sidebar-layout":"default","site-content-layout":"","ast-site-content-layout":"","site-content-style":"default","site-sidebar-style":"default","ast-global-header-display":"","ast-banner-title-visibility":"","ast-main-header-display":"","ast-hfb-above-header-display":"","ast-hfb-below-header-display":"","ast-hfb-mobile-header-display":"","site-post-title":"","ast-breadcrumbs-content":"","ast-featured-img":"","footer-sml-layout":"","theme-transparent-header-meta":"","adv-header-id-meta":"","stick-header-meta":"","header-above-stick-meta":"","header-main-stick-meta":"","header-below-stick-meta":"","astra-migrate-meta-layouts":"default","ast-page-background-enabled":"default","ast-page-background-meta":{"desktop":{"background-color":"var(--ast-global-color-4)","background-image":"","background-repeat":"repeat","background-position":"center center","background-size":"auto","background-attachment":"scroll","background-type":"","background-media":"","overlay-type":"","overlay-color":"","overlay-opacity":"","overlay-gradient":""},"tablet":{"background-color":"","background-image":"","background-repeat":"repeat","background-position":"center center","background-size":"auto","background-attachment":"scroll","background-type":"","background-media":"","overlay-type":"","overlay-color":"","overlay-opacity":"","overlay-gradient":""},"mobile":{"background-color":"","background-image":"","background-repeat":"repeat","background-position":"center center","background-size":"auto","background-attachment":"scroll","background-type":"","background-media":"","overlay-type":"","overlay-color":"","overlay-opacity":"","overlay-gradient":""}},"ast-content-background-meta":{"desktop":{"background-color":"var(--ast-global-color-5)","background-image":"","background-repeat":"repeat","background-position":"center center","background-size":"auto","background-attachment":"scroll","background-type":"","background-media":"","overlay-type":"","overlay-color":"","overlay-opacity":"","overlay-gradient":""},"tablet":{"background-color":"var(--ast-global-color-5)","background-image":"","background-repeat":"repeat","background-position":"center center","background-size":"auto","background-attachment":"scroll","background-type":"","background-media":"","overlay-type":"","overlay-color":"","overlay-opacity":"","overlay-gradient":""},"mobile":{"background-color":"var(--ast-global-color-5)","background-image":"","background-repeat":"repeat","background-position":"center center","background-size":"auto","background-attachment":"scroll","background-type":"","background-media":"","overlay-type":"","overlay-color":"","overlay-opacity":"","overlay-gradient":""}},"footnotes":""},"categories":[1,2,4,5],"tags":[],"class_list":["post-4502","post","type-post","status-publish","format-standard","hentry","category-general","category-infantil","category-portada","category-primaria"],"post_mailing_queue_ids":[],"_links":{"self":[{"href":"https:\/\/agora.xtec.cat\/ceipsantacreudecalafell\/wp-json\/wp\/v2\/posts\/4502","targetHints":{"allow":["GET"]}}],"collection":[{"href":"https:\/\/agora.xtec.cat\/ceipsantacreudecalafell\/wp-json\/wp\/v2\/posts"}],"about":[{"href":"https:\/\/agora.xtec.cat\/ceipsantacreudecalafell\/wp-json\/wp\/v2\/types\/post"}],"author":[{"embeddable":true,"href":"https:\/\/agora.xtec.cat\/ceipsantacreudecalafell\/wp-json\/wp\/v2\/users\/1"}],"replies":[{"embeddable":true,"href":"https:\/\/agora.xtec.cat\/ceipsantacreudecalafell\/wp-json\/wp\/v2\/comments?post=4502"}],"version-history":[{"count":2,"href":"https:\/\/agora.xtec.cat\/ceipsantacreudecalafell\/wp-json\/wp\/v2\/posts\/4502\/revisions"}],"predecessor-version":[{"id":4514,"href":"https:\/\/agora.xtec.cat\/ceipsantacreudecalafell\/wp-json\/wp\/v2\/posts\/4502\/revisions\/4514"}],"wp:attachment":[{"href":"https:\/\/agora.xtec.cat\/ceipsantacreudecalafell\/wp-json\/wp\/v2\/media?parent=4502"}],"wp:term":[{"taxonomy":"category","embeddable":true,"href":"https:\/\/agora.xtec.cat\/ceipsantacreudecalafell\/wp-json\/wp\/v2\/categories?post=4502"},{"taxonomy":"post_tag","embeddable":true,"href":"https:\/\/agora.xtec.cat\/ceipsantacreudecalafell\/wp-json\/wp\/v2\/tags?post=4502"}],"curies":[{"name":"wp","href":"https:\/\/api.w.org\/{rel}","templated":true}]}}