{"id":4309,"date":"2025-04-22T14:46:26","date_gmt":"2025-04-22T12:46:26","guid":{"rendered":"https:\/\/agora.xtec.cat\/ceipsantacreudecalafell\/?p=4309"},"modified":"2025-04-22T14:46:26","modified_gmt":"2025-04-22T12:46:26","slug":"ajut-de-menjador-curs-2025-2026","status":"publish","type":"post","link":"https:\/\/agora.xtec.cat\/ceipsantacreudecalafell\/infantil\/ajut-de-menjador-curs-2025-2026\/","title":{"rendered":"Ajut de menjador curs 2025-2026"},"content":{"rendered":"<h6 class=\"selectable text-bold ng-tns-c8-4\" style=\"box-sizing: border-box; -webkit-tap-highlight-color: transparent; margin-bottom: 8px; font-weight: 400; line-height: 1.2; font-size: 16px; margin-top: 0px; user-select: text; font-family: Nunito-Bold !important; text-align: justify;\"><span style=\"font-size: 1em; -webkit-tap-highlight-color: transparent; font-family: Arial, sans-serif;\">Avui dia <\/span><span style=\"font-size: 1em; -webkit-tap-highlight-color: transparent;\"><span style=\"-webkit-tap-highlight-color: transparent; font-weight: bold; font-family: Arial, sans-serif;\">22 d&#8217;abril <\/span><\/span><span style=\"font-size: 1em; -webkit-tap-highlight-color: transparent; font-family: Arial, sans-serif;\">s&#8217;obre el termini per presentar l\u2019ajut de menjador del\u00a0<\/span><span style=\"font-size: 1em; -webkit-tap-highlight-color: transparent;\"><span style=\"-webkit-tap-highlight-color: transparent; font-weight: bold; font-family: Arial, sans-serif;\">curs 2025-2026.<\/span><\/span><\/h6>\n<div class=\"selectable ng-tns-c8-4\" style=\"box-sizing: border-box; -webkit-tap-highlight-color: transparent; user-select: text; width: 294px;\">\n<p style=\"box-sizing: border-box; -webkit-tap-highlight-color: transparent; margin: 0cm; font-family: 'Liberation Serif', serif; text-align: justify;\"><span style=\"box-sizing: border-box; -webkit-tap-highlight-color: transparent; font-family: Arial, sans-serif;\">Us enviem l&#8217;enlla\u00e7 a la p\u00e0gina web del Consell Comarcal del Baix Pened\u00e8s on es troba tota la informaci\u00f3 i el link per poder fer la sol\u00b7licitud telem\u00e0tica que estar\u00e0 actiu des del mateix dia 22. Tamb\u00e9 est\u00e0 el bot\u00f3 per sol\u00b7licitar cita pr\u00e8via si es vol presentar al registre de forma presencial.<\/span><\/p>\n<p><br style=\"box-sizing: border-box; -webkit-tap-highlight-color: transparent;\" \/><\/p>\n<p style=\"box-sizing: border-box; -webkit-tap-highlight-color: transparent; margin: 0cm; font-family: 'Liberation Serif', serif; text-align: justify;\"><span style=\"box-sizing: border-box; -webkit-tap-highlight-color: transparent; font-family: Arial, sans-serif;\">La documentaci\u00f3 i la sol\u00b7licitud tamb\u00e9 es pot trobar a la web per poder descarregar-la. Tamb\u00e9, la gent que ho necessiti, pot passar pel Consell i recollir-la tamb\u00e9.\u00a0<\/span><\/p>\n<p style=\"box-sizing: border-box; -webkit-tap-highlight-color: transparent; margin: 0cm; font-family: 'Liberation Serif', serif; text-align: justify;\"><span style=\"box-sizing: border-box; -webkit-tap-highlight-color: transparent; font-family: Arial, sans-serif;\">\u00a0<\/span><\/p>\n<p style=\"box-sizing: border-box; -webkit-tap-highlight-color: transparent; margin: 0cm; font-family: 'Liberation Serif', serif; text-align: justify;\"><a style=\"box-sizing: border-box; -webkit-tap-highlight-color: transparent; touch-action: manipulation; text-decoration: none; background-color: transparent; color: #1155cc; font-family: Arial, Helvetica, sans-serif;\" href=\"https:\/\/app.dinantia.com\/api\/system\/track_link\/hhP8zcHFgkj2\/16712663?original_url=https%3A%2F%2Fbaixpenedes.cat%2Frecerca%2Fserveis%2Fciutada%2Feducacio%2Fmenjador-escolar\" target=\"_blank\" rel=\"noreferrer noopener\">Convocat\u00f2ria ajuts de menjador curs 2025-2026<\/a><\/p>\n<div style=\"box-sizing: border-box; -webkit-tap-highlight-color: transparent;\">\n<p style=\"box-sizing: border-box; -webkit-tap-highlight-color: transparent; margin-top: 0px; margin-bottom: 1rem;\"><a style=\"box-sizing: border-box; -webkit-tap-highlight-color: transparent; touch-action: manipulation; text-decoration: none; background-color: transparent; color: #ff4453;\" href=\"https:\/\/app.dinantia.com\/api\/system\/track_link\/hhP8zcHFgkj2\/16712664?original_url=https%3A%2F%2Fbaixpenedes.cat%2Frecerca%2Fserveis%2Fciutada%2Feducacio%2Fmenjador-escolar\" target=\"_blank\" rel=\"noreferrer noopener\">https:\/\/baixpenedes.cat\/recerca\/serveis\/ciutada\/educacio\/menjador-escolar<\/a><\/p>\n<\/div>\n<div style=\"box-sizing: border-box; -webkit-tap-highlight-color: transparent;\">\n<p style=\"box-sizing: border-box; -webkit-tap-highlight-color: transparent; margin-top: 0px; margin-bottom: 1rem;\">Per qualsevol dubte us podeu posar en contacte amb nosaltres.<\/p>\n<\/div>\n<\/div>\n","protected":false},"excerpt":{"rendered":"<p>Beca menjador <\/p>\n","protected":false},"author":1,"featured_media":0,"comment_status":"open","ping_status":"closed","sticky":true,"template":"","format":"standard","meta":{"_bbp_topic_count":0,"_bbp_reply_count":0,"_bbp_total_topic_count":0,"_bbp_total_reply_count":0,"_bbp_voice_count":0,"_bbp_anonymous_reply_count":0,"_bbp_topic_count_hidden":0,"_bbp_reply_count_hidden":0,"_bbp_forum_subforum_count":0,"site-sidebar-layout":"default","site-content-layout":"","ast-site-content-layout":"","site-content-style":"default","site-sidebar-style":"default","ast-global-header-display":"","ast-banner-title-visibility":"","ast-main-header-display":"","ast-hfb-above-header-display":"","ast-hfb-below-header-display":"","ast-hfb-mobile-header-display":"","site-post-title":"","ast-breadcrumbs-content":"","ast-featured-img":"","footer-sml-layout":"","theme-transparent-header-meta":"","adv-header-id-meta":"","stick-header-meta":"","header-above-stick-meta":"","header-main-stick-meta":"","header-below-stick-meta":"","astra-migrate-meta-layouts":"default","ast-page-background-enabled":"default","ast-page-background-meta":{"desktop":{"background-color":"var(--ast-global-color-4)","background-image":"","background-repeat":"repeat","background-position":"center center","background-size":"auto","background-attachment":"scroll","background-type":"","background-media":"","overlay-type":"","overlay-color":"","overlay-opacity":"","overlay-gradient":""},"tablet":{"background-color":"","background-image":"","background-repeat":"repeat","background-position":"center center","background-size":"auto","background-attachment":"scroll","background-type":"","background-media":"","overlay-type":"","overlay-color":"","overlay-opacity":"","overlay-gradient":""},"mobile":{"background-color":"","background-image":"","background-repeat":"repeat","background-position":"center center","background-size":"auto","background-attachment":"scroll","background-type":"","background-media":"","overlay-type":"","overlay-color":"","overlay-opacity":"","overlay-gradient":""}},"ast-content-background-meta":{"desktop":{"background-color":"var(--ast-global-color-5)","background-image":"","background-repeat":"repeat","background-position":"center center","background-size":"auto","background-attachment":"scroll","background-type":"","background-media":"","overlay-type":"","overlay-color":"","overlay-opacity":"","overlay-gradient":""},"tablet":{"background-color":"var(--ast-global-color-5)","background-image":"","background-repeat":"repeat","background-position":"center center","background-size":"auto","background-attachment":"scroll","background-type":"","background-media":"","overlay-type":"","overlay-color":"","overlay-opacity":"","overlay-gradient":""},"mobile":{"background-color":"var(--ast-global-color-5)","background-image":"","background-repeat":"repeat","background-position":"center center","background-size":"auto","background-attachment":"scroll","background-type":"","background-media":"","overlay-type":"","overlay-color":"","overlay-opacity":"","overlay-gradient":""}},"footnotes":""},"categories":[2,58,4,5],"tags":[80],"class_list":["post-4309","post","type-post","status-publish","format-standard","hentry","category-infantil","category-menjador-escolar","category-portada","category-primaria","tag-beques-menjador"],"post_mailing_queue_ids":[],"_links":{"self":[{"href":"https:\/\/agora.xtec.cat\/ceipsantacreudecalafell\/wp-json\/wp\/v2\/posts\/4309","targetHints":{"allow":["GET"]}}],"collection":[{"href":"https:\/\/agora.xtec.cat\/ceipsantacreudecalafell\/wp-json\/wp\/v2\/posts"}],"about":[{"href":"https:\/\/agora.xtec.cat\/ceipsantacreudecalafell\/wp-json\/wp\/v2\/types\/post"}],"author":[{"embeddable":true,"href":"https:\/\/agora.xtec.cat\/ceipsantacreudecalafell\/wp-json\/wp\/v2\/users\/1"}],"replies":[{"embeddable":true,"href":"https:\/\/agora.xtec.cat\/ceipsantacreudecalafell\/wp-json\/wp\/v2\/comments?post=4309"}],"version-history":[{"count":1,"href":"https:\/\/agora.xtec.cat\/ceipsantacreudecalafell\/wp-json\/wp\/v2\/posts\/4309\/revisions"}],"predecessor-version":[{"id":4310,"href":"https:\/\/agora.xtec.cat\/ceipsantacreudecalafell\/wp-json\/wp\/v2\/posts\/4309\/revisions\/4310"}],"wp:attachment":[{"href":"https:\/\/agora.xtec.cat\/ceipsantacreudecalafell\/wp-json\/wp\/v2\/media?parent=4309"}],"wp:term":[{"taxonomy":"category","embeddable":true,"href":"https:\/\/agora.xtec.cat\/ceipsantacreudecalafell\/wp-json\/wp\/v2\/categories?post=4309"},{"taxonomy":"post_tag","embeddable":true,"href":"https:\/\/agora.xtec.cat\/ceipsantacreudecalafell\/wp-json\/wp\/v2\/tags?post=4309"}],"curies":[{"name":"wp","href":"https:\/\/api.w.org\/{rel}","templated":true}]}}