{"id":3924,"date":"2024-04-10T10:02:59","date_gmt":"2024-04-10T08:02:59","guid":{"rendered":"https:\/\/agora.xtec.cat\/ceipsantacreudecalafell\/?p=3924"},"modified":"2024-04-10T10:04:47","modified_gmt":"2024-04-10T08:04:47","slug":"tagradaria-veure-les-obres-de-teatre-de-2n","status":"publish","type":"post","link":"https:\/\/agora.xtec.cat\/ceipsantacreudecalafell\/portada\/tagradaria-veure-les-obres-de-teatre-de-2n\/","title":{"rendered":"T&#8217;agradaria veure les obres de teatre de 2n?"},"content":{"rendered":"<p>Els alumnes de 2n aquesta setmana han participat al <span style=\"color: #ff0000;\">45\u00e8 Festival de Teatre Infantil i juvenil del Baix Pened\u00e8s.<\/span> Els alumnes han estat al Teatre T\u00e0g (Teatre Municipal \u00c0ngel Guimer\u00e0 del Vendrell) on han representat les diferents obres de teatre. Esperem que us agradin les obres!!<\/p>\n<div dir=\"auto\">L&#8217;<span style=\"color: #0000ff;\">alumnat de 2n A<\/span> va representar l&#8217;obra de <span style=\"color: #0000ff;\">les caputxetes i els llops<\/span>!<\/div>\n<div dir=\"auto\">Van gaudir molt i ho van fer genial!!! Podeu comprovar-ho vosaltres mateixos, visualitzant aqu\u00ed la representaci\u00f3 teatral.<\/div>\n<p><a href=\"https:\/\/agora.xtec.cat\/ceipsantacreudecalafell\/wp-content\/uploads\/usu1567\/2024\/04\/20240410_070127-COLLAGE-scaled.jpg\"><img loading=\"lazy\" decoding=\"async\" class=\"alignnone wp-image-3925\" src=\"https:\/\/agora.xtec.cat\/ceipsantacreudecalafell\/wp-content\/uploads\/usu1567\/2024\/04\/20240410_070127-COLLAGE-scaled.jpg\" alt=\"\" width=\"500\" height=\"666\" srcset=\"https:\/\/agora.xtec.cat\/ceipsantacreudecalafell\/wp-content\/uploads\/usu1567\/2024\/04\/20240410_070127-COLLAGE-scaled.jpg 1923w, https:\/\/agora.xtec.cat\/ceipsantacreudecalafell\/wp-content\/uploads\/usu1567\/2024\/04\/20240410_070127-COLLAGE-225x300.jpg 225w, https:\/\/agora.xtec.cat\/ceipsantacreudecalafell\/wp-content\/uploads\/usu1567\/2024\/04\/20240410_070127-COLLAGE-769x1024.jpg 769w, https:\/\/agora.xtec.cat\/ceipsantacreudecalafell\/wp-content\/uploads\/usu1567\/2024\/04\/20240410_070127-COLLAGE-768x1022.jpg 768w, https:\/\/agora.xtec.cat\/ceipsantacreudecalafell\/wp-content\/uploads\/usu1567\/2024\/04\/20240410_070127-COLLAGE-1154x1536.jpg 1154w, https:\/\/agora.xtec.cat\/ceipsantacreudecalafell\/wp-content\/uploads\/usu1567\/2024\/04\/20240410_070127-COLLAGE-1538x2048.jpg 1538w\" sizes=\"auto, (max-width: 500px) 100vw, 500px\" \/><\/a><\/p>\n<div class=\"ast-oembed-container \" style=\"height: 100%;\"><iframe loading=\"lazy\" title=\"Teatre Les caputxetes i els llops 2n A\" width=\"500\" height=\"281\" src=\"https:\/\/www.youtube.com\/embed\/Y-B6Aa8nHe8?feature=oembed\" frameborder=\"0\" allow=\"accelerometer; autoplay; clipboard-write; encrypted-media; gyroscope; picture-in-picture; web-share\" referrerpolicy=\"strict-origin-when-cross-origin\" allowfullscreen><\/iframe><\/div>\n<div dir=\"auto\">L&#8217;<span style=\"color: #ff6600;\">alumnat de 2n B<\/span> va representar l&#8217;obra de <span style=\"color: #ff6600;\">les veritats d&#8217;en Pinotxo<\/span>!<\/div>\n<div dir=\"auto\">Van gaudir molt i ho van fer genial!!! Podeu comprovar-ho vosaltres mateixos, visualitzant aqu\u00ed la representaci\u00f3 teatral.<\/div>\n<p><a href=\"https:\/\/agora.xtec.cat\/ceipsantacreudecalafell\/wp-content\/uploads\/usu1567\/2024\/04\/20240410_070241-COLLAGE-scaled.jpg\"><img loading=\"lazy\" decoding=\"async\" class=\"alignnone wp-image-3926\" src=\"https:\/\/agora.xtec.cat\/ceipsantacreudecalafell\/wp-content\/uploads\/usu1567\/2024\/04\/20240410_070241-COLLAGE-scaled.jpg\" alt=\"\" width=\"500\" height=\"666\" srcset=\"https:\/\/agora.xtec.cat\/ceipsantacreudecalafell\/wp-content\/uploads\/usu1567\/2024\/04\/20240410_070241-COLLAGE-scaled.jpg 1923w, https:\/\/agora.xtec.cat\/ceipsantacreudecalafell\/wp-content\/uploads\/usu1567\/2024\/04\/20240410_070241-COLLAGE-225x300.jpg 225w, https:\/\/agora.xtec.cat\/ceipsantacreudecalafell\/wp-content\/uploads\/usu1567\/2024\/04\/20240410_070241-COLLAGE-769x1024.jpg 769w, https:\/\/agora.xtec.cat\/ceipsantacreudecalafell\/wp-content\/uploads\/usu1567\/2024\/04\/20240410_070241-COLLAGE-768x1022.jpg 768w, https:\/\/agora.xtec.cat\/ceipsantacreudecalafell\/wp-content\/uploads\/usu1567\/2024\/04\/20240410_070241-COLLAGE-1154x1536.jpg 1154w, https:\/\/agora.xtec.cat\/ceipsantacreudecalafell\/wp-content\/uploads\/usu1567\/2024\/04\/20240410_070241-COLLAGE-1538x2048.jpg 1538w\" sizes=\"auto, (max-width: 500px) 100vw, 500px\" \/><\/a><\/p>\n<div class=\"ast-oembed-container \" style=\"height: 100%;\"><iframe loading=\"lazy\" title=\"Teatre Les veritats d&#039;en Pinotxo 2n B\" width=\"500\" height=\"281\" src=\"https:\/\/www.youtube.com\/embed\/sb_gqcA7Frc?feature=oembed\" frameborder=\"0\" allow=\"accelerometer; autoplay; clipboard-write; encrypted-media; gyroscope; picture-in-picture; web-share\" referrerpolicy=\"strict-origin-when-cross-origin\" allowfullscreen><\/iframe><\/div>\n<div dir=\"auto\">L&#8217;<span style=\"color: #339966;\">alumnat de 2n C<\/span> va representar l&#8217;obra de <span style=\"color: #339966;\">la Blancaneus i els 7 nans polits<\/span>!<\/div>\n<div dir=\"auto\">Van gaudir molt i ho van fer genial!!! Podeu comprovar-ho vosaltres mateixos, visualitzant aqu\u00ed la representaci\u00f3 teatral.<\/div>\n<p><a href=\"https:\/\/agora.xtec.cat\/ceipsantacreudecalafell\/wp-content\/uploads\/usu1567\/2024\/04\/20240410_070401-COLLAGE-scaled.jpg\"><img loading=\"lazy\" decoding=\"async\" class=\"alignnone wp-image-3927\" src=\"https:\/\/agora.xtec.cat\/ceipsantacreudecalafell\/wp-content\/uploads\/usu1567\/2024\/04\/20240410_070401-COLLAGE-scaled.jpg\" alt=\"\" width=\"499\" height=\"664\" srcset=\"https:\/\/agora.xtec.cat\/ceipsantacreudecalafell\/wp-content\/uploads\/usu1567\/2024\/04\/20240410_070401-COLLAGE-scaled.jpg 1923w, https:\/\/agora.xtec.cat\/ceipsantacreudecalafell\/wp-content\/uploads\/usu1567\/2024\/04\/20240410_070401-COLLAGE-225x300.jpg 225w, https:\/\/agora.xtec.cat\/ceipsantacreudecalafell\/wp-content\/uploads\/usu1567\/2024\/04\/20240410_070401-COLLAGE-769x1024.jpg 769w, https:\/\/agora.xtec.cat\/ceipsantacreudecalafell\/wp-content\/uploads\/usu1567\/2024\/04\/20240410_070401-COLLAGE-768x1022.jpg 768w, https:\/\/agora.xtec.cat\/ceipsantacreudecalafell\/wp-content\/uploads\/usu1567\/2024\/04\/20240410_070401-COLLAGE-1154x1536.jpg 1154w, https:\/\/agora.xtec.cat\/ceipsantacreudecalafell\/wp-content\/uploads\/usu1567\/2024\/04\/20240410_070401-COLLAGE-1538x2048.jpg 1538w\" sizes=\"auto, (max-width: 499px) 100vw, 499px\" \/><\/a><\/p>\n<div class=\"ast-oembed-container \" style=\"height: 100%;\"><iframe loading=\"lazy\" title=\"Teatre La Blancaneus i els 7 nans polits 2n C\" width=\"500\" height=\"281\" src=\"https:\/\/www.youtube.com\/embed\/OU_wzfa314w?feature=oembed\" frameborder=\"0\" allow=\"accelerometer; autoplay; clipboard-write; encrypted-media; gyroscope; picture-in-picture; web-share\" referrerpolicy=\"strict-origin-when-cross-origin\" allowfullscreen><\/iframe><\/div>\n<p>&nbsp;<\/p>\n","protected":false},"excerpt":{"rendered":"<p>Els alumnes de 2n aquesta setmana han participat al 45\u00e8 Festival de Teatre Infantil i juvenil del Baix Pened\u00e8s. Els alumnes han estat al Teatre T\u00e0g (Teatre Municipal \u00c0ngel Guimer\u00e0 del Vendrell) on han representat les diferents obres de teatre. Esperem que us agradin les obres!! L&#8217;alumnat de 2n A va representar l&#8217;obra de les [&hellip;]<\/p>\n","protected":false},"author":1,"featured_media":0,"comment_status":"open","ping_status":"closed","sticky":true,"template":"","format":"standard","meta":{"_bbp_topic_count":0,"_bbp_reply_count":0,"_bbp_total_topic_count":0,"_bbp_total_reply_count":0,"_bbp_voice_count":0,"_bbp_anonymous_reply_count":0,"_bbp_topic_count_hidden":0,"_bbp_reply_count_hidden":0,"_bbp_forum_subforum_count":0,"site-sidebar-layout":"default","site-content-layout":"","ast-site-content-layout":"","site-content-style":"default","site-sidebar-style":"default","ast-global-header-display":"","ast-banner-title-visibility":"","ast-main-header-display":"","ast-hfb-above-header-display":"","ast-hfb-below-header-display":"","ast-hfb-mobile-header-display":"","site-post-title":"","ast-breadcrumbs-content":"","ast-featured-img":"","footer-sml-layout":"","theme-transparent-header-meta":"","adv-header-id-meta":"","stick-header-meta":"","header-above-stick-meta":"","header-main-stick-meta":"","header-below-stick-meta":"","astra-migrate-meta-layouts":"default","ast-page-background-enabled":"default","ast-page-background-meta":{"desktop":{"background-color":"var(--ast-global-color-4)","background-image":"","background-repeat":"repeat","background-position":"center center","background-size":"auto","background-attachment":"scroll","background-type":"","background-media":"","overlay-type":"","overlay-color":"","overlay-opacity":"","overlay-gradient":""},"tablet":{"background-color":"","background-image":"","background-repeat":"repeat","background-position":"center center","background-size":"auto","background-attachment":"scroll","background-type":"","background-media":"","overlay-type":"","overlay-color":"","overlay-opacity":"","overlay-gradient":""},"mobile":{"background-color":"","background-image":"","background-repeat":"repeat","background-position":"center center","background-size":"auto","background-attachment":"scroll","background-type":"","background-media":"","overlay-type":"","overlay-color":"","overlay-opacity":"","overlay-gradient":""}},"ast-content-background-meta":{"desktop":{"background-color":"var(--ast-global-color-5)","background-image":"","background-repeat":"repeat","background-position":"center center","background-size":"auto","background-attachment":"scroll","background-type":"","background-media":"","overlay-type":"","overlay-color":"","overlay-opacity":"","overlay-gradient":""},"tablet":{"background-color":"var(--ast-global-color-5)","background-image":"","background-repeat":"repeat","background-position":"center center","background-size":"auto","background-attachment":"scroll","background-type":"","background-media":"","overlay-type":"","overlay-color":"","overlay-opacity":"","overlay-gradient":""},"mobile":{"background-color":"var(--ast-global-color-5)","background-image":"","background-repeat":"repeat","background-position":"center center","background-size":"auto","background-attachment":"scroll","background-type":"","background-media":"","overlay-type":"","overlay-color":"","overlay-opacity":"","overlay-gradient":""}},"footnotes":""},"categories":[11,165,4],"tags":[211],"class_list":["post-3924","post","type-post","status-publish","format-standard","hentry","category-2n","category-2n-2","category-portada","tag-teatre"],"post_mailing_queue_ids":[],"_links":{"self":[{"href":"https:\/\/agora.xtec.cat\/ceipsantacreudecalafell\/wp-json\/wp\/v2\/posts\/3924","targetHints":{"allow":["GET"]}}],"collection":[{"href":"https:\/\/agora.xtec.cat\/ceipsantacreudecalafell\/wp-json\/wp\/v2\/posts"}],"about":[{"href":"https:\/\/agora.xtec.cat\/ceipsantacreudecalafell\/wp-json\/wp\/v2\/types\/post"}],"author":[{"embeddable":true,"href":"https:\/\/agora.xtec.cat\/ceipsantacreudecalafell\/wp-json\/wp\/v2\/users\/1"}],"replies":[{"embeddable":true,"href":"https:\/\/agora.xtec.cat\/ceipsantacreudecalafell\/wp-json\/wp\/v2\/comments?post=3924"}],"version-history":[{"count":4,"href":"https:\/\/agora.xtec.cat\/ceipsantacreudecalafell\/wp-json\/wp\/v2\/posts\/3924\/revisions"}],"predecessor-version":[{"id":3931,"href":"https:\/\/agora.xtec.cat\/ceipsantacreudecalafell\/wp-json\/wp\/v2\/posts\/3924\/revisions\/3931"}],"wp:attachment":[{"href":"https:\/\/agora.xtec.cat\/ceipsantacreudecalafell\/wp-json\/wp\/v2\/media?parent=3924"}],"wp:term":[{"taxonomy":"category","embeddable":true,"href":"https:\/\/agora.xtec.cat\/ceipsantacreudecalafell\/wp-json\/wp\/v2\/categories?post=3924"},{"taxonomy":"post_tag","embeddable":true,"href":"https:\/\/agora.xtec.cat\/ceipsantacreudecalafell\/wp-json\/wp\/v2\/tags?post=3924"}],"curies":[{"name":"wp","href":"https:\/\/api.w.org\/{rel}","templated":true}]}}