{"id":3587,"date":"2023-06-21T17:57:50","date_gmt":"2023-06-21T15:57:50","guid":{"rendered":"https:\/\/agora.xtec.cat\/ceipsantacreudecalafell\/?p=3587"},"modified":"2023-06-26T18:04:23","modified_gmt":"2023-06-26T16:04:23","slug":"100-euros-per-bescanviar-en-material-escolar","status":"publish","type":"post","link":"https:\/\/agora.xtec.cat\/ceipsantacreudecalafell\/portada\/100-euros-per-bescanviar-en-material-escolar\/","title":{"rendered":"100 euros per bescanviar en material escolar"},"content":{"rendered":"<p><a href=\"https:\/\/agora.xtec.cat\/ceipsantacreudecalafell\/wp-content\/uploads\/usu1567\/2023\/06\/IMG-20230621-WA0018.jpg\"><img loading=\"lazy\" decoding=\"async\" src=\"https:\/\/agora.xtec.cat\/ceipsantacreudecalafell\/wp-content\/uploads\/usu1567\/2023\/06\/IMG-20230621-WA0018.jpg\" alt=\"\" width=\"800\" height=\"156\" \/><\/a><\/p>\n<div class=\"row val__intro__presentation\" style=\"font-family: Helvetica, Arial, sans-serif; transition: all 0.3s ease-in-out 0s; display: flex; flex-wrap: wrap; margin-right: -15px; margin-left: -15px; padding-bottom: 2rem; color: #212529; background-color: #f5f5f5;\">\n<div class=\"col-lg-6\" style=\"font-family: var(--val-font-family); transition: all 0.3s ease-in-out 0s; position: relative; width: 384px; padding-right: 15px; padding-left: 15px;\">\n<p style=\"font-family: var(--val-font-family); transition: all 0.3s ease-in-out 0s; margin-bottom: 1rem; color: var(--val-grey-text); font-size: 1.25rem;\">El\u00a0<span style=\"font-family: var(--val-font-family); transition: all 0.3s ease-in-out 0s; font-weight: 600; color: var(--val-black);\">val escolar de 100 euros<\/span>\u00a0s\u2019adre\u00e7a a les fam\u00edlies amb alumnes que el curs 2023-2024 facin entre 1r i 6\u00e8 de prim\u00e0ria en centres p\u00fablics o concertats.<\/p>\n<\/div>\n<\/div>\n<div class=\"row val__intro__textblocs d-flex align-items-stretch\" style=\"font-family: Helvetica, Arial, sans-serif; transition: all 0.3s ease-in-out 0s; flex-wrap: wrap; margin-right: -15px; margin-left: -15px; color: #212529; background-color: #f5f5f5; display: flex !important; align-items: stretch !important;\">\n<div class=\"col-md-6 col-lg-3\" style=\"font-family: var(--val-font-family); transition: all 0.3s ease-in-out 0s; position: relative; width: 384px; padding-right: 15px; padding-left: 15px;\">\n<div class=\"val__intro__card val__intro__card--requeriments\" style=\"font-family: var(--val-font-family); transition: all 0.5s ease 0s; height: 249px; margin-bottom: 2rem;\">\n<div style=\"font-family: var(--val-font-family); transition: all 0.3s ease-in-out 0s; margin-bottom: 1rem;\"><img decoding=\"async\" style=\"font-family: var(--val-font-family); transition: all 0.3s ease-in-out 0s; vertical-align: middle; border-style: none;\" src=\"https:\/\/valescolar.cat\/front\/img\/icona-recepcio.svg\" alt=\"icona carta\" \/><\/div>\n<h4 style=\"font-family: var(--val-font-family); transition: all 0.3s ease-in-out 0s; margin-top: 0px; margin-bottom: 1rem; font-weight: 300; line-height: 1.2; font-size: 1.25rem;\">Recepci\u00f3 dels vals<\/h4>\n<p style=\"font-family: var(--val-font-family); transition: all 0.3s ease-in-out 0s; margin-bottom: 0px; color: var(--val-grey-text);\">Durant el mes de juliol, els enviarem a casa dels infants amb les dades i instruccions d&#8217;\u00fas. Tamb\u00e9 es podran obtenir per aquest web.<\/p>\n<\/div>\n<\/div>\n<div class=\"col-md-6 col-lg-3\" style=\"font-family: var(--val-font-family); transition: all 0.3s ease-in-out 0s; position: relative; width: 384px; padding-right: 15px; padding-left: 15px;\">\n<div class=\"val__intro__card val__intro__card--requeriments\" style=\"font-family: var(--val-font-family); transition: all 0.5s ease 0s; height: 201px; margin-bottom: 2rem;\">\n<div style=\"font-family: var(--val-font-family); transition: all 0.3s ease-in-out 0s; margin-bottom: 1rem;\"><img decoding=\"async\" style=\"font-family: var(--val-font-family); transition: all 0.3s ease-in-out 0s; vertical-align: middle; border-style: none;\" src=\"https:\/\/valescolar.cat\/front\/img\/icona-activacio.svg\" alt=\"icona check d'activaci\u00f3\" \/><\/div>\n<h4 style=\"font-family: var(--val-font-family); transition: all 0.3s ease-in-out 0s; margin-top: 0px; margin-bottom: 1rem; font-weight: 300; line-height: 1.2; font-size: 1.25rem;\">Activaci\u00f3 dels vals<\/h4>\n<p style=\"font-family: var(--val-font-family); transition: all 0.3s ease-in-out 0s; margin-bottom: 0px; color: var(--val-grey-text);\">Els vals s\u2019hauran d\u2019activar per poder ser utilitzats.<\/p>\n<\/div>\n<\/div>\n<div class=\"col-md-6 col-lg-3\" style=\"font-family: var(--val-font-family); transition: all 0.3s ease-in-out 0s; position: relative; width: 384px; padding-right: 15px; padding-left: 15px;\">\n<div class=\"val__intro__card val__intro__card--requeriments\" style=\"font-family: var(--val-font-family); transition: all 0.5s ease 0s; height: 225px; margin-bottom: 2rem;\">\n<div style=\"font-family: var(--val-font-family); transition: all 0.3s ease-in-out 0s; margin-bottom: 1rem;\"><img decoding=\"async\" style=\"font-family: var(--val-font-family); transition: all 0.3s ease-in-out 0s; vertical-align: middle; border-style: none;\" src=\"https:\/\/valescolar.cat\/front\/img\/icona-valor.svg\" alt=\"icona cartera de diners\" \/><\/div>\n<h4 style=\"font-family: var(--val-font-family); transition: all 0.3s ease-in-out 0s; margin-top: 0px; margin-bottom: 1rem; font-weight: 300; line-height: 1.2; font-size: 1.25rem;\">Valor dels vals<\/h4>\n<p style=\"font-family: var(--val-font-family); transition: all 0.3s ease-in-out 0s; margin-bottom: 0px; color: var(--val-grey-text);\">L\u2019ajut es dona en dos vals de 50 \u20ac cadascun, per fer servir alhora o en dues compres diferents.<\/p>\n<\/div>\n<\/div>\n<div class=\"col-md-6 col-lg-3\" style=\"font-family: var(--val-font-family); transition: all 0.3s ease-in-out 0s; position: relative; width: 384px; padding-right: 15px; padding-left: 15px;\">\n<div class=\"val__intro__card val__intro__card--requeriments\" style=\"font-family: var(--val-font-family); transition: all 0.5s ease 0s; height: 273px; margin-bottom: 2rem;\">\n<div style=\"font-family: var(--val-font-family); transition: all 0.3s ease-in-out 0s; margin-bottom: 1rem;\"><img decoding=\"async\" style=\"font-family: var(--val-font-family); transition: all 0.3s ease-in-out 0s; vertical-align: middle; border-style: none;\" src=\"https:\/\/valescolar.cat\/front\/img\/icona-us.svg\" alt=\"icona icona mans\" \/><\/div>\n<h4 style=\"font-family: var(--val-font-family); transition: all 0.3s ease-in-out 0s; margin-top: 0px; margin-bottom: 1rem; font-weight: 300; line-height: 1.2; font-size: 1.25rem;\">\u00das dels vals<\/h4>\n<p style=\"font-family: var(--val-font-family); transition: all 0.3s ease-in-out 0s; margin-bottom: 0px; color: var(--val-grey-text);\">Podr\u00e0s bescanviar els vals per elements d\u2019escriptura, papereria, llibres de text, literatura infantil i juvenil, diccionaris, calculadores, motxilles, estoigs i jocs educatius.<\/p>\n<\/div>\n<\/div>\n<\/div>\n<p>Per m\u00e9s informaci\u00f3 en <a href=\"https:\/\/valescolar.cat\/\">aquest enlla\u00e7<\/a><\/p>\n<p>&nbsp;<\/p>\n","protected":false},"excerpt":{"rendered":"<p>El\u00a0val escolar de 100 euros\u00a0s\u2019adre\u00e7a a les fam\u00edlies amb alumnes que el curs 2023-2024 facin entre 1r i 6\u00e8 de prim\u00e0ria en centres p\u00fablics o concertats. Recepci\u00f3 dels vals Durant el mes de juliol, els enviarem a casa dels infants amb les dades i instruccions d&#8217;\u00fas. Tamb\u00e9 es podran obtenir per aquest web. Activaci\u00f3 dels [&hellip;]<\/p>\n","protected":false},"author":1,"featured_media":3589,"comment_status":"open","ping_status":"closed","sticky":true,"template":"","format":"standard","meta":{"_bbp_topic_count":0,"_bbp_reply_count":0,"_bbp_total_topic_count":0,"_bbp_total_reply_count":0,"_bbp_voice_count":0,"_bbp_anonymous_reply_count":0,"_bbp_topic_count_hidden":0,"_bbp_reply_count_hidden":0,"_bbp_forum_subforum_count":0,"site-sidebar-layout":"default","site-content-layout":"","ast-site-content-layout":"","site-content-style":"default","site-sidebar-style":"default","ast-global-header-display":"","ast-banner-title-visibility":"","ast-main-header-display":"","ast-hfb-above-header-display":"","ast-hfb-below-header-display":"","ast-hfb-mobile-header-display":"","site-post-title":"","ast-breadcrumbs-content":"","ast-featured-img":"","footer-sml-layout":"","theme-transparent-header-meta":"","adv-header-id-meta":"","stick-header-meta":"","header-above-stick-meta":"","header-main-stick-meta":"","header-below-stick-meta":"","astra-migrate-meta-layouts":"default","ast-page-background-enabled":"default","ast-page-background-meta":{"desktop":{"background-color":"var(--ast-global-color-4)","background-image":"","background-repeat":"repeat","background-position":"center center","background-size":"auto","background-attachment":"scroll","background-type":"","background-media":"","overlay-type":"","overlay-color":"","overlay-opacity":"","overlay-gradient":""},"tablet":{"background-color":"","background-image":"","background-repeat":"repeat","background-position":"center center","background-size":"auto","background-attachment":"scroll","background-type":"","background-media":"","overlay-type":"","overlay-color":"","overlay-opacity":"","overlay-gradient":""},"mobile":{"background-color":"","background-image":"","background-repeat":"repeat","background-position":"center center","background-size":"auto","background-attachment":"scroll","background-type":"","background-media":"","overlay-type":"","overlay-color":"","overlay-opacity":"","overlay-gradient":""}},"ast-content-background-meta":{"desktop":{"background-color":"var(--ast-global-color-5)","background-image":"","background-repeat":"repeat","background-position":"center center","background-size":"auto","background-attachment":"scroll","background-type":"","background-media":"","overlay-type":"","overlay-color":"","overlay-opacity":"","overlay-gradient":""},"tablet":{"background-color":"var(--ast-global-color-5)","background-image":"","background-repeat":"repeat","background-position":"center center","background-size":"auto","background-attachment":"scroll","background-type":"","background-media":"","overlay-type":"","overlay-color":"","overlay-opacity":"","overlay-gradient":""},"mobile":{"background-color":"var(--ast-global-color-5)","background-image":"","background-repeat":"repeat","background-position":"center center","background-size":"auto","background-attachment":"scroll","background-type":"","background-media":"","overlay-type":"","overlay-color":"","overlay-opacity":"","overlay-gradient":""}},"footnotes":""},"categories":[7,4,5],"tags":[203],"class_list":["post-3587","post","type-post","status-publish","format-standard","has-post-thumbnail","hentry","category-afa","category-portada","category-primaria","tag-val-escolar"],"post_mailing_queue_ids":[],"_links":{"self":[{"href":"https:\/\/agora.xtec.cat\/ceipsantacreudecalafell\/wp-json\/wp\/v2\/posts\/3587","targetHints":{"allow":["GET"]}}],"collection":[{"href":"https:\/\/agora.xtec.cat\/ceipsantacreudecalafell\/wp-json\/wp\/v2\/posts"}],"about":[{"href":"https:\/\/agora.xtec.cat\/ceipsantacreudecalafell\/wp-json\/wp\/v2\/types\/post"}],"author":[{"embeddable":true,"href":"https:\/\/agora.xtec.cat\/ceipsantacreudecalafell\/wp-json\/wp\/v2\/users\/1"}],"replies":[{"embeddable":true,"href":"https:\/\/agora.xtec.cat\/ceipsantacreudecalafell\/wp-json\/wp\/v2\/comments?post=3587"}],"version-history":[{"count":2,"href":"https:\/\/agora.xtec.cat\/ceipsantacreudecalafell\/wp-json\/wp\/v2\/posts\/3587\/revisions"}],"predecessor-version":[{"id":3591,"href":"https:\/\/agora.xtec.cat\/ceipsantacreudecalafell\/wp-json\/wp\/v2\/posts\/3587\/revisions\/3591"}],"wp:featuredmedia":[{"embeddable":true,"href":"https:\/\/agora.xtec.cat\/ceipsantacreudecalafell\/wp-json\/wp\/v2\/media\/3589"}],"wp:attachment":[{"href":"https:\/\/agora.xtec.cat\/ceipsantacreudecalafell\/wp-json\/wp\/v2\/media?parent=3587"}],"wp:term":[{"taxonomy":"category","embeddable":true,"href":"https:\/\/agora.xtec.cat\/ceipsantacreudecalafell\/wp-json\/wp\/v2\/categories?post=3587"},{"taxonomy":"post_tag","embeddable":true,"href":"https:\/\/agora.xtec.cat\/ceipsantacreudecalafell\/wp-json\/wp\/v2\/tags?post=3587"}],"curies":[{"name":"wp","href":"https:\/\/api.w.org\/{rel}","templated":true}]}}