{"id":3442,"date":"2026-02-19T16:09:11","date_gmt":"2026-02-19T15:09:11","guid":{"rendered":"https:\/\/agora.xtec.cat\/ceipsantacreudecalafell\/?p=3442"},"modified":"2026-02-19T16:19:20","modified_gmt":"2026-02-19T15:19:20","slug":"vols-coneixer-el-codi-identificatiu-del-teu-fill-a-idalu","status":"publish","type":"post","link":"https:\/\/agora.xtec.cat\/ceipsantacreudecalafell\/portada\/vols-coneixer-el-codi-identificatiu-del-teu-fill-a-idalu\/","title":{"rendered":"Vols con\u00e8ixer el codi identificatiu del teu fill\/a (IDALU)?"},"content":{"rendered":"<p>Tots els infants que han estat matriculats en una llar d&#8217;infants o en una escola bressol a Catalunya tenen assignat un codi identificador del Registre d&#8217;alumnes de Catalunya, el RALC.<\/p>\n<p>Aquest codi es pot consultar des d&#8217;aquest mateix web, a l&#8217;apartat\u00a0<a title=\"Consulta l'identificador de l'alumne\" href=\"http:\/\/educacio.gencat.cat\/ca\/tramits\/tramits-temes\/identificador-alumne\" target=\"_blank\" rel=\"noopener\">Consulta l&#8217;identificador de l&#8217;alumne<\/a>.\u00a0Per fer la consulta i obtenir el n\u00famero d&#8217;identificador, el pare, la mare o el tutor o la tutora legal que faci el tr\u00e0mit s&#8217;ha d&#8217;autenticar electr\u00f2nicament. El portal sol\u00b7licita la\u00a0<strong>data de naixement de l&#8217;alumne<\/strong>\u00a0i, un cop validada, mostra la informaci\u00f3 en pantalla.<\/p>\n<p><strong>\u00c9s important<\/strong>\u00a0verificar tamb\u00e9 que tota la informaci\u00f3 que hi apareix \u00e9s correcta. En cas contrari, cal sol\u00b7licitar una rectificaci\u00f3 de les dades.<\/p>\n<p>En la sol\u00b7licitud de preinscripci\u00f3 s&#8217;ha de consignar aquest codi\u00a0<strong>en la casella \u00abIdentificador de l&#8217;alumne\u00bb<\/strong>\u00a0de l&#8217;apartat Dades personals de l&#8217;alumne.<\/p>\n<p><a href=\"https:\/\/educacio.gencat.cat\/ca\/tramits\/tramits-temes\/identificador-alumne\">M\u00e9s informaci\u00f3&gt;&gt;<\/a><\/p>\n","protected":false},"excerpt":{"rendered":"<p>Tots els infants que han estat matriculats en una llar d&#8217;infants o en una escola bressol a Catalunya tenen assignat un codi identificador del Registre d&#8217;alumnes de Catalunya, el RALC. Aquest codi es pot consultar des d&#8217;aquest mateix web, a l&#8217;apartat\u00a0Consulta l&#8217;identificador de l&#8217;alumne.\u00a0Per fer la consulta i obtenir el n\u00famero d&#8217;identificador, el pare, la [&hellip;]<\/p>\n","protected":false},"author":1,"featured_media":0,"comment_status":"open","ping_status":"closed","sticky":true,"template":"","format":"standard","meta":{"_bbp_topic_count":0,"_bbp_reply_count":0,"_bbp_total_topic_count":0,"_bbp_total_reply_count":0,"_bbp_voice_count":0,"_bbp_anonymous_reply_count":0,"_bbp_topic_count_hidden":0,"_bbp_reply_count_hidden":0,"_bbp_forum_subforum_count":0,"site-sidebar-layout":"default","site-content-layout":"","ast-site-content-layout":"","site-content-style":"default","site-sidebar-style":"default","ast-global-header-display":"","ast-banner-title-visibility":"","ast-main-header-display":"","ast-hfb-above-header-display":"","ast-hfb-below-header-display":"","ast-hfb-mobile-header-display":"","site-post-title":"","ast-breadcrumbs-content":"","ast-featured-img":"","footer-sml-layout":"","theme-transparent-header-meta":"","adv-header-id-meta":"","stick-header-meta":"","header-above-stick-meta":"","header-main-stick-meta":"","header-below-stick-meta":"","astra-migrate-meta-layouts":"default","ast-page-background-enabled":"default","ast-page-background-meta":{"desktop":{"background-color":"var(--ast-global-color-4)","background-image":"","background-repeat":"repeat","background-position":"center center","background-size":"auto","background-attachment":"scroll","background-type":"","background-media":"","overlay-type":"","overlay-color":"","overlay-opacity":"","overlay-gradient":""},"tablet":{"background-color":"","background-image":"","background-repeat":"repeat","background-position":"center center","background-size":"auto","background-attachment":"scroll","background-type":"","background-media":"","overlay-type":"","overlay-color":"","overlay-opacity":"","overlay-gradient":""},"mobile":{"background-color":"","background-image":"","background-repeat":"repeat","background-position":"center center","background-size":"auto","background-attachment":"scroll","background-type":"","background-media":"","overlay-type":"","overlay-color":"","overlay-opacity":"","overlay-gradient":""}},"ast-content-background-meta":{"desktop":{"background-color":"var(--ast-global-color-5)","background-image":"","background-repeat":"repeat","background-position":"center center","background-size":"auto","background-attachment":"scroll","background-type":"","background-media":"","overlay-type":"","overlay-color":"","overlay-opacity":"","overlay-gradient":""},"tablet":{"background-color":"var(--ast-global-color-5)","background-image":"","background-repeat":"repeat","background-position":"center center","background-size":"auto","background-attachment":"scroll","background-type":"","background-media":"","overlay-type":"","overlay-color":"","overlay-opacity":"","overlay-gradient":""},"mobile":{"background-color":"var(--ast-global-color-5)","background-image":"","background-repeat":"repeat","background-position":"center center","background-size":"auto","background-attachment":"scroll","background-type":"","background-media":"","overlay-type":"","overlay-color":"","overlay-opacity":"","overlay-gradient":""}},"footnotes":""},"categories":[4],"tags":[148],"class_list":["post-3442","post","type-post","status-publish","format-standard","hentry","category-portada","tag-preinscripcio-escolar"],"post_mailing_queue_ids":[],"_links":{"self":[{"href":"https:\/\/agora.xtec.cat\/ceipsantacreudecalafell\/wp-json\/wp\/v2\/posts\/3442","targetHints":{"allow":["GET"]}}],"collection":[{"href":"https:\/\/agora.xtec.cat\/ceipsantacreudecalafell\/wp-json\/wp\/v2\/posts"}],"about":[{"href":"https:\/\/agora.xtec.cat\/ceipsantacreudecalafell\/wp-json\/wp\/v2\/types\/post"}],"author":[{"embeddable":true,"href":"https:\/\/agora.xtec.cat\/ceipsantacreudecalafell\/wp-json\/wp\/v2\/users\/1"}],"replies":[{"embeddable":true,"href":"https:\/\/agora.xtec.cat\/ceipsantacreudecalafell\/wp-json\/wp\/v2\/comments?post=3442"}],"version-history":[{"count":2,"href":"https:\/\/agora.xtec.cat\/ceipsantacreudecalafell\/wp-json\/wp\/v2\/posts\/3442\/revisions"}],"predecessor-version":[{"id":3892,"href":"https:\/\/agora.xtec.cat\/ceipsantacreudecalafell\/wp-json\/wp\/v2\/posts\/3442\/revisions\/3892"}],"wp:attachment":[{"href":"https:\/\/agora.xtec.cat\/ceipsantacreudecalafell\/wp-json\/wp\/v2\/media?parent=3442"}],"wp:term":[{"taxonomy":"category","embeddable":true,"href":"https:\/\/agora.xtec.cat\/ceipsantacreudecalafell\/wp-json\/wp\/v2\/categories?post=3442"},{"taxonomy":"post_tag","embeddable":true,"href":"https:\/\/agora.xtec.cat\/ceipsantacreudecalafell\/wp-json\/wp\/v2\/tags?post=3442"}],"curies":[{"name":"wp","href":"https:\/\/api.w.org\/{rel}","templated":true}]}}